{"id":1454,"date":"2022-08-14T09:31:04","date_gmt":"2022-08-14T09:31:04","guid":{"rendered":"https:\/\/oeilsportif.info\/index.php\/?p=1454"},"modified":"2022-08-14T09:31:04","modified_gmt":"2022-08-14T09:31:04","slug":"julian-jeanvier-je-ne-suis-pas-venu-a-auxerre-par-depit","status":"publish","type":"post","link":"https:\/\/oeilsportif.info\/index.php\/julian-jeanvier-je-ne-suis-pas-venu-a-auxerre-par-depit\/","title":{"rendered":"Julian Jeanvier : \u00ab Je ne suis pas venu \u00e0 Auxerre par d\u00e9pit \u00bb"},"content":{"rendered":"<p><strong>Julian Jeanvier a anim\u00e9 ce vendredi sa premi\u00e8re conf\u00e9rence de presse d\u2019avant-match \u00e0 Auxerre. En compagnie de son entra\u00eeneur, Jean-Marc Furlan, le d\u00e9fenseur international guin\u00e9en a abord\u00e9 plusieurs sujets avec les journalistes. Il est revenu notamment sur sa d\u00e9cision de passer un essai (qui s\u2019est r\u00e9v\u00e9l\u00e9 concluant) avec l\u2019AJA (Association de la jeunesse auxerroise), ses d\u00e9buts avec le club, mais aussi son passage compliqu\u00e9 \u00e0 Brentford, en Angleterre.<\/strong><\/p>\n<p>FOOT224 vous propose ci-dessous un r\u00e9sum\u00e9 de sa conf\u00e9rence de presse :<\/p>\n<p>Sur son choix<\/p>\n<p>\u00ab J\u2019\u00e9tais en fin de contrat, mais j\u2019\u00e9tais pr\u00eat physiquement. J\u2019ai eu l\u2019opportunit\u00e9 d\u2019\u00e9changer avec Samir, le coordinateur sportif de l\u2019AJA, et le courant est bien pass\u00e9. On se connaissait d\u00e9j\u00e0 parce qu\u2019on \u00e9tait tous les deux \u00e0 Nancy, et c\u2019est parti de l\u00e0. Il m\u2019a demand\u00e9 si j\u2019\u00e9tais OK pour venir m\u2019entra\u00eener avec le club. Et moi, avec plaisir et en toute humilit\u00e9, je suis venu m\u2019entra\u00eener avec ce groupe que j\u2019ai d\u00e9couvert, un super groupe, et je me suis vite adapt\u00e9. Maintenant, il y a des objectifs \u00e0 aller chercher, c\u2019est bien de s\u2019adapter mais il va falloir gagner des matches et performer \u00bb.<\/p>\n<p>Ses d\u00e9buts avec Auxerre<\/p>\n<p>\u00ab J\u2019ai g\u00e9r\u00e9 tr\u00e8s bien mes d\u00e9buts. C\u2019\u00e9tait une belle opportunit\u00e9 pour moi d\u2019arriver peu avant le d\u00e9but du championnat pour que je puisse apprendre \u00e0 connaitre tout le monde. Donc je suis content d\u2019\u00eatre l\u00e0. Bien s\u00fbr, on aurait pu mieux commencer le championnat, mais c\u2019est un championnat aussi qu\u2019on apprend \u00e0 conna\u00eetre pour la plupart d\u2019entre nous. \u00c7a va \u00eatre un long championnat, il va falloir se mettre vite au niveau pour pouvoir atteindre les objectifs \u00bb.<\/p>\n<p>Son passage \u00e0 Brentford<\/p>\n<p>\u00ab J\u2019ai pass\u00e9 deux saisons au Stade de Reims. Et lorsqu\u2019on a acc\u00e9d\u00e9 \u00e0 la Ligue 1, j\u2019ai eu l\u2019opportunit\u00e9 d\u2019aller jouer en Angleterre. C\u2019\u00e9tait un r\u00eave d\u2019enfant pour moi que j\u2019ai pu r\u00e9aliser. Aujourd\u2019hui, je n\u2019ai aucun regret, parce que j\u2019ai d\u00e9couvert une ligue de championsphip qui a un niveau tr\u00e8s \u00e9lev\u00e9. \u00c7a m\u2019a permis aussi, pas d\u2019engranger de l\u2019exp\u00e9rience, mais d\u2019apprendre la langue. Et aujourd\u2019hui, je suis tr\u00e8s content. Malheureusement, les deux derni\u00e8res saisons j\u2019ai \u00e9t\u00e9 bless\u00e9, ce fut donc des blanches \u00bb.<\/p>\n<p>Se relancer \u00e0 Auxerre ?<\/p>\n<p>\u00ab Aujourd\u2019hui, je ne vais pas dire que je suis \u00e0 Auxerre pour me relancer, puisque \u00e7a voudrait dire qu\u2019en gros, je suis venu ici par d\u00e9pit, et ce n\u2019est pas du tout le cas. Pour moi, Auxerre, c\u2019est un club historique, et c\u2019est un club qui nous a fait r\u00eaver \u00e0 l\u2019\u00e9poque de Djibril Ciss\u00e9 et tout. C\u2019est une fiert\u00e9 et un honneur pour moi de repr\u00e9senter l\u2019AJA. La place du club est en Ligue 1, on se doit de maintenir en Ligue 1 \u00bb<\/p>\n<p><strong>Source : Foot224<\/strong><\/p>\n<p>&nbsp;<\/p>\n","protected":false},"excerpt":{"rendered":"<p>Julian Jeanvier a anim\u00e9 ce vendredi sa premi\u00e8re conf\u00e9rence de presse d\u2019avant-match \u00e0 Auxerre. En compagnie de son entra\u00eeneur, Jean-Marc Furlan, le d\u00e9fenseur international guin\u00e9en a abord\u00e9 plusieurs sujets avec les journalistes. Il est revenu notamment sur sa d\u00e9cision de passer un essai (qui s\u2019est r\u00e9v\u00e9l\u00e9 concluant) avec l\u2019AJA (Association de la jeunesse auxerroise), ses [&hellip;]<\/p>\n","protected":false},"author":2,"featured_media":1455,"comment_status":"closed","ping_status":"open","sticky":false,"template":"","format":"standard","meta":{"_jetpack_memberships_contains_paid_content":false,"footnotes":"","jetpack_publicize_message":"","jetpack_publicize_feature_enabled":true,"jetpack_social_post_already_shared":true,"jetpack_social_options":{"image_generator_settings":{"template":"highway","default_image_id":0,"font":"","enabled":false},"version":2}},"categories":[5],"tags":[],"class_list":{"0":"post-1454","1":"post","2":"type-post","3":"status-publish","4":"format-standard","5":"has-post-thumbnail","7":"category-football"},"yoast_head":"<!-- This site is optimized with the Yoast SEO plugin v27.4 - https:\/\/yoast.com\/product\/yoast-seo-wordpress\/ -->\n<title>Julian Jeanvier : \u00ab Je ne suis pas venu \u00e0 Auxerre par d\u00e9pit \u00bb - le regard du sportif<\/title>\n<meta name=\"robots\" content=\"index, follow, max-snippet:-1, max-image-preview:large, max-video-preview:-1\" \/>\n<link rel=\"canonical\" href=\"https:\/\/oeilsportif.info\/index.php\/julian-jeanvier-je-ne-suis-pas-venu-a-auxerre-par-depit\/\" \/>\n<meta property=\"og:locale\" content=\"fr_FR\" \/>\n<meta property=\"og:type\" content=\"article\" \/>\n<meta property=\"og:title\" content=\"Julian Jeanvier : \u00ab Je ne suis pas venu \u00e0 Auxerre par d\u00e9pit \u00bb - le regard du sportif\" \/>\n<meta property=\"og:description\" content=\"Julian Jeanvier a anim\u00e9 ce vendredi sa premi\u00e8re conf\u00e9rence de presse d\u2019avant-match \u00e0 Auxerre. En compagnie de son entra\u00eeneur, Jean-Marc Furlan, le d\u00e9fenseur international guin\u00e9en a abord\u00e9 plusieurs sujets avec les journalistes. Il est revenu notamment sur sa d\u00e9cision de passer un essai (qui s\u2019est r\u00e9v\u00e9l\u00e9 concluant) avec l\u2019AJA (Association de la jeunesse auxerroise), ses [&hellip;]\" \/>\n<meta property=\"og:url\" content=\"https:\/\/oeilsportif.info\/index.php\/julian-jeanvier-je-ne-suis-pas-venu-a-auxerre-par-depit\/\" \/>\n<meta property=\"og:site_name\" content=\"le regard du sportif\" \/>\n<meta property=\"article:published_time\" content=\"2022-08-14T09:31:04+00:00\" \/>\n<meta property=\"og:image\" content=\"https:\/\/oeilsportif.info\/wp-content\/uploads\/2022\/08\/Jeanvier-Julian-CONFERENCE-DE-PRESSE-.jpg\" \/>\n\t<meta property=\"og:image:width\" content=\"1123\" \/>\n\t<meta property=\"og:image:height\" content=\"622\" \/>\n\t<meta property=\"og:image:type\" content=\"image\/jpeg\" \/>\n<meta name=\"author\" content=\"L&#039;Equipe de la R\u00e9daction\" \/>\n<meta name=\"twitter:label1\" content=\"\u00c9crit par\" \/>\n\t<meta name=\"twitter:data1\" content=\"L&#039;Equipe de la R\u00e9daction\" \/>\n\t<meta name=\"twitter:label2\" content=\"Dur\u00e9e de lecture estim\u00e9e\" \/>\n\t<meta name=\"twitter:data2\" content=\"3 minutes\" \/>\n<script type=\"application\/ld+json\" class=\"yoast-schema-graph\">{\"@context\":\"https:\\\/\\\/schema.org\",\"@graph\":[{\"@type\":\"Article\",\"@id\":\"https:\\\/\\\/oeilsportif.info\\\/index.php\\\/julian-jeanvier-je-ne-suis-pas-venu-a-auxerre-par-depit\\\/#article\",\"isPartOf\":{\"@id\":\"https:\\\/\\\/oeilsportif.info\\\/index.php\\\/julian-jeanvier-je-ne-suis-pas-venu-a-auxerre-par-depit\\\/\"},\"author\":{\"name\":\"L'Equipe de la R\u00e9daction\",\"@id\":\"https:\\\/\\\/oeilsportif.info\\\/#\\\/schema\\\/person\\\/cfbded294aa6095f7d96608d7905e9a1\"},\"headline\":\"Julian Jeanvier : \u00ab Je ne suis pas venu \u00e0 Auxerre par d\u00e9pit \u00bb\",\"datePublished\":\"2022-08-14T09:31:04+00:00\",\"mainEntityOfPage\":{\"@id\":\"https:\\\/\\\/oeilsportif.info\\\/index.php\\\/julian-jeanvier-je-ne-suis-pas-venu-a-auxerre-par-depit\\\/\"},\"wordCount\":526,\"image\":{\"@id\":\"https:\\\/\\\/oeilsportif.info\\\/index.php\\\/julian-jeanvier-je-ne-suis-pas-venu-a-auxerre-par-depit\\\/#primaryimage\"},\"thumbnailUrl\":\"https:\\\/\\\/i0.wp.com\\\/oeilsportif.info\\\/wp-content\\\/uploads\\\/2022\\\/08\\\/Jeanvier-Julian-CONFERENCE-DE-PRESSE-.jpg?fit=1123%2C622&ssl=1\",\"articleSection\":[\"Football\"],\"inLanguage\":\"fr-FR\"},{\"@type\":\"WebPage\",\"@id\":\"https:\\\/\\\/oeilsportif.info\\\/index.php\\\/julian-jeanvier-je-ne-suis-pas-venu-a-auxerre-par-depit\\\/\",\"url\":\"https:\\\/\\\/oeilsportif.info\\\/index.php\\\/julian-jeanvier-je-ne-suis-pas-venu-a-auxerre-par-depit\\\/\",\"name\":\"Julian Jeanvier : \u00ab Je ne suis pas venu \u00e0 Auxerre par d\u00e9pit \u00bb - le regard du sportif\",\"isPartOf\":{\"@id\":\"https:\\\/\\\/oeilsportif.info\\\/#website\"},\"primaryImageOfPage\":{\"@id\":\"https:\\\/\\\/oeilsportif.info\\\/index.php\\\/julian-jeanvier-je-ne-suis-pas-venu-a-auxerre-par-depit\\\/#primaryimage\"},\"image\":{\"@id\":\"https:\\\/\\\/oeilsportif.info\\\/index.php\\\/julian-jeanvier-je-ne-suis-pas-venu-a-auxerre-par-depit\\\/#primaryimage\"},\"thumbnailUrl\":\"https:\\\/\\\/i0.wp.com\\\/oeilsportif.info\\\/wp-content\\\/uploads\\\/2022\\\/08\\\/Jeanvier-Julian-CONFERENCE-DE-PRESSE-.jpg?fit=1123%2C622&ssl=1\",\"datePublished\":\"2022-08-14T09:31:04+00:00\",\"author\":{\"@id\":\"https:\\\/\\\/oeilsportif.info\\\/#\\\/schema\\\/person\\\/cfbded294aa6095f7d96608d7905e9a1\"},\"inLanguage\":\"fr-FR\",\"potentialAction\":[{\"@type\":\"ReadAction\",\"target\":[\"https:\\\/\\\/oeilsportif.info\\\/index.php\\\/julian-jeanvier-je-ne-suis-pas-venu-a-auxerre-par-depit\\\/\"]}]},{\"@type\":\"ImageObject\",\"inLanguage\":\"fr-FR\",\"@id\":\"https:\\\/\\\/oeilsportif.info\\\/index.php\\\/julian-jeanvier-je-ne-suis-pas-venu-a-auxerre-par-depit\\\/#primaryimage\",\"url\":\"https:\\\/\\\/i0.wp.com\\\/oeilsportif.info\\\/wp-content\\\/uploads\\\/2022\\\/08\\\/Jeanvier-Julian-CONFERENCE-DE-PRESSE-.jpg?fit=1123%2C622&ssl=1\",\"contentUrl\":\"https:\\\/\\\/i0.wp.com\\\/oeilsportif.info\\\/wp-content\\\/uploads\\\/2022\\\/08\\\/Jeanvier-Julian-CONFERENCE-DE-PRESSE-.jpg?fit=1123%2C622&ssl=1\",\"width\":1123,\"height\":622},{\"@type\":\"WebSite\",\"@id\":\"https:\\\/\\\/oeilsportif.info\\\/#website\",\"url\":\"https:\\\/\\\/oeilsportif.info\\\/\",\"name\":\"le regard du sportif\",\"description\":\"\",\"potentialAction\":[{\"@type\":\"SearchAction\",\"target\":{\"@type\":\"EntryPoint\",\"urlTemplate\":\"https:\\\/\\\/oeilsportif.info\\\/?s={search_term_string}\"},\"query-input\":{\"@type\":\"PropertyValueSpecification\",\"valueRequired\":true,\"valueName\":\"search_term_string\"}}],\"inLanguage\":\"fr-FR\"},{\"@type\":\"Person\",\"@id\":\"https:\\\/\\\/oeilsportif.info\\\/#\\\/schema\\\/person\\\/cfbded294aa6095f7d96608d7905e9a1\",\"name\":\"L'Equipe de la R\u00e9daction\",\"image\":{\"@type\":\"ImageObject\",\"inLanguage\":\"fr-FR\",\"@id\":\"https:\\\/\\\/oeilsportif.info\\\/wp-content\\\/uploads\\\/2025\\\/07\\\/cropped-cropped-logo-os-96x96.jpeg\",\"url\":\"https:\\\/\\\/oeilsportif.info\\\/wp-content\\\/uploads\\\/2025\\\/07\\\/cropped-cropped-logo-os-96x96.jpeg\",\"contentUrl\":\"https:\\\/\\\/oeilsportif.info\\\/wp-content\\\/uploads\\\/2025\\\/07\\\/cropped-cropped-logo-os-96x96.jpeg\",\"caption\":\"L'Equipe de la R\u00e9daction\"},\"url\":\"https:\\\/\\\/oeilsportif.info\\\/index.php\\\/author\\\/tawel\\\/\"}]}<\/script>\n<!-- \/ Yoast SEO plugin. -->","yoast_head_json":{"title":"Julian Jeanvier : \u00ab Je ne suis pas venu \u00e0 Auxerre par d\u00e9pit \u00bb - le regard du sportif","robots":{"index":"index","follow":"follow","max-snippet":"max-snippet:-1","max-image-preview":"max-image-preview:large","max-video-preview":"max-video-preview:-1"},"canonical":"https:\/\/oeilsportif.info\/index.php\/julian-jeanvier-je-ne-suis-pas-venu-a-auxerre-par-depit\/","og_locale":"fr_FR","og_type":"article","og_title":"Julian Jeanvier : \u00ab Je ne suis pas venu \u00e0 Auxerre par d\u00e9pit \u00bb - le regard du sportif","og_description":"Julian Jeanvier a anim\u00e9 ce vendredi sa premi\u00e8re conf\u00e9rence de presse d\u2019avant-match \u00e0 Auxerre. En compagnie de son entra\u00eeneur, Jean-Marc Furlan, le d\u00e9fenseur international guin\u00e9en a abord\u00e9 plusieurs sujets avec les journalistes. Il est revenu notamment sur sa d\u00e9cision de passer un essai (qui s\u2019est r\u00e9v\u00e9l\u00e9 concluant) avec l\u2019AJA (Association de la jeunesse auxerroise), ses [&hellip;]","og_url":"https:\/\/oeilsportif.info\/index.php\/julian-jeanvier-je-ne-suis-pas-venu-a-auxerre-par-depit\/","og_site_name":"le regard du sportif","article_published_time":"2022-08-14T09:31:04+00:00","og_image":[{"width":1123,"height":622,"url":"https:\/\/oeilsportif.info\/wp-content\/uploads\/2022\/08\/Jeanvier-Julian-CONFERENCE-DE-PRESSE-.jpg","type":"image\/jpeg"}],"author":"L'Equipe de la R\u00e9daction","twitter_misc":{"\u00c9crit par":"L'Equipe de la R\u00e9daction","Dur\u00e9e de lecture estim\u00e9e":"3 minutes"},"schema":{"@context":"https:\/\/schema.org","@graph":[{"@type":"Article","@id":"https:\/\/oeilsportif.info\/index.php\/julian-jeanvier-je-ne-suis-pas-venu-a-auxerre-par-depit\/#article","isPartOf":{"@id":"https:\/\/oeilsportif.info\/index.php\/julian-jeanvier-je-ne-suis-pas-venu-a-auxerre-par-depit\/"},"author":{"name":"L'Equipe de la R\u00e9daction","@id":"https:\/\/oeilsportif.info\/#\/schema\/person\/cfbded294aa6095f7d96608d7905e9a1"},"headline":"Julian Jeanvier : \u00ab Je ne suis pas venu \u00e0 Auxerre par d\u00e9pit \u00bb","datePublished":"2022-08-14T09:31:04+00:00","mainEntityOfPage":{"@id":"https:\/\/oeilsportif.info\/index.php\/julian-jeanvier-je-ne-suis-pas-venu-a-auxerre-par-depit\/"},"wordCount":526,"image":{"@id":"https:\/\/oeilsportif.info\/index.php\/julian-jeanvier-je-ne-suis-pas-venu-a-auxerre-par-depit\/#primaryimage"},"thumbnailUrl":"https:\/\/i0.wp.com\/oeilsportif.info\/wp-content\/uploads\/2022\/08\/Jeanvier-Julian-CONFERENCE-DE-PRESSE-.jpg?fit=1123%2C622&ssl=1","articleSection":["Football"],"inLanguage":"fr-FR"},{"@type":"WebPage","@id":"https:\/\/oeilsportif.info\/index.php\/julian-jeanvier-je-ne-suis-pas-venu-a-auxerre-par-depit\/","url":"https:\/\/oeilsportif.info\/index.php\/julian-jeanvier-je-ne-suis-pas-venu-a-auxerre-par-depit\/","name":"Julian Jeanvier : \u00ab Je ne suis pas venu \u00e0 Auxerre par d\u00e9pit \u00bb - le regard du sportif","isPartOf":{"@id":"https:\/\/oeilsportif.info\/#website"},"primaryImageOfPage":{"@id":"https:\/\/oeilsportif.info\/index.php\/julian-jeanvier-je-ne-suis-pas-venu-a-auxerre-par-depit\/#primaryimage"},"image":{"@id":"https:\/\/oeilsportif.info\/index.php\/julian-jeanvier-je-ne-suis-pas-venu-a-auxerre-par-depit\/#primaryimage"},"thumbnailUrl":"https:\/\/i0.wp.com\/oeilsportif.info\/wp-content\/uploads\/2022\/08\/Jeanvier-Julian-CONFERENCE-DE-PRESSE-.jpg?fit=1123%2C622&ssl=1","datePublished":"2022-08-14T09:31:04+00:00","author":{"@id":"https:\/\/oeilsportif.info\/#\/schema\/person\/cfbded294aa6095f7d96608d7905e9a1"},"inLanguage":"fr-FR","potentialAction":[{"@type":"ReadAction","target":["https:\/\/oeilsportif.info\/index.php\/julian-jeanvier-je-ne-suis-pas-venu-a-auxerre-par-depit\/"]}]},{"@type":"ImageObject","inLanguage":"fr-FR","@id":"https:\/\/oeilsportif.info\/index.php\/julian-jeanvier-je-ne-suis-pas-venu-a-auxerre-par-depit\/#primaryimage","url":"https:\/\/i0.wp.com\/oeilsportif.info\/wp-content\/uploads\/2022\/08\/Jeanvier-Julian-CONFERENCE-DE-PRESSE-.jpg?fit=1123%2C622&ssl=1","contentUrl":"https:\/\/i0.wp.com\/oeilsportif.info\/wp-content\/uploads\/2022\/08\/Jeanvier-Julian-CONFERENCE-DE-PRESSE-.jpg?fit=1123%2C622&ssl=1","width":1123,"height":622},{"@type":"WebSite","@id":"https:\/\/oeilsportif.info\/#website","url":"https:\/\/oeilsportif.info\/","name":"le regard du sportif","description":"","potentialAction":[{"@type":"SearchAction","target":{"@type":"EntryPoint","urlTemplate":"https:\/\/oeilsportif.info\/?s={search_term_string}"},"query-input":{"@type":"PropertyValueSpecification","valueRequired":true,"valueName":"search_term_string"}}],"inLanguage":"fr-FR"},{"@type":"Person","@id":"https:\/\/oeilsportif.info\/#\/schema\/person\/cfbded294aa6095f7d96608d7905e9a1","name":"L'Equipe de la R\u00e9daction","image":{"@type":"ImageObject","inLanguage":"fr-FR","@id":"https:\/\/oeilsportif.info\/wp-content\/uploads\/2025\/07\/cropped-cropped-logo-os-96x96.jpeg","url":"https:\/\/oeilsportif.info\/wp-content\/uploads\/2025\/07\/cropped-cropped-logo-os-96x96.jpeg","contentUrl":"https:\/\/oeilsportif.info\/wp-content\/uploads\/2025\/07\/cropped-cropped-logo-os-96x96.jpeg","caption":"L'Equipe de la R\u00e9daction"},"url":"https:\/\/oeilsportif.info\/index.php\/author\/tawel\/"}]}},"jetpack_publicize_connections":[],"jetpack_featured_media_url":"https:\/\/i0.wp.com\/oeilsportif.info\/wp-content\/uploads\/2022\/08\/Jeanvier-Julian-CONFERENCE-DE-PRESSE-.jpg?fit=1123%2C622&ssl=1","jetpack-related-posts":[],"jetpack_sharing_enabled":true,"jetpack_likes_enabled":true,"jetpack_shortlink":"https:\/\/wp.me\/pgFE77-ns","_links":{"self":[{"href":"https:\/\/oeilsportif.info\/index.php\/wp-json\/wp\/v2\/posts\/1454","targetHints":{"allow":["GET"]}}],"collection":[{"href":"https:\/\/oeilsportif.info\/index.php\/wp-json\/wp\/v2\/posts"}],"about":[{"href":"https:\/\/oeilsportif.info\/index.php\/wp-json\/wp\/v2\/types\/post"}],"author":[{"embeddable":true,"href":"https:\/\/oeilsportif.info\/index.php\/wp-json\/wp\/v2\/users\/2"}],"replies":[{"embeddable":true,"href":"https:\/\/oeilsportif.info\/index.php\/wp-json\/wp\/v2\/comments?post=1454"}],"version-history":[{"count":0,"href":"https:\/\/oeilsportif.info\/index.php\/wp-json\/wp\/v2\/posts\/1454\/revisions"}],"wp:featuredmedia":[{"embeddable":true,"href":"https:\/\/oeilsportif.info\/index.php\/wp-json\/wp\/v2\/media\/1455"}],"wp:attachment":[{"href":"https:\/\/oeilsportif.info\/index.php\/wp-json\/wp\/v2\/media?parent=1454"}],"wp:term":[{"taxonomy":"category","embeddable":true,"href":"https:\/\/oeilsportif.info\/index.php\/wp-json\/wp\/v2\/categories?post=1454"},{"taxonomy":"post_tag","embeddable":true,"href":"https:\/\/oeilsportif.info\/index.php\/wp-json\/wp\/v2\/tags?post=1454"}],"curies":[{"name":"wp","href":"https:\/\/api.w.org\/{rel}","templated":true}]}}