{"id":1429,"date":"2022-08-12T13:17:30","date_gmt":"2022-08-12T13:17:30","guid":{"rendered":"https:\/\/oeilsportif.info\/index.php\/?p=1429"},"modified":"2022-08-12T13:17:30","modified_gmt":"2022-08-12T13:17:30","slug":"mercato-marseille-lance-une-offensive-pour-recruter-issa-kabore","status":"publish","type":"post","link":"https:\/\/oeilsportif.info\/index.php\/mercato-marseille-lance-une-offensive-pour-recruter-issa-kabore\/","title":{"rendered":"Mercato: Marseille lance une offensive pour recruter Issa Kabor\u00e9 ."},"content":{"rendered":"<p><strong>Afin de pallier le d\u00e9part de Pol Lirola \u00e0 Elche, l\u2019OM s\u2019appr\u00eate \u00e0 passer \u00e0 l\u2019offensive pour recruter un nouveau lat\u00e9ral droit.<\/strong><\/p>\n<p>Selon nos sources, la piste prioritaire m\u00e8ne au Burkinab\u00e8 de Manchester City Issa Kabor\u00e9 (21 ans) qui \u00e9tait pr\u00eat\u00e9 \u00e0 l\u2019Estac en 2021-22. De source troyenne, on indique m\u00eame que l\u2019op\u00e9ration pourrait se finaliser d\u2019ici ce week-end selon la Provence.<\/p>\n<p>Mais il faudra attendre, pour cela, l\u2019officialisation du d\u00e9part de l\u2019Espagnol.<\/p>\n<p>MoussavouBilla<\/p>\n","protected":false},"excerpt":{"rendered":"<p>Afin de pallier le d\u00e9part de Pol Lirola \u00e0 Elche, l\u2019OM s\u2019appr\u00eate \u00e0 passer \u00e0 l\u2019offensive pour recruter un nouveau lat\u00e9ral droit. Selon nos sources, la piste prioritaire m\u00e8ne au Burkinab\u00e8 de Manchester City Issa Kabor\u00e9 (21 ans) qui \u00e9tait pr\u00eat\u00e9 \u00e0 l\u2019Estac en 2021-22. De source troyenne, on indique m\u00eame que l\u2019op\u00e9ration pourrait se [&hellip;]<\/p>\n","protected":false},"author":2,"featured_media":1430,"comment_status":"closed","ping_status":"open","sticky":false,"template":"","format":"standard","meta":{"_jetpack_memberships_contains_paid_content":false,"footnotes":"","jetpack_publicize_message":"","jetpack_publicize_feature_enabled":true,"jetpack_social_post_already_shared":true,"jetpack_social_options":{"image_generator_settings":{"template":"highway","default_image_id":0,"font":"","enabled":false},"version":2}},"categories":[5],"tags":[],"class_list":{"0":"post-1429","1":"post","2":"type-post","3":"status-publish","4":"format-standard","5":"has-post-thumbnail","7":"category-football"},"yoast_head":"<!-- This site is optimized with the Yoast SEO plugin v27.5 - https:\/\/yoast.com\/product\/yoast-seo-wordpress\/ -->\n<title>Mercato: Marseille lance une offensive pour recruter Issa Kabor\u00e9 . - le regard du sportif<\/title>\n<meta name=\"robots\" content=\"index, follow, max-snippet:-1, max-image-preview:large, max-video-preview:-1\" \/>\n<link rel=\"canonical\" href=\"https:\/\/oeilsportif.info\/index.php\/mercato-marseille-lance-une-offensive-pour-recruter-issa-kabore\/\" \/>\n<meta property=\"og:locale\" content=\"fr_FR\" \/>\n<meta property=\"og:type\" content=\"article\" \/>\n<meta property=\"og:title\" content=\"Mercato: Marseille lance une offensive pour recruter Issa Kabor\u00e9 . - le regard du sportif\" \/>\n<meta property=\"og:description\" content=\"Afin de pallier le d\u00e9part de Pol Lirola \u00e0 Elche, l\u2019OM s\u2019appr\u00eate \u00e0 passer \u00e0 l\u2019offensive pour recruter un nouveau lat\u00e9ral droit. Selon nos sources, la piste prioritaire m\u00e8ne au Burkinab\u00e8 de Manchester City Issa Kabor\u00e9 (21 ans) qui \u00e9tait pr\u00eat\u00e9 \u00e0 l\u2019Estac en 2021-22. De source troyenne, on indique m\u00eame que l\u2019op\u00e9ration pourrait se [&hellip;]\" \/>\n<meta property=\"og:url\" content=\"https:\/\/oeilsportif.info\/index.php\/mercato-marseille-lance-une-offensive-pour-recruter-issa-kabore\/\" \/>\n<meta property=\"og:site_name\" content=\"le regard du sportif\" \/>\n<meta property=\"article:published_time\" content=\"2022-08-12T13:17:30+00:00\" \/>\n<meta property=\"og:image\" content=\"https:\/\/oeilsportif.info\/wp-content\/uploads\/2022\/08\/FB_IMG_1660310065544.jpg\" \/>\n\t<meta property=\"og:image:width\" content=\"800\" \/>\n\t<meta property=\"og:image:height\" content=\"534\" \/>\n\t<meta property=\"og:image:type\" content=\"image\/jpeg\" \/>\n<meta name=\"author\" content=\"L&#039;Equipe de la R\u00e9daction\" \/>\n<meta name=\"twitter:label1\" content=\"\u00c9crit par\" \/>\n\t<meta name=\"twitter:data1\" content=\"L&#039;Equipe de la R\u00e9daction\" \/>\n\t<meta name=\"twitter:label2\" content=\"Dur\u00e9e de lecture estim\u00e9e\" \/>\n\t<meta name=\"twitter:data2\" content=\"1 minute\" \/>\n<script type=\"application\/ld+json\" class=\"yoast-schema-graph\">{\"@context\":\"https:\\\/\\\/schema.org\",\"@graph\":[{\"@type\":\"Article\",\"@id\":\"https:\\\/\\\/oeilsportif.info\\\/index.php\\\/mercato-marseille-lance-une-offensive-pour-recruter-issa-kabore\\\/#article\",\"isPartOf\":{\"@id\":\"https:\\\/\\\/oeilsportif.info\\\/index.php\\\/mercato-marseille-lance-une-offensive-pour-recruter-issa-kabore\\\/\"},\"author\":{\"name\":\"L'Equipe de la R\u00e9daction\",\"@id\":\"https:\\\/\\\/oeilsportif.info\\\/#\\\/schema\\\/person\\\/cfbded294aa6095f7d96608d7905e9a1\"},\"headline\":\"Mercato: Marseille lance une offensive pour recruter Issa Kabor\u00e9 .\",\"datePublished\":\"2022-08-12T13:17:30+00:00\",\"mainEntityOfPage\":{\"@id\":\"https:\\\/\\\/oeilsportif.info\\\/index.php\\\/mercato-marseille-lance-une-offensive-pour-recruter-issa-kabore\\\/\"},\"wordCount\":94,\"image\":{\"@id\":\"https:\\\/\\\/oeilsportif.info\\\/index.php\\\/mercato-marseille-lance-une-offensive-pour-recruter-issa-kabore\\\/#primaryimage\"},\"thumbnailUrl\":\"https:\\\/\\\/i0.wp.com\\\/oeilsportif.info\\\/wp-content\\\/uploads\\\/2022\\\/08\\\/FB_IMG_1660310065544.jpg?fit=800%2C534&ssl=1\",\"articleSection\":[\"Football\"],\"inLanguage\":\"fr-FR\"},{\"@type\":\"WebPage\",\"@id\":\"https:\\\/\\\/oeilsportif.info\\\/index.php\\\/mercato-marseille-lance-une-offensive-pour-recruter-issa-kabore\\\/\",\"url\":\"https:\\\/\\\/oeilsportif.info\\\/index.php\\\/mercato-marseille-lance-une-offensive-pour-recruter-issa-kabore\\\/\",\"name\":\"Mercato: Marseille lance une offensive pour recruter Issa Kabor\u00e9 . - le regard du sportif\",\"isPartOf\":{\"@id\":\"https:\\\/\\\/oeilsportif.info\\\/#website\"},\"primaryImageOfPage\":{\"@id\":\"https:\\\/\\\/oeilsportif.info\\\/index.php\\\/mercato-marseille-lance-une-offensive-pour-recruter-issa-kabore\\\/#primaryimage\"},\"image\":{\"@id\":\"https:\\\/\\\/oeilsportif.info\\\/index.php\\\/mercato-marseille-lance-une-offensive-pour-recruter-issa-kabore\\\/#primaryimage\"},\"thumbnailUrl\":\"https:\\\/\\\/i0.wp.com\\\/oeilsportif.info\\\/wp-content\\\/uploads\\\/2022\\\/08\\\/FB_IMG_1660310065544.jpg?fit=800%2C534&ssl=1\",\"datePublished\":\"2022-08-12T13:17:30+00:00\",\"author\":{\"@id\":\"https:\\\/\\\/oeilsportif.info\\\/#\\\/schema\\\/person\\\/cfbded294aa6095f7d96608d7905e9a1\"},\"inLanguage\":\"fr-FR\",\"potentialAction\":[{\"@type\":\"ReadAction\",\"target\":[\"https:\\\/\\\/oeilsportif.info\\\/index.php\\\/mercato-marseille-lance-une-offensive-pour-recruter-issa-kabore\\\/\"]}]},{\"@type\":\"ImageObject\",\"inLanguage\":\"fr-FR\",\"@id\":\"https:\\\/\\\/oeilsportif.info\\\/index.php\\\/mercato-marseille-lance-une-offensive-pour-recruter-issa-kabore\\\/#primaryimage\",\"url\":\"https:\\\/\\\/i0.wp.com\\\/oeilsportif.info\\\/wp-content\\\/uploads\\\/2022\\\/08\\\/FB_IMG_1660310065544.jpg?fit=800%2C534&ssl=1\",\"contentUrl\":\"https:\\\/\\\/i0.wp.com\\\/oeilsportif.info\\\/wp-content\\\/uploads\\\/2022\\\/08\\\/FB_IMG_1660310065544.jpg?fit=800%2C534&ssl=1\",\"width\":800,\"height\":534},{\"@type\":\"WebSite\",\"@id\":\"https:\\\/\\\/oeilsportif.info\\\/#website\",\"url\":\"https:\\\/\\\/oeilsportif.info\\\/\",\"name\":\"le regard du sportif\",\"description\":\"\",\"potentialAction\":[{\"@type\":\"SearchAction\",\"target\":{\"@type\":\"EntryPoint\",\"urlTemplate\":\"https:\\\/\\\/oeilsportif.info\\\/?s={search_term_string}\"},\"query-input\":{\"@type\":\"PropertyValueSpecification\",\"valueRequired\":true,\"valueName\":\"search_term_string\"}}],\"inLanguage\":\"fr-FR\"},{\"@type\":\"Person\",\"@id\":\"https:\\\/\\\/oeilsportif.info\\\/#\\\/schema\\\/person\\\/cfbded294aa6095f7d96608d7905e9a1\",\"name\":\"L'Equipe de la R\u00e9daction\",\"image\":{\"@type\":\"ImageObject\",\"inLanguage\":\"fr-FR\",\"@id\":\"https:\\\/\\\/oeilsportif.info\\\/wp-content\\\/uploads\\\/2025\\\/07\\\/cropped-cropped-logo-os-96x96.jpeg\",\"url\":\"https:\\\/\\\/oeilsportif.info\\\/wp-content\\\/uploads\\\/2025\\\/07\\\/cropped-cropped-logo-os-96x96.jpeg\",\"contentUrl\":\"https:\\\/\\\/oeilsportif.info\\\/wp-content\\\/uploads\\\/2025\\\/07\\\/cropped-cropped-logo-os-96x96.jpeg\",\"caption\":\"L'Equipe de la R\u00e9daction\"},\"url\":\"https:\\\/\\\/oeilsportif.info\\\/index.php\\\/author\\\/tawel\\\/\"}]}<\/script>\n<!-- \/ Yoast SEO plugin. -->","yoast_head_json":{"title":"Mercato: Marseille lance une offensive pour recruter Issa Kabor\u00e9 . - le regard du sportif","robots":{"index":"index","follow":"follow","max-snippet":"max-snippet:-1","max-image-preview":"max-image-preview:large","max-video-preview":"max-video-preview:-1"},"canonical":"https:\/\/oeilsportif.info\/index.php\/mercato-marseille-lance-une-offensive-pour-recruter-issa-kabore\/","og_locale":"fr_FR","og_type":"article","og_title":"Mercato: Marseille lance une offensive pour recruter Issa Kabor\u00e9 . - le regard du sportif","og_description":"Afin de pallier le d\u00e9part de Pol Lirola \u00e0 Elche, l\u2019OM s\u2019appr\u00eate \u00e0 passer \u00e0 l\u2019offensive pour recruter un nouveau lat\u00e9ral droit. Selon nos sources, la piste prioritaire m\u00e8ne au Burkinab\u00e8 de Manchester City Issa Kabor\u00e9 (21 ans) qui \u00e9tait pr\u00eat\u00e9 \u00e0 l\u2019Estac en 2021-22. De source troyenne, on indique m\u00eame que l\u2019op\u00e9ration pourrait se [&hellip;]","og_url":"https:\/\/oeilsportif.info\/index.php\/mercato-marseille-lance-une-offensive-pour-recruter-issa-kabore\/","og_site_name":"le regard du sportif","article_published_time":"2022-08-12T13:17:30+00:00","og_image":[{"width":800,"height":534,"url":"https:\/\/oeilsportif.info\/wp-content\/uploads\/2022\/08\/FB_IMG_1660310065544.jpg","type":"image\/jpeg"}],"author":"L'Equipe de la R\u00e9daction","twitter_misc":{"\u00c9crit par":"L'Equipe de la R\u00e9daction","Dur\u00e9e de lecture estim\u00e9e":"1 minute"},"schema":{"@context":"https:\/\/schema.org","@graph":[{"@type":"Article","@id":"https:\/\/oeilsportif.info\/index.php\/mercato-marseille-lance-une-offensive-pour-recruter-issa-kabore\/#article","isPartOf":{"@id":"https:\/\/oeilsportif.info\/index.php\/mercato-marseille-lance-une-offensive-pour-recruter-issa-kabore\/"},"author":{"name":"L'Equipe de la R\u00e9daction","@id":"https:\/\/oeilsportif.info\/#\/schema\/person\/cfbded294aa6095f7d96608d7905e9a1"},"headline":"Mercato: Marseille lance une offensive pour recruter Issa Kabor\u00e9 .","datePublished":"2022-08-12T13:17:30+00:00","mainEntityOfPage":{"@id":"https:\/\/oeilsportif.info\/index.php\/mercato-marseille-lance-une-offensive-pour-recruter-issa-kabore\/"},"wordCount":94,"image":{"@id":"https:\/\/oeilsportif.info\/index.php\/mercato-marseille-lance-une-offensive-pour-recruter-issa-kabore\/#primaryimage"},"thumbnailUrl":"https:\/\/i0.wp.com\/oeilsportif.info\/wp-content\/uploads\/2022\/08\/FB_IMG_1660310065544.jpg?fit=800%2C534&ssl=1","articleSection":["Football"],"inLanguage":"fr-FR"},{"@type":"WebPage","@id":"https:\/\/oeilsportif.info\/index.php\/mercato-marseille-lance-une-offensive-pour-recruter-issa-kabore\/","url":"https:\/\/oeilsportif.info\/index.php\/mercato-marseille-lance-une-offensive-pour-recruter-issa-kabore\/","name":"Mercato: Marseille lance une offensive pour recruter Issa Kabor\u00e9 . - le regard du sportif","isPartOf":{"@id":"https:\/\/oeilsportif.info\/#website"},"primaryImageOfPage":{"@id":"https:\/\/oeilsportif.info\/index.php\/mercato-marseille-lance-une-offensive-pour-recruter-issa-kabore\/#primaryimage"},"image":{"@id":"https:\/\/oeilsportif.info\/index.php\/mercato-marseille-lance-une-offensive-pour-recruter-issa-kabore\/#primaryimage"},"thumbnailUrl":"https:\/\/i0.wp.com\/oeilsportif.info\/wp-content\/uploads\/2022\/08\/FB_IMG_1660310065544.jpg?fit=800%2C534&ssl=1","datePublished":"2022-08-12T13:17:30+00:00","author":{"@id":"https:\/\/oeilsportif.info\/#\/schema\/person\/cfbded294aa6095f7d96608d7905e9a1"},"inLanguage":"fr-FR","potentialAction":[{"@type":"ReadAction","target":["https:\/\/oeilsportif.info\/index.php\/mercato-marseille-lance-une-offensive-pour-recruter-issa-kabore\/"]}]},{"@type":"ImageObject","inLanguage":"fr-FR","@id":"https:\/\/oeilsportif.info\/index.php\/mercato-marseille-lance-une-offensive-pour-recruter-issa-kabore\/#primaryimage","url":"https:\/\/i0.wp.com\/oeilsportif.info\/wp-content\/uploads\/2022\/08\/FB_IMG_1660310065544.jpg?fit=800%2C534&ssl=1","contentUrl":"https:\/\/i0.wp.com\/oeilsportif.info\/wp-content\/uploads\/2022\/08\/FB_IMG_1660310065544.jpg?fit=800%2C534&ssl=1","width":800,"height":534},{"@type":"WebSite","@id":"https:\/\/oeilsportif.info\/#website","url":"https:\/\/oeilsportif.info\/","name":"le regard du sportif","description":"","potentialAction":[{"@type":"SearchAction","target":{"@type":"EntryPoint","urlTemplate":"https:\/\/oeilsportif.info\/?s={search_term_string}"},"query-input":{"@type":"PropertyValueSpecification","valueRequired":true,"valueName":"search_term_string"}}],"inLanguage":"fr-FR"},{"@type":"Person","@id":"https:\/\/oeilsportif.info\/#\/schema\/person\/cfbded294aa6095f7d96608d7905e9a1","name":"L'Equipe de la R\u00e9daction","image":{"@type":"ImageObject","inLanguage":"fr-FR","@id":"https:\/\/oeilsportif.info\/wp-content\/uploads\/2025\/07\/cropped-cropped-logo-os-96x96.jpeg","url":"https:\/\/oeilsportif.info\/wp-content\/uploads\/2025\/07\/cropped-cropped-logo-os-96x96.jpeg","contentUrl":"https:\/\/oeilsportif.info\/wp-content\/uploads\/2025\/07\/cropped-cropped-logo-os-96x96.jpeg","caption":"L'Equipe de la R\u00e9daction"},"url":"https:\/\/oeilsportif.info\/index.php\/author\/tawel\/"}]}},"jetpack_publicize_connections":[],"jetpack_featured_media_url":"https:\/\/i0.wp.com\/oeilsportif.info\/wp-content\/uploads\/2022\/08\/FB_IMG_1660310065544.jpg?fit=800%2C534&ssl=1","jetpack-related-posts":[],"jetpack_sharing_enabled":true,"jetpack_likes_enabled":true,"jetpack_shortlink":"https:\/\/wp.me\/pgFE77-n3","_links":{"self":[{"href":"https:\/\/oeilsportif.info\/index.php\/wp-json\/wp\/v2\/posts\/1429","targetHints":{"allow":["GET"]}}],"collection":[{"href":"https:\/\/oeilsportif.info\/index.php\/wp-json\/wp\/v2\/posts"}],"about":[{"href":"https:\/\/oeilsportif.info\/index.php\/wp-json\/wp\/v2\/types\/post"}],"author":[{"embeddable":true,"href":"https:\/\/oeilsportif.info\/index.php\/wp-json\/wp\/v2\/users\/2"}],"replies":[{"embeddable":true,"href":"https:\/\/oeilsportif.info\/index.php\/wp-json\/wp\/v2\/comments?post=1429"}],"version-history":[{"count":0,"href":"https:\/\/oeilsportif.info\/index.php\/wp-json\/wp\/v2\/posts\/1429\/revisions"}],"wp:featuredmedia":[{"embeddable":true,"href":"https:\/\/oeilsportif.info\/index.php\/wp-json\/wp\/v2\/media\/1430"}],"wp:attachment":[{"href":"https:\/\/oeilsportif.info\/index.php\/wp-json\/wp\/v2\/media?parent=1429"}],"wp:term":[{"taxonomy":"category","embeddable":true,"href":"https:\/\/oeilsportif.info\/index.php\/wp-json\/wp\/v2\/categories?post=1429"},{"taxonomy":"post_tag","embeddable":true,"href":"https:\/\/oeilsportif.info\/index.php\/wp-json\/wp\/v2\/tags?post=1429"}],"curies":[{"name":"wp","href":"https:\/\/api.w.org\/{rel}","templated":true}]}}