{"id":1414,"date":"2022-08-12T10:23:39","date_gmt":"2022-08-12T10:23:39","guid":{"rendered":"https:\/\/oeilsportif.info\/index.php\/?p=1414"},"modified":"2022-08-12T10:23:39","modified_gmt":"2022-08-12T10:23:39","slug":"mercato-lashanty-gb-de-siguiri-officialise-ses-nouvelles-recrues","status":"publish","type":"post","link":"https:\/\/oeilsportif.info\/index.php\/mercato-lashanty-gb-de-siguiri-officialise-ses-nouvelles-recrues\/","title":{"rendered":"Mercato : L&rsquo;Ashanty GB de siguiri officialise ses nouvelles recrues !"},"content":{"rendered":"<p dir=\"ltr\"><strong>Pour mieux aborder la nouvelle saison sportive 2022-2023, ce jeudi 11 ao\u00fbt 2022 l&rsquo;Ashanty Goldens boys de Siguiri a officialis\u00e9 ses nouvelles recrues \u00e0 travers sa page Facebook.<\/strong><\/p>\n<p dir=\"ltr\">Il s&rsquo;agit d&rsquo;Abdoulaye Bangoura \u00ab\u00a0Busquet\u00a0\u00bb en provenance de SOAR Acad\u00e9mie, Ibrahima Sory Soumah \u00ab\u00a0Batigol\u00a0\u00bb( l&rsquo;\u00c9l\u00e9phant de Col\u00e8ah) , Alseny Toure \u00ab\u00a0Jack\u00a0\u00bb (Satellite FC) et Ousmane T\u00e2t\u00e9 Keita ( Fello Star de Lab\u00e9). Ces recrues viendront renforcer l&rsquo;effectif du club de la savane (SAG) afin de faire un bon parcourir en accompagne africaine.<\/p>\n<p dir=\"ltr\">Qualifie\u00e9 pour la coupe de la Conf\u00e9d\u00e9ration Africaine de Football pour la troisi\u00e8me de suite, la SAG de Siguiri sera oppos\u00e9e au club mauritanien de KING OF NOUAKCHOTT au tour pr\u00e9liminaire de cette comp\u00e9tition. Le Match Aller aura lieu du 09 au 11 Septembre 2022 \u00e0 Nouakchott et le match retour les 16, 17 et 18 septembre 2022 \u00e0 Conakry.<\/p>\n<p dir=\"ltr\"><a href=\"https:\/\/i0.wp.com\/oeilsportif.info\/wp-content\/uploads\/2022\/08\/received_783197272884022.jpeg?ssl=1\"><img data-recalc-dims=\"1\" loading=\"lazy\" decoding=\"async\" class=\"alignnone size-full wp-image-1420\" src=\"https:\/\/i0.wp.com\/oeilsportif.info\/wp-content\/uploads\/2022\/08\/received_783197272884022.jpeg?resize=696%2C928&#038;ssl=1\" alt=\"\" width=\"696\" height=\"928\" srcset=\"https:\/\/i0.wp.com\/oeilsportif.info\/wp-content\/uploads\/2022\/08\/received_783197272884022.jpeg?w=720&amp;ssl=1 720w, https:\/\/i0.wp.com\/oeilsportif.info\/wp-content\/uploads\/2022\/08\/received_783197272884022.jpeg?resize=225%2C300&amp;ssl=1 225w, https:\/\/i0.wp.com\/oeilsportif.info\/wp-content\/uploads\/2022\/08\/received_783197272884022.jpeg?resize=696%2C928&amp;ssl=1 696w, https:\/\/i0.wp.com\/oeilsportif.info\/wp-content\/uploads\/2022\/08\/received_783197272884022.jpeg?resize=315%2C420&amp;ssl=1 315w\" sizes=\"auto, (max-width: 696px) 100vw, 696px\" \/><\/a><a href=\"https:\/\/i0.wp.com\/oeilsportif.info\/wp-content\/uploads\/2022\/08\/received_1125713958034936.jpeg?ssl=1\"><img data-recalc-dims=\"1\" loading=\"lazy\" decoding=\"async\" class=\"alignnone size-full wp-image-1417\" src=\"https:\/\/i0.wp.com\/oeilsportif.info\/wp-content\/uploads\/2022\/08\/received_1125713958034936.jpeg?resize=696%2C928&#038;ssl=1\" alt=\"\" width=\"696\" height=\"928\" srcset=\"https:\/\/i0.wp.com\/oeilsportif.info\/wp-content\/uploads\/2022\/08\/received_1125713958034936.jpeg?w=720&amp;ssl=1 720w, https:\/\/i0.wp.com\/oeilsportif.info\/wp-content\/uploads\/2022\/08\/received_1125713958034936.jpeg?resize=225%2C300&amp;ssl=1 225w, https:\/\/i0.wp.com\/oeilsportif.info\/wp-content\/uploads\/2022\/08\/received_1125713958034936.jpeg?resize=696%2C928&amp;ssl=1 696w, https:\/\/i0.wp.com\/oeilsportif.info\/wp-content\/uploads\/2022\/08\/received_1125713958034936.jpeg?resize=315%2C420&amp;ssl=1 315w\" sizes=\"auto, (max-width: 696px) 100vw, 696px\" \/><\/a><\/p>\n<p dir=\"ltr\"><strong>Thierno Yaya Kaloumaa<\/strong><\/p>\n","protected":false},"excerpt":{"rendered":"<p>Pour mieux aborder la nouvelle saison sportive 2022-2023, ce jeudi 11 ao\u00fbt 2022 l&rsquo;Ashanty Goldens boys de Siguiri a officialis\u00e9 ses nouvelles recrues \u00e0 travers sa page Facebook. Il s&rsquo;agit d&rsquo;Abdoulaye Bangoura \u00ab\u00a0Busquet\u00a0\u00bb en provenance de SOAR Acad\u00e9mie, Ibrahima Sory Soumah \u00ab\u00a0Batigol\u00a0\u00bb( l&rsquo;\u00c9l\u00e9phant de Col\u00e8ah) , Alseny Toure \u00ab\u00a0Jack\u00a0\u00bb (Satellite FC) et Ousmane T\u00e2t\u00e9 Keita [&hellip;]<\/p>\n","protected":false},"author":2,"featured_media":1417,"comment_status":"closed","ping_status":"open","sticky":false,"template":"","format":"standard","meta":{"_jetpack_memberships_contains_paid_content":false,"footnotes":"","jetpack_publicize_message":"","jetpack_publicize_feature_enabled":true,"jetpack_social_post_already_shared":true,"jetpack_social_options":{"image_generator_settings":{"template":"highway","default_image_id":0,"font":"","enabled":false},"version":2}},"categories":[5],"tags":[],"class_list":{"0":"post-1414","1":"post","2":"type-post","3":"status-publish","4":"format-standard","5":"has-post-thumbnail","7":"category-football"},"yoast_head":"<!-- This site is optimized with the Yoast SEO plugin v27.5 - https:\/\/yoast.com\/product\/yoast-seo-wordpress\/ -->\n<title>Mercato : L&#039;Ashanty GB de siguiri officialise ses nouvelles recrues ! - le regard du sportif<\/title>\n<meta name=\"robots\" content=\"index, follow, max-snippet:-1, max-image-preview:large, max-video-preview:-1\" \/>\n<link rel=\"canonical\" href=\"https:\/\/oeilsportif.info\/index.php\/mercato-lashanty-gb-de-siguiri-officialise-ses-nouvelles-recrues\/\" \/>\n<meta property=\"og:locale\" content=\"fr_FR\" \/>\n<meta property=\"og:type\" content=\"article\" \/>\n<meta property=\"og:title\" content=\"Mercato : L&#039;Ashanty GB de siguiri officialise ses nouvelles recrues ! - le regard du sportif\" \/>\n<meta property=\"og:description\" content=\"Pour mieux aborder la nouvelle saison sportive 2022-2023, ce jeudi 11 ao\u00fbt 2022 l&rsquo;Ashanty Goldens boys de Siguiri a officialis\u00e9 ses nouvelles recrues \u00e0 travers sa page Facebook. Il s&rsquo;agit d&rsquo;Abdoulaye Bangoura \u00ab\u00a0Busquet\u00a0\u00bb en provenance de SOAR Acad\u00e9mie, Ibrahima Sory Soumah \u00ab\u00a0Batigol\u00a0\u00bb( l&rsquo;\u00c9l\u00e9phant de Col\u00e8ah) , Alseny Toure \u00ab\u00a0Jack\u00a0\u00bb (Satellite FC) et Ousmane T\u00e2t\u00e9 Keita [&hellip;]\" \/>\n<meta property=\"og:url\" content=\"https:\/\/oeilsportif.info\/index.php\/mercato-lashanty-gb-de-siguiri-officialise-ses-nouvelles-recrues\/\" \/>\n<meta property=\"og:site_name\" content=\"le regard du sportif\" \/>\n<meta property=\"article:published_time\" content=\"2022-08-12T10:23:39+00:00\" \/>\n<meta property=\"og:image\" content=\"https:\/\/oeilsportif.info\/wp-content\/uploads\/2022\/08\/received_1125713958034936.jpeg\" \/>\n\t<meta property=\"og:image:width\" content=\"720\" \/>\n\t<meta property=\"og:image:height\" content=\"960\" \/>\n\t<meta property=\"og:image:type\" content=\"image\/jpeg\" \/>\n<meta name=\"author\" content=\"L&#039;Equipe de la R\u00e9daction\" \/>\n<meta name=\"twitter:label1\" content=\"\u00c9crit par\" \/>\n\t<meta name=\"twitter:data1\" content=\"L&#039;Equipe de la R\u00e9daction\" \/>\n\t<meta name=\"twitter:label2\" content=\"Dur\u00e9e de lecture estim\u00e9e\" \/>\n\t<meta name=\"twitter:data2\" content=\"2 minutes\" \/>\n<script type=\"application\/ld+json\" class=\"yoast-schema-graph\">{\"@context\":\"https:\\\/\\\/schema.org\",\"@graph\":[{\"@type\":\"Article\",\"@id\":\"https:\\\/\\\/oeilsportif.info\\\/index.php\\\/mercato-lashanty-gb-de-siguiri-officialise-ses-nouvelles-recrues\\\/#article\",\"isPartOf\":{\"@id\":\"https:\\\/\\\/oeilsportif.info\\\/index.php\\\/mercato-lashanty-gb-de-siguiri-officialise-ses-nouvelles-recrues\\\/\"},\"author\":{\"name\":\"L'Equipe de la R\u00e9daction\",\"@id\":\"https:\\\/\\\/oeilsportif.info\\\/#\\\/schema\\\/person\\\/cfbded294aa6095f7d96608d7905e9a1\"},\"headline\":\"Mercato : L&rsquo;Ashanty GB de siguiri officialise ses nouvelles recrues !\",\"datePublished\":\"2022-08-12T10:23:39+00:00\",\"mainEntityOfPage\":{\"@id\":\"https:\\\/\\\/oeilsportif.info\\\/index.php\\\/mercato-lashanty-gb-de-siguiri-officialise-ses-nouvelles-recrues\\\/\"},\"wordCount\":155,\"image\":{\"@id\":\"https:\\\/\\\/oeilsportif.info\\\/index.php\\\/mercato-lashanty-gb-de-siguiri-officialise-ses-nouvelles-recrues\\\/#primaryimage\"},\"thumbnailUrl\":\"https:\\\/\\\/i0.wp.com\\\/oeilsportif.info\\\/wp-content\\\/uploads\\\/2022\\\/08\\\/received_1125713958034936.jpeg?fit=720%2C960&ssl=1\",\"articleSection\":[\"Football\"],\"inLanguage\":\"fr-FR\"},{\"@type\":\"WebPage\",\"@id\":\"https:\\\/\\\/oeilsportif.info\\\/index.php\\\/mercato-lashanty-gb-de-siguiri-officialise-ses-nouvelles-recrues\\\/\",\"url\":\"https:\\\/\\\/oeilsportif.info\\\/index.php\\\/mercato-lashanty-gb-de-siguiri-officialise-ses-nouvelles-recrues\\\/\",\"name\":\"Mercato : L'Ashanty GB de siguiri officialise ses nouvelles recrues ! - le regard du sportif\",\"isPartOf\":{\"@id\":\"https:\\\/\\\/oeilsportif.info\\\/#website\"},\"primaryImageOfPage\":{\"@id\":\"https:\\\/\\\/oeilsportif.info\\\/index.php\\\/mercato-lashanty-gb-de-siguiri-officialise-ses-nouvelles-recrues\\\/#primaryimage\"},\"image\":{\"@id\":\"https:\\\/\\\/oeilsportif.info\\\/index.php\\\/mercato-lashanty-gb-de-siguiri-officialise-ses-nouvelles-recrues\\\/#primaryimage\"},\"thumbnailUrl\":\"https:\\\/\\\/i0.wp.com\\\/oeilsportif.info\\\/wp-content\\\/uploads\\\/2022\\\/08\\\/received_1125713958034936.jpeg?fit=720%2C960&ssl=1\",\"datePublished\":\"2022-08-12T10:23:39+00:00\",\"author\":{\"@id\":\"https:\\\/\\\/oeilsportif.info\\\/#\\\/schema\\\/person\\\/cfbded294aa6095f7d96608d7905e9a1\"},\"inLanguage\":\"fr-FR\",\"potentialAction\":[{\"@type\":\"ReadAction\",\"target\":[\"https:\\\/\\\/oeilsportif.info\\\/index.php\\\/mercato-lashanty-gb-de-siguiri-officialise-ses-nouvelles-recrues\\\/\"]}]},{\"@type\":\"ImageObject\",\"inLanguage\":\"fr-FR\",\"@id\":\"https:\\\/\\\/oeilsportif.info\\\/index.php\\\/mercato-lashanty-gb-de-siguiri-officialise-ses-nouvelles-recrues\\\/#primaryimage\",\"url\":\"https:\\\/\\\/i0.wp.com\\\/oeilsportif.info\\\/wp-content\\\/uploads\\\/2022\\\/08\\\/received_1125713958034936.jpeg?fit=720%2C960&ssl=1\",\"contentUrl\":\"https:\\\/\\\/i0.wp.com\\\/oeilsportif.info\\\/wp-content\\\/uploads\\\/2022\\\/08\\\/received_1125713958034936.jpeg?fit=720%2C960&ssl=1\",\"width\":720,\"height\":960},{\"@type\":\"WebSite\",\"@id\":\"https:\\\/\\\/oeilsportif.info\\\/#website\",\"url\":\"https:\\\/\\\/oeilsportif.info\\\/\",\"name\":\"le regard du sportif\",\"description\":\"\",\"potentialAction\":[{\"@type\":\"SearchAction\",\"target\":{\"@type\":\"EntryPoint\",\"urlTemplate\":\"https:\\\/\\\/oeilsportif.info\\\/?s={search_term_string}\"},\"query-input\":{\"@type\":\"PropertyValueSpecification\",\"valueRequired\":true,\"valueName\":\"search_term_string\"}}],\"inLanguage\":\"fr-FR\"},{\"@type\":\"Person\",\"@id\":\"https:\\\/\\\/oeilsportif.info\\\/#\\\/schema\\\/person\\\/cfbded294aa6095f7d96608d7905e9a1\",\"name\":\"L'Equipe de la R\u00e9daction\",\"image\":{\"@type\":\"ImageObject\",\"inLanguage\":\"fr-FR\",\"@id\":\"https:\\\/\\\/oeilsportif.info\\\/wp-content\\\/uploads\\\/2025\\\/07\\\/cropped-cropped-logo-os-96x96.jpeg\",\"url\":\"https:\\\/\\\/oeilsportif.info\\\/wp-content\\\/uploads\\\/2025\\\/07\\\/cropped-cropped-logo-os-96x96.jpeg\",\"contentUrl\":\"https:\\\/\\\/oeilsportif.info\\\/wp-content\\\/uploads\\\/2025\\\/07\\\/cropped-cropped-logo-os-96x96.jpeg\",\"caption\":\"L'Equipe de la R\u00e9daction\"},\"url\":\"https:\\\/\\\/oeilsportif.info\\\/index.php\\\/author\\\/tawel\\\/\"}]}<\/script>\n<!-- \/ Yoast SEO plugin. -->","yoast_head_json":{"title":"Mercato : L'Ashanty GB de siguiri officialise ses nouvelles recrues ! - le regard du sportif","robots":{"index":"index","follow":"follow","max-snippet":"max-snippet:-1","max-image-preview":"max-image-preview:large","max-video-preview":"max-video-preview:-1"},"canonical":"https:\/\/oeilsportif.info\/index.php\/mercato-lashanty-gb-de-siguiri-officialise-ses-nouvelles-recrues\/","og_locale":"fr_FR","og_type":"article","og_title":"Mercato : L'Ashanty GB de siguiri officialise ses nouvelles recrues ! - le regard du sportif","og_description":"Pour mieux aborder la nouvelle saison sportive 2022-2023, ce jeudi 11 ao\u00fbt 2022 l&rsquo;Ashanty Goldens boys de Siguiri a officialis\u00e9 ses nouvelles recrues \u00e0 travers sa page Facebook. Il s&rsquo;agit d&rsquo;Abdoulaye Bangoura \u00ab\u00a0Busquet\u00a0\u00bb en provenance de SOAR Acad\u00e9mie, Ibrahima Sory Soumah \u00ab\u00a0Batigol\u00a0\u00bb( l&rsquo;\u00c9l\u00e9phant de Col\u00e8ah) , Alseny Toure \u00ab\u00a0Jack\u00a0\u00bb (Satellite FC) et Ousmane T\u00e2t\u00e9 Keita [&hellip;]","og_url":"https:\/\/oeilsportif.info\/index.php\/mercato-lashanty-gb-de-siguiri-officialise-ses-nouvelles-recrues\/","og_site_name":"le regard du sportif","article_published_time":"2022-08-12T10:23:39+00:00","og_image":[{"width":720,"height":960,"url":"https:\/\/oeilsportif.info\/wp-content\/uploads\/2022\/08\/received_1125713958034936.jpeg","type":"image\/jpeg"}],"author":"L'Equipe de la R\u00e9daction","twitter_misc":{"\u00c9crit par":"L'Equipe de la R\u00e9daction","Dur\u00e9e de lecture estim\u00e9e":"2 minutes"},"schema":{"@context":"https:\/\/schema.org","@graph":[{"@type":"Article","@id":"https:\/\/oeilsportif.info\/index.php\/mercato-lashanty-gb-de-siguiri-officialise-ses-nouvelles-recrues\/#article","isPartOf":{"@id":"https:\/\/oeilsportif.info\/index.php\/mercato-lashanty-gb-de-siguiri-officialise-ses-nouvelles-recrues\/"},"author":{"name":"L'Equipe de la R\u00e9daction","@id":"https:\/\/oeilsportif.info\/#\/schema\/person\/cfbded294aa6095f7d96608d7905e9a1"},"headline":"Mercato : L&rsquo;Ashanty GB de siguiri officialise ses nouvelles recrues !","datePublished":"2022-08-12T10:23:39+00:00","mainEntityOfPage":{"@id":"https:\/\/oeilsportif.info\/index.php\/mercato-lashanty-gb-de-siguiri-officialise-ses-nouvelles-recrues\/"},"wordCount":155,"image":{"@id":"https:\/\/oeilsportif.info\/index.php\/mercato-lashanty-gb-de-siguiri-officialise-ses-nouvelles-recrues\/#primaryimage"},"thumbnailUrl":"https:\/\/i0.wp.com\/oeilsportif.info\/wp-content\/uploads\/2022\/08\/received_1125713958034936.jpeg?fit=720%2C960&ssl=1","articleSection":["Football"],"inLanguage":"fr-FR"},{"@type":"WebPage","@id":"https:\/\/oeilsportif.info\/index.php\/mercato-lashanty-gb-de-siguiri-officialise-ses-nouvelles-recrues\/","url":"https:\/\/oeilsportif.info\/index.php\/mercato-lashanty-gb-de-siguiri-officialise-ses-nouvelles-recrues\/","name":"Mercato : L'Ashanty GB de siguiri officialise ses nouvelles recrues ! - le regard du sportif","isPartOf":{"@id":"https:\/\/oeilsportif.info\/#website"},"primaryImageOfPage":{"@id":"https:\/\/oeilsportif.info\/index.php\/mercato-lashanty-gb-de-siguiri-officialise-ses-nouvelles-recrues\/#primaryimage"},"image":{"@id":"https:\/\/oeilsportif.info\/index.php\/mercato-lashanty-gb-de-siguiri-officialise-ses-nouvelles-recrues\/#primaryimage"},"thumbnailUrl":"https:\/\/i0.wp.com\/oeilsportif.info\/wp-content\/uploads\/2022\/08\/received_1125713958034936.jpeg?fit=720%2C960&ssl=1","datePublished":"2022-08-12T10:23:39+00:00","author":{"@id":"https:\/\/oeilsportif.info\/#\/schema\/person\/cfbded294aa6095f7d96608d7905e9a1"},"inLanguage":"fr-FR","potentialAction":[{"@type":"ReadAction","target":["https:\/\/oeilsportif.info\/index.php\/mercato-lashanty-gb-de-siguiri-officialise-ses-nouvelles-recrues\/"]}]},{"@type":"ImageObject","inLanguage":"fr-FR","@id":"https:\/\/oeilsportif.info\/index.php\/mercato-lashanty-gb-de-siguiri-officialise-ses-nouvelles-recrues\/#primaryimage","url":"https:\/\/i0.wp.com\/oeilsportif.info\/wp-content\/uploads\/2022\/08\/received_1125713958034936.jpeg?fit=720%2C960&ssl=1","contentUrl":"https:\/\/i0.wp.com\/oeilsportif.info\/wp-content\/uploads\/2022\/08\/received_1125713958034936.jpeg?fit=720%2C960&ssl=1","width":720,"height":960},{"@type":"WebSite","@id":"https:\/\/oeilsportif.info\/#website","url":"https:\/\/oeilsportif.info\/","name":"le regard du sportif","description":"","potentialAction":[{"@type":"SearchAction","target":{"@type":"EntryPoint","urlTemplate":"https:\/\/oeilsportif.info\/?s={search_term_string}"},"query-input":{"@type":"PropertyValueSpecification","valueRequired":true,"valueName":"search_term_string"}}],"inLanguage":"fr-FR"},{"@type":"Person","@id":"https:\/\/oeilsportif.info\/#\/schema\/person\/cfbded294aa6095f7d96608d7905e9a1","name":"L'Equipe de la R\u00e9daction","image":{"@type":"ImageObject","inLanguage":"fr-FR","@id":"https:\/\/oeilsportif.info\/wp-content\/uploads\/2025\/07\/cropped-cropped-logo-os-96x96.jpeg","url":"https:\/\/oeilsportif.info\/wp-content\/uploads\/2025\/07\/cropped-cropped-logo-os-96x96.jpeg","contentUrl":"https:\/\/oeilsportif.info\/wp-content\/uploads\/2025\/07\/cropped-cropped-logo-os-96x96.jpeg","caption":"L'Equipe de la R\u00e9daction"},"url":"https:\/\/oeilsportif.info\/index.php\/author\/tawel\/"}]}},"jetpack_publicize_connections":[],"jetpack_featured_media_url":"https:\/\/i0.wp.com\/oeilsportif.info\/wp-content\/uploads\/2022\/08\/received_1125713958034936.jpeg?fit=720%2C960&ssl=1","jetpack-related-posts":[],"jetpack_sharing_enabled":true,"jetpack_likes_enabled":true,"jetpack_shortlink":"https:\/\/wp.me\/pgFE77-mO","_links":{"self":[{"href":"https:\/\/oeilsportif.info\/index.php\/wp-json\/wp\/v2\/posts\/1414","targetHints":{"allow":["GET"]}}],"collection":[{"href":"https:\/\/oeilsportif.info\/index.php\/wp-json\/wp\/v2\/posts"}],"about":[{"href":"https:\/\/oeilsportif.info\/index.php\/wp-json\/wp\/v2\/types\/post"}],"author":[{"embeddable":true,"href":"https:\/\/oeilsportif.info\/index.php\/wp-json\/wp\/v2\/users\/2"}],"replies":[{"embeddable":true,"href":"https:\/\/oeilsportif.info\/index.php\/wp-json\/wp\/v2\/comments?post=1414"}],"version-history":[{"count":0,"href":"https:\/\/oeilsportif.info\/index.php\/wp-json\/wp\/v2\/posts\/1414\/revisions"}],"wp:featuredmedia":[{"embeddable":true,"href":"https:\/\/oeilsportif.info\/index.php\/wp-json\/wp\/v2\/media\/1417"}],"wp:attachment":[{"href":"https:\/\/oeilsportif.info\/index.php\/wp-json\/wp\/v2\/media?parent=1414"}],"wp:term":[{"taxonomy":"category","embeddable":true,"href":"https:\/\/oeilsportif.info\/index.php\/wp-json\/wp\/v2\/categories?post=1414"},{"taxonomy":"post_tag","embeddable":true,"href":"https:\/\/oeilsportif.info\/index.php\/wp-json\/wp\/v2\/tags?post=1414"}],"curies":[{"name":"wp","href":"https:\/\/api.w.org\/{rel}","templated":true}]}}