{"id":1399,"date":"2022-08-11T19:18:03","date_gmt":"2022-08-11T19:18:03","guid":{"rendered":"https:\/\/oeilsportif.info\/index.php\/?p=1399"},"modified":"2022-08-11T19:18:03","modified_gmt":"2022-08-11T19:18:03","slug":"tournoi-de-football-marco-ibrahim-2eme-edition-a-boke-cest-grace-a-kpc-que-ce-tournoi-porte-mon-nom","status":"publish","type":"post","link":"https:\/\/oeilsportif.info\/index.php\/tournoi-de-football-marco-ibrahim-2eme-edition-a-boke-cest-grace-a-kpc-que-ce-tournoi-porte-mon-nom\/","title":{"rendered":"Tournoi de football Marco Ibrahim 2\u00e8me Edition \u00e0 Bok\u00e9 :\u00ab C\u2019est gr\u00e2ce \u00e0 KPC que ce tournoi porte mon nom \u2026 \u00bb"},"content":{"rendered":"<p>Le tournoi vacancier des U-14 et U-15 d\u00e9marre ce samedi 13 ao\u00fbt 2022, au stade 1er Mai de Bok\u00e9.<br \/>\nLe donateur Marco Ibrahima Sory Bah secr\u00e9taire g\u00e9n\u00e9ral du Hafia Football Club et Pr\u00e9sident de l\u2019Association des Communicants de Footbal de Guin\u00e9e, s\u2019est exprim\u00e9 sur cet honneur que la jeunesse de kakand\u00e9 a bien voulu lui t\u00e9moigner. Il a magnifi\u00e9 sa joie et remerci\u00e9 le Pr\u00e9sident Kerfalla Camara KPC qui pour lui, est \u00e0 l&rsquo;origine de cette reconnaissance des jeunes de Bok\u00e9.<br \/>\nNous l\u2019avons rencontr\u00e9 ce mercredi il s\u2019est exprim\u00e9 en ces termes <strong>: \u00ab Je suis tr\u00e8s heureux que ce tournoi U- 14 et U-15 porte le nom de ma modeste personne \u00e0 Bok\u00e9 qui commence le samedi 13 Ao\u00fbt incha-allah. Je remercie Hamdjata N\u2019Diaye et toute la Team qui a pens\u00e9 \u00e0 ma modeste personne depuis l\u2019ann\u00e9e pass\u00e9e la premi\u00e8re \u00e9dition a commenc\u00e9 et cette ann\u00e9e c\u2019est la deuxi\u00e8me \u00e9dition (\u2026).<\/strong><br \/>\n<strong>Le fait que je sois modestement positionn\u00e9 aupr\u00e8s du Pr\u00e9sident KPC, a p\u00e8s\u00e9 dans la balance pour que les gens pensent \u00e0 ma modeste personne .Les organisateurs me l\u2019ont signifi\u00e9\u2026 Donc c\u2019est le lieu de remercie le Pr\u00e9sident KPC pour tout ce qu\u2019il fait pour la Guin\u00e9e, pour la jeunesse et pour la ville de Bok\u00e9. Et je ne cesserai de remercier les jeunes de Bok\u00e9 pour leur soutien \u00e0 KPC, Le Pr\u00e9sident KPC a beaucoup de projets pour Bok\u00e9 et ils seront r\u00e9alis\u00e9s. Car, quand KPC promet, il r\u00e9alise. Merci \u00e0 la jeunesse du Kakand\u00e9 pour cette 2\u00e9me \u00e9dition..\u2026 \u00bb<\/strong> a-t-il conclu.<\/p>\n<p>La 2\u00e8me \u00e9dition du troph\u00e9e Marco Ibrahima dont le tirage au sort a eu lieu ce jeudi 11 ao\u00fbt 2022, d\u00e9marrera le samedi 13 ao\u00fbt 2022 au stade 1er Mai de bok\u00e9.<\/p>\n<p>Vivement la 3\u00e9me \u00e9dition !<\/p>\n<p><strong>Mohamed Tawel Camara<\/strong><\/p>\n","protected":false},"excerpt":{"rendered":"<p>Le tournoi vacancier des U-14 et U-15 d\u00e9marre ce samedi 13 ao\u00fbt 2022, au stade 1er Mai de Bok\u00e9. Le donateur Marco Ibrahima Sory Bah secr\u00e9taire g\u00e9n\u00e9ral du Hafia Football Club et Pr\u00e9sident de l\u2019Association des Communicants de Footbal de Guin\u00e9e, s\u2019est exprim\u00e9 sur cet honneur que la jeunesse de kakand\u00e9 a bien voulu lui [&hellip;]<\/p>\n","protected":false},"author":2,"featured_media":1400,"comment_status":"closed","ping_status":"open","sticky":false,"template":"","format":"standard","meta":{"_jetpack_memberships_contains_paid_content":false,"footnotes":"","jetpack_publicize_message":"","jetpack_publicize_feature_enabled":true,"jetpack_social_post_already_shared":true,"jetpack_social_options":{"image_generator_settings":{"template":"highway","default_image_id":0,"font":"","enabled":false},"version":2}},"categories":[5],"tags":[],"class_list":{"0":"post-1399","1":"post","2":"type-post","3":"status-publish","4":"format-standard","5":"has-post-thumbnail","7":"category-football"},"yoast_head":"<!-- This site is optimized with the Yoast SEO plugin v27.5 - https:\/\/yoast.com\/product\/yoast-seo-wordpress\/ -->\n<title>Tournoi de football Marco Ibrahim 2\u00e8me Edition \u00e0 Bok\u00e9 :\u00ab C\u2019est gr\u00e2ce \u00e0 KPC que ce tournoi porte mon nom \u2026 \u00bb - le regard du sportif<\/title>\n<meta name=\"robots\" content=\"index, follow, max-snippet:-1, max-image-preview:large, max-video-preview:-1\" \/>\n<link rel=\"canonical\" href=\"https:\/\/oeilsportif.info\/index.php\/tournoi-de-football-marco-ibrahim-2eme-edition-a-boke-cest-grace-a-kpc-que-ce-tournoi-porte-mon-nom\/\" \/>\n<meta property=\"og:locale\" content=\"fr_FR\" \/>\n<meta property=\"og:type\" content=\"article\" \/>\n<meta property=\"og:title\" content=\"Tournoi de football Marco Ibrahim 2\u00e8me Edition \u00e0 Bok\u00e9 :\u00ab C\u2019est gr\u00e2ce \u00e0 KPC que ce tournoi porte mon nom \u2026 \u00bb - le regard du sportif\" \/>\n<meta property=\"og:description\" content=\"Le tournoi vacancier des U-14 et U-15 d\u00e9marre ce samedi 13 ao\u00fbt 2022, au stade 1er Mai de Bok\u00e9. Le donateur Marco Ibrahima Sory Bah secr\u00e9taire g\u00e9n\u00e9ral du Hafia Football Club et Pr\u00e9sident de l\u2019Association des Communicants de Footbal de Guin\u00e9e, s\u2019est exprim\u00e9 sur cet honneur que la jeunesse de kakand\u00e9 a bien voulu lui [&hellip;]\" \/>\n<meta property=\"og:url\" content=\"https:\/\/oeilsportif.info\/index.php\/tournoi-de-football-marco-ibrahim-2eme-edition-a-boke-cest-grace-a-kpc-que-ce-tournoi-porte-mon-nom\/\" \/>\n<meta property=\"og:site_name\" content=\"le regard du sportif\" \/>\n<meta property=\"article:published_time\" content=\"2022-08-11T19:18:03+00:00\" \/>\n<meta property=\"og:image\" content=\"https:\/\/oeilsportif.info\/wp-content\/uploads\/2022\/08\/Screenshot_20220811-190247_Facebook.jpg\" \/>\n\t<meta property=\"og:image:width\" content=\"1080\" \/>\n\t<meta property=\"og:image:height\" content=\"1574\" \/>\n\t<meta property=\"og:image:type\" content=\"image\/jpeg\" \/>\n<meta name=\"author\" content=\"L&#039;Equipe de la R\u00e9daction\" \/>\n<meta name=\"twitter:label1\" content=\"\u00c9crit par\" \/>\n\t<meta name=\"twitter:data1\" content=\"L&#039;Equipe de la R\u00e9daction\" \/>\n\t<meta name=\"twitter:label2\" content=\"Dur\u00e9e de lecture estim\u00e9e\" \/>\n\t<meta name=\"twitter:data2\" content=\"2 minutes\" \/>\n<script type=\"application\/ld+json\" class=\"yoast-schema-graph\">{\"@context\":\"https:\\\/\\\/schema.org\",\"@graph\":[{\"@type\":\"Article\",\"@id\":\"https:\\\/\\\/oeilsportif.info\\\/index.php\\\/tournoi-de-football-marco-ibrahim-2eme-edition-a-boke-cest-grace-a-kpc-que-ce-tournoi-porte-mon-nom\\\/#article\",\"isPartOf\":{\"@id\":\"https:\\\/\\\/oeilsportif.info\\\/index.php\\\/tournoi-de-football-marco-ibrahim-2eme-edition-a-boke-cest-grace-a-kpc-que-ce-tournoi-porte-mon-nom\\\/\"},\"author\":{\"name\":\"L'Equipe de la R\u00e9daction\",\"@id\":\"https:\\\/\\\/oeilsportif.info\\\/#\\\/schema\\\/person\\\/cfbded294aa6095f7d96608d7905e9a1\"},\"headline\":\"Tournoi de football Marco Ibrahim 2\u00e8me Edition \u00e0 Bok\u00e9 :\u00ab C\u2019est gr\u00e2ce \u00e0 KPC que ce tournoi porte mon nom \u2026 \u00bb\",\"datePublished\":\"2022-08-11T19:18:03+00:00\",\"mainEntityOfPage\":{\"@id\":\"https:\\\/\\\/oeilsportif.info\\\/index.php\\\/tournoi-de-football-marco-ibrahim-2eme-edition-a-boke-cest-grace-a-kpc-que-ce-tournoi-porte-mon-nom\\\/\"},\"wordCount\":335,\"image\":{\"@id\":\"https:\\\/\\\/oeilsportif.info\\\/index.php\\\/tournoi-de-football-marco-ibrahim-2eme-edition-a-boke-cest-grace-a-kpc-que-ce-tournoi-porte-mon-nom\\\/#primaryimage\"},\"thumbnailUrl\":\"https:\\\/\\\/i0.wp.com\\\/oeilsportif.info\\\/wp-content\\\/uploads\\\/2022\\\/08\\\/Screenshot_20220811-190247_Facebook.jpg?fit=1080%2C1574&ssl=1\",\"articleSection\":[\"Football\"],\"inLanguage\":\"fr-FR\"},{\"@type\":\"WebPage\",\"@id\":\"https:\\\/\\\/oeilsportif.info\\\/index.php\\\/tournoi-de-football-marco-ibrahim-2eme-edition-a-boke-cest-grace-a-kpc-que-ce-tournoi-porte-mon-nom\\\/\",\"url\":\"https:\\\/\\\/oeilsportif.info\\\/index.php\\\/tournoi-de-football-marco-ibrahim-2eme-edition-a-boke-cest-grace-a-kpc-que-ce-tournoi-porte-mon-nom\\\/\",\"name\":\"Tournoi de football Marco Ibrahim 2\u00e8me Edition \u00e0 Bok\u00e9 :\u00ab C\u2019est gr\u00e2ce \u00e0 KPC que ce tournoi porte mon nom \u2026 \u00bb - le regard du sportif\",\"isPartOf\":{\"@id\":\"https:\\\/\\\/oeilsportif.info\\\/#website\"},\"primaryImageOfPage\":{\"@id\":\"https:\\\/\\\/oeilsportif.info\\\/index.php\\\/tournoi-de-football-marco-ibrahim-2eme-edition-a-boke-cest-grace-a-kpc-que-ce-tournoi-porte-mon-nom\\\/#primaryimage\"},\"image\":{\"@id\":\"https:\\\/\\\/oeilsportif.info\\\/index.php\\\/tournoi-de-football-marco-ibrahim-2eme-edition-a-boke-cest-grace-a-kpc-que-ce-tournoi-porte-mon-nom\\\/#primaryimage\"},\"thumbnailUrl\":\"https:\\\/\\\/i0.wp.com\\\/oeilsportif.info\\\/wp-content\\\/uploads\\\/2022\\\/08\\\/Screenshot_20220811-190247_Facebook.jpg?fit=1080%2C1574&ssl=1\",\"datePublished\":\"2022-08-11T19:18:03+00:00\",\"author\":{\"@id\":\"https:\\\/\\\/oeilsportif.info\\\/#\\\/schema\\\/person\\\/cfbded294aa6095f7d96608d7905e9a1\"},\"inLanguage\":\"fr-FR\",\"potentialAction\":[{\"@type\":\"ReadAction\",\"target\":[\"https:\\\/\\\/oeilsportif.info\\\/index.php\\\/tournoi-de-football-marco-ibrahim-2eme-edition-a-boke-cest-grace-a-kpc-que-ce-tournoi-porte-mon-nom\\\/\"]}]},{\"@type\":\"ImageObject\",\"inLanguage\":\"fr-FR\",\"@id\":\"https:\\\/\\\/oeilsportif.info\\\/index.php\\\/tournoi-de-football-marco-ibrahim-2eme-edition-a-boke-cest-grace-a-kpc-que-ce-tournoi-porte-mon-nom\\\/#primaryimage\",\"url\":\"https:\\\/\\\/i0.wp.com\\\/oeilsportif.info\\\/wp-content\\\/uploads\\\/2022\\\/08\\\/Screenshot_20220811-190247_Facebook.jpg?fit=1080%2C1574&ssl=1\",\"contentUrl\":\"https:\\\/\\\/i0.wp.com\\\/oeilsportif.info\\\/wp-content\\\/uploads\\\/2022\\\/08\\\/Screenshot_20220811-190247_Facebook.jpg?fit=1080%2C1574&ssl=1\",\"width\":1080,\"height\":1574},{\"@type\":\"WebSite\",\"@id\":\"https:\\\/\\\/oeilsportif.info\\\/#website\",\"url\":\"https:\\\/\\\/oeilsportif.info\\\/\",\"name\":\"le regard du sportif\",\"description\":\"\",\"potentialAction\":[{\"@type\":\"SearchAction\",\"target\":{\"@type\":\"EntryPoint\",\"urlTemplate\":\"https:\\\/\\\/oeilsportif.info\\\/?s={search_term_string}\"},\"query-input\":{\"@type\":\"PropertyValueSpecification\",\"valueRequired\":true,\"valueName\":\"search_term_string\"}}],\"inLanguage\":\"fr-FR\"},{\"@type\":\"Person\",\"@id\":\"https:\\\/\\\/oeilsportif.info\\\/#\\\/schema\\\/person\\\/cfbded294aa6095f7d96608d7905e9a1\",\"name\":\"L'Equipe de la R\u00e9daction\",\"image\":{\"@type\":\"ImageObject\",\"inLanguage\":\"fr-FR\",\"@id\":\"https:\\\/\\\/oeilsportif.info\\\/wp-content\\\/uploads\\\/2025\\\/07\\\/cropped-cropped-logo-os-96x96.jpeg\",\"url\":\"https:\\\/\\\/oeilsportif.info\\\/wp-content\\\/uploads\\\/2025\\\/07\\\/cropped-cropped-logo-os-96x96.jpeg\",\"contentUrl\":\"https:\\\/\\\/oeilsportif.info\\\/wp-content\\\/uploads\\\/2025\\\/07\\\/cropped-cropped-logo-os-96x96.jpeg\",\"caption\":\"L'Equipe de la R\u00e9daction\"},\"url\":\"https:\\\/\\\/oeilsportif.info\\\/index.php\\\/author\\\/tawel\\\/\"}]}<\/script>\n<!-- \/ Yoast SEO plugin. -->","yoast_head_json":{"title":"Tournoi de football Marco Ibrahim 2\u00e8me Edition \u00e0 Bok\u00e9 :\u00ab C\u2019est gr\u00e2ce \u00e0 KPC que ce tournoi porte mon nom \u2026 \u00bb - le regard du sportif","robots":{"index":"index","follow":"follow","max-snippet":"max-snippet:-1","max-image-preview":"max-image-preview:large","max-video-preview":"max-video-preview:-1"},"canonical":"https:\/\/oeilsportif.info\/index.php\/tournoi-de-football-marco-ibrahim-2eme-edition-a-boke-cest-grace-a-kpc-que-ce-tournoi-porte-mon-nom\/","og_locale":"fr_FR","og_type":"article","og_title":"Tournoi de football Marco Ibrahim 2\u00e8me Edition \u00e0 Bok\u00e9 :\u00ab C\u2019est gr\u00e2ce \u00e0 KPC que ce tournoi porte mon nom \u2026 \u00bb - le regard du sportif","og_description":"Le tournoi vacancier des U-14 et U-15 d\u00e9marre ce samedi 13 ao\u00fbt 2022, au stade 1er Mai de Bok\u00e9. Le donateur Marco Ibrahima Sory Bah secr\u00e9taire g\u00e9n\u00e9ral du Hafia Football Club et Pr\u00e9sident de l\u2019Association des Communicants de Footbal de Guin\u00e9e, s\u2019est exprim\u00e9 sur cet honneur que la jeunesse de kakand\u00e9 a bien voulu lui [&hellip;]","og_url":"https:\/\/oeilsportif.info\/index.php\/tournoi-de-football-marco-ibrahim-2eme-edition-a-boke-cest-grace-a-kpc-que-ce-tournoi-porte-mon-nom\/","og_site_name":"le regard du sportif","article_published_time":"2022-08-11T19:18:03+00:00","og_image":[{"width":1080,"height":1574,"url":"https:\/\/oeilsportif.info\/wp-content\/uploads\/2022\/08\/Screenshot_20220811-190247_Facebook.jpg","type":"image\/jpeg"}],"author":"L'Equipe de la R\u00e9daction","twitter_misc":{"\u00c9crit par":"L'Equipe de la R\u00e9daction","Dur\u00e9e de lecture estim\u00e9e":"2 minutes"},"schema":{"@context":"https:\/\/schema.org","@graph":[{"@type":"Article","@id":"https:\/\/oeilsportif.info\/index.php\/tournoi-de-football-marco-ibrahim-2eme-edition-a-boke-cest-grace-a-kpc-que-ce-tournoi-porte-mon-nom\/#article","isPartOf":{"@id":"https:\/\/oeilsportif.info\/index.php\/tournoi-de-football-marco-ibrahim-2eme-edition-a-boke-cest-grace-a-kpc-que-ce-tournoi-porte-mon-nom\/"},"author":{"name":"L'Equipe de la R\u00e9daction","@id":"https:\/\/oeilsportif.info\/#\/schema\/person\/cfbded294aa6095f7d96608d7905e9a1"},"headline":"Tournoi de football Marco Ibrahim 2\u00e8me Edition \u00e0 Bok\u00e9 :\u00ab C\u2019est gr\u00e2ce \u00e0 KPC que ce tournoi porte mon nom \u2026 \u00bb","datePublished":"2022-08-11T19:18:03+00:00","mainEntityOfPage":{"@id":"https:\/\/oeilsportif.info\/index.php\/tournoi-de-football-marco-ibrahim-2eme-edition-a-boke-cest-grace-a-kpc-que-ce-tournoi-porte-mon-nom\/"},"wordCount":335,"image":{"@id":"https:\/\/oeilsportif.info\/index.php\/tournoi-de-football-marco-ibrahim-2eme-edition-a-boke-cest-grace-a-kpc-que-ce-tournoi-porte-mon-nom\/#primaryimage"},"thumbnailUrl":"https:\/\/i0.wp.com\/oeilsportif.info\/wp-content\/uploads\/2022\/08\/Screenshot_20220811-190247_Facebook.jpg?fit=1080%2C1574&ssl=1","articleSection":["Football"],"inLanguage":"fr-FR"},{"@type":"WebPage","@id":"https:\/\/oeilsportif.info\/index.php\/tournoi-de-football-marco-ibrahim-2eme-edition-a-boke-cest-grace-a-kpc-que-ce-tournoi-porte-mon-nom\/","url":"https:\/\/oeilsportif.info\/index.php\/tournoi-de-football-marco-ibrahim-2eme-edition-a-boke-cest-grace-a-kpc-que-ce-tournoi-porte-mon-nom\/","name":"Tournoi de football Marco Ibrahim 2\u00e8me Edition \u00e0 Bok\u00e9 :\u00ab C\u2019est gr\u00e2ce \u00e0 KPC que ce tournoi porte mon nom \u2026 \u00bb - le regard du sportif","isPartOf":{"@id":"https:\/\/oeilsportif.info\/#website"},"primaryImageOfPage":{"@id":"https:\/\/oeilsportif.info\/index.php\/tournoi-de-football-marco-ibrahim-2eme-edition-a-boke-cest-grace-a-kpc-que-ce-tournoi-porte-mon-nom\/#primaryimage"},"image":{"@id":"https:\/\/oeilsportif.info\/index.php\/tournoi-de-football-marco-ibrahim-2eme-edition-a-boke-cest-grace-a-kpc-que-ce-tournoi-porte-mon-nom\/#primaryimage"},"thumbnailUrl":"https:\/\/i0.wp.com\/oeilsportif.info\/wp-content\/uploads\/2022\/08\/Screenshot_20220811-190247_Facebook.jpg?fit=1080%2C1574&ssl=1","datePublished":"2022-08-11T19:18:03+00:00","author":{"@id":"https:\/\/oeilsportif.info\/#\/schema\/person\/cfbded294aa6095f7d96608d7905e9a1"},"inLanguage":"fr-FR","potentialAction":[{"@type":"ReadAction","target":["https:\/\/oeilsportif.info\/index.php\/tournoi-de-football-marco-ibrahim-2eme-edition-a-boke-cest-grace-a-kpc-que-ce-tournoi-porte-mon-nom\/"]}]},{"@type":"ImageObject","inLanguage":"fr-FR","@id":"https:\/\/oeilsportif.info\/index.php\/tournoi-de-football-marco-ibrahim-2eme-edition-a-boke-cest-grace-a-kpc-que-ce-tournoi-porte-mon-nom\/#primaryimage","url":"https:\/\/i0.wp.com\/oeilsportif.info\/wp-content\/uploads\/2022\/08\/Screenshot_20220811-190247_Facebook.jpg?fit=1080%2C1574&ssl=1","contentUrl":"https:\/\/i0.wp.com\/oeilsportif.info\/wp-content\/uploads\/2022\/08\/Screenshot_20220811-190247_Facebook.jpg?fit=1080%2C1574&ssl=1","width":1080,"height":1574},{"@type":"WebSite","@id":"https:\/\/oeilsportif.info\/#website","url":"https:\/\/oeilsportif.info\/","name":"le regard du sportif","description":"","potentialAction":[{"@type":"SearchAction","target":{"@type":"EntryPoint","urlTemplate":"https:\/\/oeilsportif.info\/?s={search_term_string}"},"query-input":{"@type":"PropertyValueSpecification","valueRequired":true,"valueName":"search_term_string"}}],"inLanguage":"fr-FR"},{"@type":"Person","@id":"https:\/\/oeilsportif.info\/#\/schema\/person\/cfbded294aa6095f7d96608d7905e9a1","name":"L'Equipe de la R\u00e9daction","image":{"@type":"ImageObject","inLanguage":"fr-FR","@id":"https:\/\/oeilsportif.info\/wp-content\/uploads\/2025\/07\/cropped-cropped-logo-os-96x96.jpeg","url":"https:\/\/oeilsportif.info\/wp-content\/uploads\/2025\/07\/cropped-cropped-logo-os-96x96.jpeg","contentUrl":"https:\/\/oeilsportif.info\/wp-content\/uploads\/2025\/07\/cropped-cropped-logo-os-96x96.jpeg","caption":"L'Equipe de la R\u00e9daction"},"url":"https:\/\/oeilsportif.info\/index.php\/author\/tawel\/"}]}},"jetpack_publicize_connections":[],"jetpack_featured_media_url":"https:\/\/i0.wp.com\/oeilsportif.info\/wp-content\/uploads\/2022\/08\/Screenshot_20220811-190247_Facebook.jpg?fit=1080%2C1574&ssl=1","jetpack-related-posts":[],"jetpack_sharing_enabled":true,"jetpack_likes_enabled":true,"jetpack_shortlink":"https:\/\/wp.me\/pgFE77-mz","_links":{"self":[{"href":"https:\/\/oeilsportif.info\/index.php\/wp-json\/wp\/v2\/posts\/1399","targetHints":{"allow":["GET"]}}],"collection":[{"href":"https:\/\/oeilsportif.info\/index.php\/wp-json\/wp\/v2\/posts"}],"about":[{"href":"https:\/\/oeilsportif.info\/index.php\/wp-json\/wp\/v2\/types\/post"}],"author":[{"embeddable":true,"href":"https:\/\/oeilsportif.info\/index.php\/wp-json\/wp\/v2\/users\/2"}],"replies":[{"embeddable":true,"href":"https:\/\/oeilsportif.info\/index.php\/wp-json\/wp\/v2\/comments?post=1399"}],"version-history":[{"count":0,"href":"https:\/\/oeilsportif.info\/index.php\/wp-json\/wp\/v2\/posts\/1399\/revisions"}],"wp:featuredmedia":[{"embeddable":true,"href":"https:\/\/oeilsportif.info\/index.php\/wp-json\/wp\/v2\/media\/1400"}],"wp:attachment":[{"href":"https:\/\/oeilsportif.info\/index.php\/wp-json\/wp\/v2\/media?parent=1399"}],"wp:term":[{"taxonomy":"category","embeddable":true,"href":"https:\/\/oeilsportif.info\/index.php\/wp-json\/wp\/v2\/categories?post=1399"},{"taxonomy":"post_tag","embeddable":true,"href":"https:\/\/oeilsportif.info\/index.php\/wp-json\/wp\/v2\/tags?post=1399"}],"curies":[{"name":"wp","href":"https:\/\/api.w.org\/{rel}","templated":true}]}}