{"id":1393,"date":"2022-08-11T10:18:26","date_gmt":"2022-08-11T10:18:26","guid":{"rendered":"https:\/\/oeilsportif.info\/index.php\/?p=1393"},"modified":"2022-08-11T10:18:26","modified_gmt":"2022-08-11T10:18:26","slug":"competition-de-la-caf-les-representants-guineens-vont-ils-jouer-a-domicile","status":"publish","type":"post","link":"https:\/\/oeilsportif.info\/index.php\/competition-de-la-caf-les-representants-guineens-vont-ils-jouer-a-domicile\/","title":{"rendered":"Comp\u00e9tition de la CAF :  Les repr\u00e9sentants guin\u00e9ens vont-ils jouer \u00e0 domicile ?"},"content":{"rendered":"<p>Ce mercredi 10 ao\u00fbt 2022 nous avons appris de sources concordantes que le stade G\u00e9n\u00e9ral Lansana Cont\u00e9 de Nongo a \u00e9t\u00e9 pr\u00e9-approuv\u00e9 par la Conf\u00e9d\u00e9ration Africaine de football pour la tenue des deux deuxi\u00e8mes tours pr\u00e9liminaires de la ligue des champions et de la coupe de la conf\u00e9d\u00e9ration africaine de football pour l&rsquo;exercice 2022-2023.<\/p>\n<p>Contrairement \u00e0 l&rsquo;ann\u00e9e derni\u00e8re \u00e0 l&rsquo;exception du Horoya AC, les repr\u00e9sentants guin\u00e9ens dans les comp\u00e9titions de la CAF ont tous jou\u00e9 leurs matchs de tour pr\u00e9liminaire \u00e0 l&rsquo;ext\u00e9rieur. Cette fois, si la CAF approuve le stade G\u00e9n\u00e9ral Lansana Cont\u00e9 pour ses comp\u00e9titions est une chance pour les clubs guin\u00e9ens de jouer ces matchs \u00e0 domicile.<\/p>\n","protected":false},"excerpt":{"rendered":"<p>Ce mercredi 10 ao\u00fbt 2022 nous avons appris de sources concordantes que le stade G\u00e9n\u00e9ral Lansana Cont\u00e9 de Nongo a \u00e9t\u00e9 pr\u00e9-approuv\u00e9 par la Conf\u00e9d\u00e9ration Africaine de football pour la tenue des deux deuxi\u00e8mes tours pr\u00e9liminaires de la ligue des champions et de la coupe de la conf\u00e9d\u00e9ration africaine de football pour l&rsquo;exercice 2022-2023. Contrairement [&hellip;]<\/p>\n","protected":false},"author":2,"featured_media":1394,"comment_status":"closed","ping_status":"open","sticky":false,"template":"","format":"standard","meta":{"_jetpack_memberships_contains_paid_content":false,"footnotes":"","jetpack_publicize_message":"","jetpack_publicize_feature_enabled":true,"jetpack_social_post_already_shared":true,"jetpack_social_options":{"image_generator_settings":{"template":"highway","default_image_id":0,"font":"","enabled":false},"version":2}},"categories":[5],"tags":[],"class_list":{"0":"post-1393","1":"post","2":"type-post","3":"status-publish","4":"format-standard","5":"has-post-thumbnail","7":"category-football"},"yoast_head":"<!-- This site is optimized with the Yoast SEO plugin v27.5 - https:\/\/yoast.com\/product\/yoast-seo-wordpress\/ -->\n<title>Comp\u00e9tition de la CAF : Les repr\u00e9sentants guin\u00e9ens vont-ils jouer \u00e0 domicile ? - le regard du sportif<\/title>\n<meta name=\"robots\" content=\"index, follow, max-snippet:-1, max-image-preview:large, max-video-preview:-1\" \/>\n<link rel=\"canonical\" href=\"https:\/\/oeilsportif.info\/index.php\/competition-de-la-caf-les-representants-guineens-vont-ils-jouer-a-domicile\/\" \/>\n<meta property=\"og:locale\" content=\"fr_FR\" \/>\n<meta property=\"og:type\" content=\"article\" \/>\n<meta property=\"og:title\" content=\"Comp\u00e9tition de la CAF : Les repr\u00e9sentants guin\u00e9ens vont-ils jouer \u00e0 domicile ? - le regard du sportif\" \/>\n<meta property=\"og:description\" content=\"Ce mercredi 10 ao\u00fbt 2022 nous avons appris de sources concordantes que le stade G\u00e9n\u00e9ral Lansana Cont\u00e9 de Nongo a \u00e9t\u00e9 pr\u00e9-approuv\u00e9 par la Conf\u00e9d\u00e9ration Africaine de football pour la tenue des deux deuxi\u00e8mes tours pr\u00e9liminaires de la ligue des champions et de la coupe de la conf\u00e9d\u00e9ration africaine de football pour l&rsquo;exercice 2022-2023. Contrairement [&hellip;]\" \/>\n<meta property=\"og:url\" content=\"https:\/\/oeilsportif.info\/index.php\/competition-de-la-caf-les-representants-guineens-vont-ils-jouer-a-domicile\/\" \/>\n<meta property=\"og:site_name\" content=\"le regard du sportif\" \/>\n<meta property=\"article:published_time\" content=\"2022-08-11T10:18:26+00:00\" \/>\n<meta property=\"og:image\" content=\"https:\/\/oeilsportif.info\/wp-content\/uploads\/2022\/08\/FB_IMG_1660211031904.jpg\" \/>\n\t<meta property=\"og:image:width\" content=\"720\" \/>\n\t<meta property=\"og:image:height\" content=\"466\" \/>\n\t<meta property=\"og:image:type\" content=\"image\/jpeg\" \/>\n<meta name=\"author\" content=\"L&#039;Equipe de la R\u00e9daction\" \/>\n<meta name=\"twitter:label1\" content=\"\u00c9crit par\" \/>\n\t<meta name=\"twitter:data1\" content=\"L&#039;Equipe de la R\u00e9daction\" \/>\n\t<meta name=\"twitter:label2\" content=\"Dur\u00e9e de lecture estim\u00e9e\" \/>\n\t<meta name=\"twitter:data2\" content=\"1 minute\" \/>\n<script type=\"application\/ld+json\" class=\"yoast-schema-graph\">{\"@context\":\"https:\\\/\\\/schema.org\",\"@graph\":[{\"@type\":\"Article\",\"@id\":\"https:\\\/\\\/oeilsportif.info\\\/index.php\\\/competition-de-la-caf-les-representants-guineens-vont-ils-jouer-a-domicile\\\/#article\",\"isPartOf\":{\"@id\":\"https:\\\/\\\/oeilsportif.info\\\/index.php\\\/competition-de-la-caf-les-representants-guineens-vont-ils-jouer-a-domicile\\\/\"},\"author\":{\"name\":\"L'Equipe de la R\u00e9daction\",\"@id\":\"https:\\\/\\\/oeilsportif.info\\\/#\\\/schema\\\/person\\\/cfbded294aa6095f7d96608d7905e9a1\"},\"headline\":\"Comp\u00e9tition de la CAF : Les repr\u00e9sentants guin\u00e9ens vont-ils jouer \u00e0 domicile ?\",\"datePublished\":\"2022-08-11T10:18:26+00:00\",\"mainEntityOfPage\":{\"@id\":\"https:\\\/\\\/oeilsportif.info\\\/index.php\\\/competition-de-la-caf-les-representants-guineens-vont-ils-jouer-a-domicile\\\/\"},\"wordCount\":141,\"image\":{\"@id\":\"https:\\\/\\\/oeilsportif.info\\\/index.php\\\/competition-de-la-caf-les-representants-guineens-vont-ils-jouer-a-domicile\\\/#primaryimage\"},\"thumbnailUrl\":\"https:\\\/\\\/i0.wp.com\\\/oeilsportif.info\\\/wp-content\\\/uploads\\\/2022\\\/08\\\/FB_IMG_1660211031904.jpg?fit=720%2C466&ssl=1\",\"articleSection\":[\"Football\"],\"inLanguage\":\"fr-FR\"},{\"@type\":\"WebPage\",\"@id\":\"https:\\\/\\\/oeilsportif.info\\\/index.php\\\/competition-de-la-caf-les-representants-guineens-vont-ils-jouer-a-domicile\\\/\",\"url\":\"https:\\\/\\\/oeilsportif.info\\\/index.php\\\/competition-de-la-caf-les-representants-guineens-vont-ils-jouer-a-domicile\\\/\",\"name\":\"Comp\u00e9tition de la CAF : Les repr\u00e9sentants guin\u00e9ens vont-ils jouer \u00e0 domicile ? - le regard du sportif\",\"isPartOf\":{\"@id\":\"https:\\\/\\\/oeilsportif.info\\\/#website\"},\"primaryImageOfPage\":{\"@id\":\"https:\\\/\\\/oeilsportif.info\\\/index.php\\\/competition-de-la-caf-les-representants-guineens-vont-ils-jouer-a-domicile\\\/#primaryimage\"},\"image\":{\"@id\":\"https:\\\/\\\/oeilsportif.info\\\/index.php\\\/competition-de-la-caf-les-representants-guineens-vont-ils-jouer-a-domicile\\\/#primaryimage\"},\"thumbnailUrl\":\"https:\\\/\\\/i0.wp.com\\\/oeilsportif.info\\\/wp-content\\\/uploads\\\/2022\\\/08\\\/FB_IMG_1660211031904.jpg?fit=720%2C466&ssl=1\",\"datePublished\":\"2022-08-11T10:18:26+00:00\",\"author\":{\"@id\":\"https:\\\/\\\/oeilsportif.info\\\/#\\\/schema\\\/person\\\/cfbded294aa6095f7d96608d7905e9a1\"},\"inLanguage\":\"fr-FR\",\"potentialAction\":[{\"@type\":\"ReadAction\",\"target\":[\"https:\\\/\\\/oeilsportif.info\\\/index.php\\\/competition-de-la-caf-les-representants-guineens-vont-ils-jouer-a-domicile\\\/\"]}]},{\"@type\":\"ImageObject\",\"inLanguage\":\"fr-FR\",\"@id\":\"https:\\\/\\\/oeilsportif.info\\\/index.php\\\/competition-de-la-caf-les-representants-guineens-vont-ils-jouer-a-domicile\\\/#primaryimage\",\"url\":\"https:\\\/\\\/i0.wp.com\\\/oeilsportif.info\\\/wp-content\\\/uploads\\\/2022\\\/08\\\/FB_IMG_1660211031904.jpg?fit=720%2C466&ssl=1\",\"contentUrl\":\"https:\\\/\\\/i0.wp.com\\\/oeilsportif.info\\\/wp-content\\\/uploads\\\/2022\\\/08\\\/FB_IMG_1660211031904.jpg?fit=720%2C466&ssl=1\",\"width\":720,\"height\":466},{\"@type\":\"WebSite\",\"@id\":\"https:\\\/\\\/oeilsportif.info\\\/#website\",\"url\":\"https:\\\/\\\/oeilsportif.info\\\/\",\"name\":\"le regard du sportif\",\"description\":\"\",\"potentialAction\":[{\"@type\":\"SearchAction\",\"target\":{\"@type\":\"EntryPoint\",\"urlTemplate\":\"https:\\\/\\\/oeilsportif.info\\\/?s={search_term_string}\"},\"query-input\":{\"@type\":\"PropertyValueSpecification\",\"valueRequired\":true,\"valueName\":\"search_term_string\"}}],\"inLanguage\":\"fr-FR\"},{\"@type\":\"Person\",\"@id\":\"https:\\\/\\\/oeilsportif.info\\\/#\\\/schema\\\/person\\\/cfbded294aa6095f7d96608d7905e9a1\",\"name\":\"L'Equipe de la R\u00e9daction\",\"image\":{\"@type\":\"ImageObject\",\"inLanguage\":\"fr-FR\",\"@id\":\"https:\\\/\\\/oeilsportif.info\\\/wp-content\\\/uploads\\\/2025\\\/07\\\/cropped-cropped-logo-os-96x96.jpeg\",\"url\":\"https:\\\/\\\/oeilsportif.info\\\/wp-content\\\/uploads\\\/2025\\\/07\\\/cropped-cropped-logo-os-96x96.jpeg\",\"contentUrl\":\"https:\\\/\\\/oeilsportif.info\\\/wp-content\\\/uploads\\\/2025\\\/07\\\/cropped-cropped-logo-os-96x96.jpeg\",\"caption\":\"L'Equipe de la R\u00e9daction\"},\"url\":\"https:\\\/\\\/oeilsportif.info\\\/index.php\\\/author\\\/tawel\\\/\"}]}<\/script>\n<!-- \/ Yoast SEO plugin. -->","yoast_head_json":{"title":"Comp\u00e9tition de la CAF : Les repr\u00e9sentants guin\u00e9ens vont-ils jouer \u00e0 domicile ? - le regard du sportif","robots":{"index":"index","follow":"follow","max-snippet":"max-snippet:-1","max-image-preview":"max-image-preview:large","max-video-preview":"max-video-preview:-1"},"canonical":"https:\/\/oeilsportif.info\/index.php\/competition-de-la-caf-les-representants-guineens-vont-ils-jouer-a-domicile\/","og_locale":"fr_FR","og_type":"article","og_title":"Comp\u00e9tition de la CAF : Les repr\u00e9sentants guin\u00e9ens vont-ils jouer \u00e0 domicile ? - le regard du sportif","og_description":"Ce mercredi 10 ao\u00fbt 2022 nous avons appris de sources concordantes que le stade G\u00e9n\u00e9ral Lansana Cont\u00e9 de Nongo a \u00e9t\u00e9 pr\u00e9-approuv\u00e9 par la Conf\u00e9d\u00e9ration Africaine de football pour la tenue des deux deuxi\u00e8mes tours pr\u00e9liminaires de la ligue des champions et de la coupe de la conf\u00e9d\u00e9ration africaine de football pour l&rsquo;exercice 2022-2023. Contrairement [&hellip;]","og_url":"https:\/\/oeilsportif.info\/index.php\/competition-de-la-caf-les-representants-guineens-vont-ils-jouer-a-domicile\/","og_site_name":"le regard du sportif","article_published_time":"2022-08-11T10:18:26+00:00","og_image":[{"width":720,"height":466,"url":"https:\/\/oeilsportif.info\/wp-content\/uploads\/2022\/08\/FB_IMG_1660211031904.jpg","type":"image\/jpeg"}],"author":"L'Equipe de la R\u00e9daction","twitter_misc":{"\u00c9crit par":"L'Equipe de la R\u00e9daction","Dur\u00e9e de lecture estim\u00e9e":"1 minute"},"schema":{"@context":"https:\/\/schema.org","@graph":[{"@type":"Article","@id":"https:\/\/oeilsportif.info\/index.php\/competition-de-la-caf-les-representants-guineens-vont-ils-jouer-a-domicile\/#article","isPartOf":{"@id":"https:\/\/oeilsportif.info\/index.php\/competition-de-la-caf-les-representants-guineens-vont-ils-jouer-a-domicile\/"},"author":{"name":"L'Equipe de la R\u00e9daction","@id":"https:\/\/oeilsportif.info\/#\/schema\/person\/cfbded294aa6095f7d96608d7905e9a1"},"headline":"Comp\u00e9tition de la CAF : Les repr\u00e9sentants guin\u00e9ens vont-ils jouer \u00e0 domicile ?","datePublished":"2022-08-11T10:18:26+00:00","mainEntityOfPage":{"@id":"https:\/\/oeilsportif.info\/index.php\/competition-de-la-caf-les-representants-guineens-vont-ils-jouer-a-domicile\/"},"wordCount":141,"image":{"@id":"https:\/\/oeilsportif.info\/index.php\/competition-de-la-caf-les-representants-guineens-vont-ils-jouer-a-domicile\/#primaryimage"},"thumbnailUrl":"https:\/\/i0.wp.com\/oeilsportif.info\/wp-content\/uploads\/2022\/08\/FB_IMG_1660211031904.jpg?fit=720%2C466&ssl=1","articleSection":["Football"],"inLanguage":"fr-FR"},{"@type":"WebPage","@id":"https:\/\/oeilsportif.info\/index.php\/competition-de-la-caf-les-representants-guineens-vont-ils-jouer-a-domicile\/","url":"https:\/\/oeilsportif.info\/index.php\/competition-de-la-caf-les-representants-guineens-vont-ils-jouer-a-domicile\/","name":"Comp\u00e9tition de la CAF : Les repr\u00e9sentants guin\u00e9ens vont-ils jouer \u00e0 domicile ? - le regard du sportif","isPartOf":{"@id":"https:\/\/oeilsportif.info\/#website"},"primaryImageOfPage":{"@id":"https:\/\/oeilsportif.info\/index.php\/competition-de-la-caf-les-representants-guineens-vont-ils-jouer-a-domicile\/#primaryimage"},"image":{"@id":"https:\/\/oeilsportif.info\/index.php\/competition-de-la-caf-les-representants-guineens-vont-ils-jouer-a-domicile\/#primaryimage"},"thumbnailUrl":"https:\/\/i0.wp.com\/oeilsportif.info\/wp-content\/uploads\/2022\/08\/FB_IMG_1660211031904.jpg?fit=720%2C466&ssl=1","datePublished":"2022-08-11T10:18:26+00:00","author":{"@id":"https:\/\/oeilsportif.info\/#\/schema\/person\/cfbded294aa6095f7d96608d7905e9a1"},"inLanguage":"fr-FR","potentialAction":[{"@type":"ReadAction","target":["https:\/\/oeilsportif.info\/index.php\/competition-de-la-caf-les-representants-guineens-vont-ils-jouer-a-domicile\/"]}]},{"@type":"ImageObject","inLanguage":"fr-FR","@id":"https:\/\/oeilsportif.info\/index.php\/competition-de-la-caf-les-representants-guineens-vont-ils-jouer-a-domicile\/#primaryimage","url":"https:\/\/i0.wp.com\/oeilsportif.info\/wp-content\/uploads\/2022\/08\/FB_IMG_1660211031904.jpg?fit=720%2C466&ssl=1","contentUrl":"https:\/\/i0.wp.com\/oeilsportif.info\/wp-content\/uploads\/2022\/08\/FB_IMG_1660211031904.jpg?fit=720%2C466&ssl=1","width":720,"height":466},{"@type":"WebSite","@id":"https:\/\/oeilsportif.info\/#website","url":"https:\/\/oeilsportif.info\/","name":"le regard du sportif","description":"","potentialAction":[{"@type":"SearchAction","target":{"@type":"EntryPoint","urlTemplate":"https:\/\/oeilsportif.info\/?s={search_term_string}"},"query-input":{"@type":"PropertyValueSpecification","valueRequired":true,"valueName":"search_term_string"}}],"inLanguage":"fr-FR"},{"@type":"Person","@id":"https:\/\/oeilsportif.info\/#\/schema\/person\/cfbded294aa6095f7d96608d7905e9a1","name":"L'Equipe de la R\u00e9daction","image":{"@type":"ImageObject","inLanguage":"fr-FR","@id":"https:\/\/oeilsportif.info\/wp-content\/uploads\/2025\/07\/cropped-cropped-logo-os-96x96.jpeg","url":"https:\/\/oeilsportif.info\/wp-content\/uploads\/2025\/07\/cropped-cropped-logo-os-96x96.jpeg","contentUrl":"https:\/\/oeilsportif.info\/wp-content\/uploads\/2025\/07\/cropped-cropped-logo-os-96x96.jpeg","caption":"L'Equipe de la R\u00e9daction"},"url":"https:\/\/oeilsportif.info\/index.php\/author\/tawel\/"}]}},"jetpack_publicize_connections":[],"jetpack_featured_media_url":"https:\/\/i0.wp.com\/oeilsportif.info\/wp-content\/uploads\/2022\/08\/FB_IMG_1660211031904.jpg?fit=720%2C466&ssl=1","jetpack-related-posts":[],"jetpack_sharing_enabled":true,"jetpack_likes_enabled":true,"jetpack_shortlink":"https:\/\/wp.me\/pgFE77-mt","_links":{"self":[{"href":"https:\/\/oeilsportif.info\/index.php\/wp-json\/wp\/v2\/posts\/1393","targetHints":{"allow":["GET"]}}],"collection":[{"href":"https:\/\/oeilsportif.info\/index.php\/wp-json\/wp\/v2\/posts"}],"about":[{"href":"https:\/\/oeilsportif.info\/index.php\/wp-json\/wp\/v2\/types\/post"}],"author":[{"embeddable":true,"href":"https:\/\/oeilsportif.info\/index.php\/wp-json\/wp\/v2\/users\/2"}],"replies":[{"embeddable":true,"href":"https:\/\/oeilsportif.info\/index.php\/wp-json\/wp\/v2\/comments?post=1393"}],"version-history":[{"count":0,"href":"https:\/\/oeilsportif.info\/index.php\/wp-json\/wp\/v2\/posts\/1393\/revisions"}],"wp:featuredmedia":[{"embeddable":true,"href":"https:\/\/oeilsportif.info\/index.php\/wp-json\/wp\/v2\/media\/1394"}],"wp:attachment":[{"href":"https:\/\/oeilsportif.info\/index.php\/wp-json\/wp\/v2\/media?parent=1393"}],"wp:term":[{"taxonomy":"category","embeddable":true,"href":"https:\/\/oeilsportif.info\/index.php\/wp-json\/wp\/v2\/categories?post=1393"},{"taxonomy":"post_tag","embeddable":true,"href":"https:\/\/oeilsportif.info\/index.php\/wp-json\/wp\/v2\/tags?post=1393"}],"curies":[{"name":"wp","href":"https:\/\/api.w.org\/{rel}","templated":true}]}}