{"id":1372,"date":"2022-08-08T10:24:37","date_gmt":"2022-08-08T10:24:37","guid":{"rendered":"https:\/\/oeilsportif.info\/index.php\/?p=1372"},"modified":"2022-08-08T10:24:37","modified_gmt":"2022-08-08T10:24:37","slug":"ifra-dieng","status":"publish","type":"post","link":"https:\/\/oeilsportif.info\/index.php\/ifra-dieng\/","title":{"rendered":"Ifra Dieng &lt;&gt;"},"content":{"rendered":"<p><strong>Comme annonc\u00e9, le Hafia FC du Pr\u00e9sident Kerfalla Camara KPC a d\u00e9marr\u00e9 la saison 2022-2023 ce lundi 08 ao\u00fbt 2022.<\/strong><\/p>\n<p>Au total 24 joueurs \u00e9taient pr\u00e9sents except\u00e9s les convoqu\u00e9s en \u00e9quipe nationale locale et deux joueurs expatri\u00e9s Nane Nichard et Andoulo Serge. A cette occasion, le nouveau Pr\u00e9sident d\u00e9l\u00e9gu\u00e9 du Hafia FC Monsieur Ifra Dieng qui rencontrait les joueurs du premier triple champion d&rsquo;Afrique des clubs depuis sa nomination les a prodigu\u00e9 de sages conseils avant de les mettre face \u00e0 leur responsabilit\u00e9.<br \/>\n<strong>&lt;&lt; On va partager vos joies et vos difficult\u00e9s ensemble. M\u00eame pour dormir \u00e0 l&rsquo;internat avec vous s&rsquo;il faut le faire on le fera puisque c&rsquo;est \u00c7a une \u00e9quipe. Il est impensable qu&rsquo;on ne soit pas africain. Nous avons eu les mauvais r\u00e9sultats la saison pass\u00e9e; la faute c&rsquo;est du bureau aux joueurs. Nous sommes tous comptables de ce r\u00e9sultat qui n&rsquo;honnore personne. Le Hafia FC joue pour \u00eatre champion. Si on ne peut pas l&rsquo;\u00eatre, m\u00eame s&rsquo;il faut changer tout le monde on le fera. Ce qui s&rsquo;est pass\u00e9 la saison pass\u00e9e, ne se r\u00e9p\u00e9tera pas. On mettra tout pour qu&rsquo;on ameliore les r\u00e9sultats. Depuis 2013 le pr\u00e9sident KPC est pr\u00e9sident du Hafia FC avec beaucoup d&rsquo;investissements et sans retour. La seule chose qui ferait du bien au pr\u00e9sident c&rsquo;est de remporter des troph\u00e9es. Vous avez le meilleur pr\u00e9sident de club en Guin\u00e9e (&#8230; ). Sachez que la carri\u00e8re d&rsquo;un joueur c&rsquo;est10 \u00e0 15 ans. Comprennez que chacun de vous joue pour lui-m\u00eame. Nous sommes avec vous et nos portes sont ouvertes&#8230;&gt;&gt;<\/strong><\/p>\n<p>S\u00e9kouna Camara<\/p>\n","protected":false},"excerpt":{"rendered":"<p>Comme annonc\u00e9, le Hafia FC du Pr\u00e9sident Kerfalla Camara KPC a d\u00e9marr\u00e9 la saison 2022-2023 ce lundi 08 ao\u00fbt 2022. Au total 24 joueurs \u00e9taient pr\u00e9sents except\u00e9s les convoqu\u00e9s en \u00e9quipe nationale locale et deux joueurs expatri\u00e9s Nane Nichard et Andoulo Serge. A cette occasion, le nouveau Pr\u00e9sident d\u00e9l\u00e9gu\u00e9 du Hafia FC Monsieur Ifra Dieng [&hellip;]<\/p>\n","protected":false},"author":2,"featured_media":1373,"comment_status":"closed","ping_status":"open","sticky":false,"template":"","format":"standard","meta":{"_jetpack_memberships_contains_paid_content":false,"footnotes":"","jetpack_publicize_message":"","jetpack_publicize_feature_enabled":true,"jetpack_social_post_already_shared":true,"jetpack_social_options":{"image_generator_settings":{"template":"highway","default_image_id":0,"font":"","enabled":false},"version":2}},"categories":[5],"tags":[],"class_list":{"0":"post-1372","1":"post","2":"type-post","3":"status-publish","4":"format-standard","5":"has-post-thumbnail","7":"category-football"},"yoast_head":"<!-- This site is optimized with the Yoast SEO plugin v27.5 - https:\/\/yoast.com\/product\/yoast-seo-wordpress\/ -->\n<title>Ifra Dieng &lt;&gt; - le regard du sportif<\/title>\n<meta name=\"robots\" content=\"index, follow, max-snippet:-1, max-image-preview:large, max-video-preview:-1\" \/>\n<link rel=\"canonical\" href=\"https:\/\/oeilsportif.info\/index.php\/ifra-dieng\/\" \/>\n<meta property=\"og:locale\" content=\"fr_FR\" \/>\n<meta property=\"og:type\" content=\"article\" \/>\n<meta property=\"og:title\" content=\"Ifra Dieng &lt;&gt; - le regard du sportif\" \/>\n<meta property=\"og:description\" content=\"Comme annonc\u00e9, le Hafia FC du Pr\u00e9sident Kerfalla Camara KPC a d\u00e9marr\u00e9 la saison 2022-2023 ce lundi 08 ao\u00fbt 2022. Au total 24 joueurs \u00e9taient pr\u00e9sents except\u00e9s les convoqu\u00e9s en \u00e9quipe nationale locale et deux joueurs expatri\u00e9s Nane Nichard et Andoulo Serge. A cette occasion, le nouveau Pr\u00e9sident d\u00e9l\u00e9gu\u00e9 du Hafia FC Monsieur Ifra Dieng [&hellip;]\" \/>\n<meta property=\"og:url\" content=\"https:\/\/oeilsportif.info\/index.php\/ifra-dieng\/\" \/>\n<meta property=\"og:site_name\" content=\"le regard du sportif\" \/>\n<meta property=\"article:published_time\" content=\"2022-08-08T10:24:37+00:00\" \/>\n<meta property=\"og:image\" content=\"https:\/\/oeilsportif.info\/wp-content\/uploads\/2022\/08\/received_2880928842208722.jpeg\" \/>\n\t<meta property=\"og:image:width\" content=\"2048\" \/>\n\t<meta property=\"og:image:height\" content=\"1152\" \/>\n\t<meta property=\"og:image:type\" content=\"image\/jpeg\" \/>\n<meta name=\"author\" content=\"L&#039;Equipe de la R\u00e9daction\" \/>\n<meta name=\"twitter:label1\" content=\"\u00c9crit par\" \/>\n\t<meta name=\"twitter:data1\" content=\"L&#039;Equipe de la R\u00e9daction\" \/>\n\t<meta name=\"twitter:label2\" content=\"Dur\u00e9e de lecture estim\u00e9e\" \/>\n\t<meta name=\"twitter:data2\" content=\"2 minutes\" \/>\n<script type=\"application\/ld+json\" class=\"yoast-schema-graph\">{\"@context\":\"https:\\\/\\\/schema.org\",\"@graph\":[{\"@type\":\"Article\",\"@id\":\"https:\\\/\\\/oeilsportif.info\\\/index.php\\\/ifra-dieng\\\/#article\",\"isPartOf\":{\"@id\":\"https:\\\/\\\/oeilsportif.info\\\/index.php\\\/ifra-dieng\\\/\"},\"author\":{\"name\":\"L'Equipe de la R\u00e9daction\",\"@id\":\"https:\\\/\\\/oeilsportif.info\\\/#\\\/schema\\\/person\\\/cfbded294aa6095f7d96608d7905e9a1\"},\"headline\":\"Ifra Dieng &lt;&gt;\",\"datePublished\":\"2022-08-08T10:24:37+00:00\",\"mainEntityOfPage\":{\"@id\":\"https:\\\/\\\/oeilsportif.info\\\/index.php\\\/ifra-dieng\\\/\"},\"wordCount\":299,\"image\":{\"@id\":\"https:\\\/\\\/oeilsportif.info\\\/index.php\\\/ifra-dieng\\\/#primaryimage\"},\"thumbnailUrl\":\"https:\\\/\\\/i0.wp.com\\\/oeilsportif.info\\\/wp-content\\\/uploads\\\/2022\\\/08\\\/received_2880928842208722.jpeg?fit=2048%2C1152&ssl=1\",\"articleSection\":[\"Football\"],\"inLanguage\":\"fr-FR\"},{\"@type\":\"WebPage\",\"@id\":\"https:\\\/\\\/oeilsportif.info\\\/index.php\\\/ifra-dieng\\\/\",\"url\":\"https:\\\/\\\/oeilsportif.info\\\/index.php\\\/ifra-dieng\\\/\",\"name\":\"Ifra Dieng &lt;&gt; - le regard du sportif\",\"isPartOf\":{\"@id\":\"https:\\\/\\\/oeilsportif.info\\\/#website\"},\"primaryImageOfPage\":{\"@id\":\"https:\\\/\\\/oeilsportif.info\\\/index.php\\\/ifra-dieng\\\/#primaryimage\"},\"image\":{\"@id\":\"https:\\\/\\\/oeilsportif.info\\\/index.php\\\/ifra-dieng\\\/#primaryimage\"},\"thumbnailUrl\":\"https:\\\/\\\/i0.wp.com\\\/oeilsportif.info\\\/wp-content\\\/uploads\\\/2022\\\/08\\\/received_2880928842208722.jpeg?fit=2048%2C1152&ssl=1\",\"datePublished\":\"2022-08-08T10:24:37+00:00\",\"author\":{\"@id\":\"https:\\\/\\\/oeilsportif.info\\\/#\\\/schema\\\/person\\\/cfbded294aa6095f7d96608d7905e9a1\"},\"inLanguage\":\"fr-FR\",\"potentialAction\":[{\"@type\":\"ReadAction\",\"target\":[\"https:\\\/\\\/oeilsportif.info\\\/index.php\\\/ifra-dieng\\\/\"]}]},{\"@type\":\"ImageObject\",\"inLanguage\":\"fr-FR\",\"@id\":\"https:\\\/\\\/oeilsportif.info\\\/index.php\\\/ifra-dieng\\\/#primaryimage\",\"url\":\"https:\\\/\\\/i0.wp.com\\\/oeilsportif.info\\\/wp-content\\\/uploads\\\/2022\\\/08\\\/received_2880928842208722.jpeg?fit=2048%2C1152&ssl=1\",\"contentUrl\":\"https:\\\/\\\/i0.wp.com\\\/oeilsportif.info\\\/wp-content\\\/uploads\\\/2022\\\/08\\\/received_2880928842208722.jpeg?fit=2048%2C1152&ssl=1\",\"width\":2048,\"height\":1152},{\"@type\":\"WebSite\",\"@id\":\"https:\\\/\\\/oeilsportif.info\\\/#website\",\"url\":\"https:\\\/\\\/oeilsportif.info\\\/\",\"name\":\"le regard du sportif\",\"description\":\"\",\"potentialAction\":[{\"@type\":\"SearchAction\",\"target\":{\"@type\":\"EntryPoint\",\"urlTemplate\":\"https:\\\/\\\/oeilsportif.info\\\/?s={search_term_string}\"},\"query-input\":{\"@type\":\"PropertyValueSpecification\",\"valueRequired\":true,\"valueName\":\"search_term_string\"}}],\"inLanguage\":\"fr-FR\"},{\"@type\":\"Person\",\"@id\":\"https:\\\/\\\/oeilsportif.info\\\/#\\\/schema\\\/person\\\/cfbded294aa6095f7d96608d7905e9a1\",\"name\":\"L'Equipe de la R\u00e9daction\",\"image\":{\"@type\":\"ImageObject\",\"inLanguage\":\"fr-FR\",\"@id\":\"https:\\\/\\\/oeilsportif.info\\\/wp-content\\\/uploads\\\/2025\\\/07\\\/cropped-cropped-logo-os-96x96.jpeg\",\"url\":\"https:\\\/\\\/oeilsportif.info\\\/wp-content\\\/uploads\\\/2025\\\/07\\\/cropped-cropped-logo-os-96x96.jpeg\",\"contentUrl\":\"https:\\\/\\\/oeilsportif.info\\\/wp-content\\\/uploads\\\/2025\\\/07\\\/cropped-cropped-logo-os-96x96.jpeg\",\"caption\":\"L'Equipe de la R\u00e9daction\"},\"url\":\"https:\\\/\\\/oeilsportif.info\\\/index.php\\\/author\\\/tawel\\\/\"}]}<\/script>\n<!-- \/ Yoast SEO plugin. -->","yoast_head_json":{"title":"Ifra Dieng &lt;&gt; - le regard du sportif","robots":{"index":"index","follow":"follow","max-snippet":"max-snippet:-1","max-image-preview":"max-image-preview:large","max-video-preview":"max-video-preview:-1"},"canonical":"https:\/\/oeilsportif.info\/index.php\/ifra-dieng\/","og_locale":"fr_FR","og_type":"article","og_title":"Ifra Dieng &lt;&gt; - le regard du sportif","og_description":"Comme annonc\u00e9, le Hafia FC du Pr\u00e9sident Kerfalla Camara KPC a d\u00e9marr\u00e9 la saison 2022-2023 ce lundi 08 ao\u00fbt 2022. Au total 24 joueurs \u00e9taient pr\u00e9sents except\u00e9s les convoqu\u00e9s en \u00e9quipe nationale locale et deux joueurs expatri\u00e9s Nane Nichard et Andoulo Serge. A cette occasion, le nouveau Pr\u00e9sident d\u00e9l\u00e9gu\u00e9 du Hafia FC Monsieur Ifra Dieng [&hellip;]","og_url":"https:\/\/oeilsportif.info\/index.php\/ifra-dieng\/","og_site_name":"le regard du sportif","article_published_time":"2022-08-08T10:24:37+00:00","og_image":[{"width":2048,"height":1152,"url":"https:\/\/oeilsportif.info\/wp-content\/uploads\/2022\/08\/received_2880928842208722.jpeg","type":"image\/jpeg"}],"author":"L'Equipe de la R\u00e9daction","twitter_misc":{"\u00c9crit par":"L'Equipe de la R\u00e9daction","Dur\u00e9e de lecture estim\u00e9e":"2 minutes"},"schema":{"@context":"https:\/\/schema.org","@graph":[{"@type":"Article","@id":"https:\/\/oeilsportif.info\/index.php\/ifra-dieng\/#article","isPartOf":{"@id":"https:\/\/oeilsportif.info\/index.php\/ifra-dieng\/"},"author":{"name":"L'Equipe de la R\u00e9daction","@id":"https:\/\/oeilsportif.info\/#\/schema\/person\/cfbded294aa6095f7d96608d7905e9a1"},"headline":"Ifra Dieng &lt;&gt;","datePublished":"2022-08-08T10:24:37+00:00","mainEntityOfPage":{"@id":"https:\/\/oeilsportif.info\/index.php\/ifra-dieng\/"},"wordCount":299,"image":{"@id":"https:\/\/oeilsportif.info\/index.php\/ifra-dieng\/#primaryimage"},"thumbnailUrl":"https:\/\/i0.wp.com\/oeilsportif.info\/wp-content\/uploads\/2022\/08\/received_2880928842208722.jpeg?fit=2048%2C1152&ssl=1","articleSection":["Football"],"inLanguage":"fr-FR"},{"@type":"WebPage","@id":"https:\/\/oeilsportif.info\/index.php\/ifra-dieng\/","url":"https:\/\/oeilsportif.info\/index.php\/ifra-dieng\/","name":"Ifra Dieng &lt;&gt; - le regard du sportif","isPartOf":{"@id":"https:\/\/oeilsportif.info\/#website"},"primaryImageOfPage":{"@id":"https:\/\/oeilsportif.info\/index.php\/ifra-dieng\/#primaryimage"},"image":{"@id":"https:\/\/oeilsportif.info\/index.php\/ifra-dieng\/#primaryimage"},"thumbnailUrl":"https:\/\/i0.wp.com\/oeilsportif.info\/wp-content\/uploads\/2022\/08\/received_2880928842208722.jpeg?fit=2048%2C1152&ssl=1","datePublished":"2022-08-08T10:24:37+00:00","author":{"@id":"https:\/\/oeilsportif.info\/#\/schema\/person\/cfbded294aa6095f7d96608d7905e9a1"},"inLanguage":"fr-FR","potentialAction":[{"@type":"ReadAction","target":["https:\/\/oeilsportif.info\/index.php\/ifra-dieng\/"]}]},{"@type":"ImageObject","inLanguage":"fr-FR","@id":"https:\/\/oeilsportif.info\/index.php\/ifra-dieng\/#primaryimage","url":"https:\/\/i0.wp.com\/oeilsportif.info\/wp-content\/uploads\/2022\/08\/received_2880928842208722.jpeg?fit=2048%2C1152&ssl=1","contentUrl":"https:\/\/i0.wp.com\/oeilsportif.info\/wp-content\/uploads\/2022\/08\/received_2880928842208722.jpeg?fit=2048%2C1152&ssl=1","width":2048,"height":1152},{"@type":"WebSite","@id":"https:\/\/oeilsportif.info\/#website","url":"https:\/\/oeilsportif.info\/","name":"le regard du sportif","description":"","potentialAction":[{"@type":"SearchAction","target":{"@type":"EntryPoint","urlTemplate":"https:\/\/oeilsportif.info\/?s={search_term_string}"},"query-input":{"@type":"PropertyValueSpecification","valueRequired":true,"valueName":"search_term_string"}}],"inLanguage":"fr-FR"},{"@type":"Person","@id":"https:\/\/oeilsportif.info\/#\/schema\/person\/cfbded294aa6095f7d96608d7905e9a1","name":"L'Equipe de la R\u00e9daction","image":{"@type":"ImageObject","inLanguage":"fr-FR","@id":"https:\/\/oeilsportif.info\/wp-content\/uploads\/2025\/07\/cropped-cropped-logo-os-96x96.jpeg","url":"https:\/\/oeilsportif.info\/wp-content\/uploads\/2025\/07\/cropped-cropped-logo-os-96x96.jpeg","contentUrl":"https:\/\/oeilsportif.info\/wp-content\/uploads\/2025\/07\/cropped-cropped-logo-os-96x96.jpeg","caption":"L'Equipe de la R\u00e9daction"},"url":"https:\/\/oeilsportif.info\/index.php\/author\/tawel\/"}]}},"jetpack_publicize_connections":[],"jetpack_featured_media_url":"https:\/\/i0.wp.com\/oeilsportif.info\/wp-content\/uploads\/2022\/08\/received_2880928842208722.jpeg?fit=2048%2C1152&ssl=1","jetpack-related-posts":[],"jetpack_sharing_enabled":true,"jetpack_likes_enabled":true,"jetpack_shortlink":"https:\/\/wp.me\/pgFE77-m8","_links":{"self":[{"href":"https:\/\/oeilsportif.info\/index.php\/wp-json\/wp\/v2\/posts\/1372","targetHints":{"allow":["GET"]}}],"collection":[{"href":"https:\/\/oeilsportif.info\/index.php\/wp-json\/wp\/v2\/posts"}],"about":[{"href":"https:\/\/oeilsportif.info\/index.php\/wp-json\/wp\/v2\/types\/post"}],"author":[{"embeddable":true,"href":"https:\/\/oeilsportif.info\/index.php\/wp-json\/wp\/v2\/users\/2"}],"replies":[{"embeddable":true,"href":"https:\/\/oeilsportif.info\/index.php\/wp-json\/wp\/v2\/comments?post=1372"}],"version-history":[{"count":0,"href":"https:\/\/oeilsportif.info\/index.php\/wp-json\/wp\/v2\/posts\/1372\/revisions"}],"wp:featuredmedia":[{"embeddable":true,"href":"https:\/\/oeilsportif.info\/index.php\/wp-json\/wp\/v2\/media\/1373"}],"wp:attachment":[{"href":"https:\/\/oeilsportif.info\/index.php\/wp-json\/wp\/v2\/media?parent=1372"}],"wp:term":[{"taxonomy":"category","embeddable":true,"href":"https:\/\/oeilsportif.info\/index.php\/wp-json\/wp\/v2\/categories?post=1372"},{"taxonomy":"post_tag","embeddable":true,"href":"https:\/\/oeilsportif.info\/index.php\/wp-json\/wp\/v2\/tags?post=1372"}],"curies":[{"name":"wp","href":"https:\/\/api.w.org\/{rel}","templated":true}]}}