{"id":1368,"date":"2022-08-07T18:59:15","date_gmt":"2022-08-07T18:59:15","guid":{"rendered":"https:\/\/oeilsportif.info\/index.php\/?p=1368"},"modified":"2022-08-07T18:59:15","modified_gmt":"2022-08-07T18:59:15","slug":"communique-de-presse-le-tirage-au-sort-des-tours-preliminaires-des-competitions-interclubs-de-la-caf-aura-lieu-mardi","status":"publish","type":"post","link":"https:\/\/oeilsportif.info\/index.php\/communique-de-presse-le-tirage-au-sort-des-tours-preliminaires-des-competitions-interclubs-de-la-caf-aura-lieu-mardi\/","title":{"rendered":"Communiqu\u00e9 de Presse : Le tirage au sort des tours pr\u00e9liminaires des comp\u00e9titions interclubs de la CAF aura lieu mardi"},"content":{"rendered":"<p>Le tirage au sort des tours pr\u00e9liminaires des comp\u00e9titions interclubs CAF TotalEnergies 2022-2023 aura lieu ce mardi 09 ao\u00fbt 2022 au Caire, en \u00c9gypte, \u00e0 16h00 heure locale.<\/p>\n<p>Ce tirage marque le coup d\u2019envoi de la campagne 2022-2023 de la Ligue des Champions de la CAF TotalEnergies et de la Coupe de la Conf\u00e9d\u00e9ration de la CAF TotalEnergies.<\/p>\n<p>La saison derni\u00e8re, le Wydad Athletic Club avait remport\u00e9 la Ligue des Champions TotalEnergies tandis qu\u2019un autre club marocain, la RS Berkane, s\u2019\u00e9tait adjug\u00e9 la Coupe de la Conf\u00e9d\u00e9ration TotalEnergies pour la deuxi\u00e8me fois en trois ans.<\/p>\n<p>Dates des tours pr\u00e9liminaires :<\/p>\n<p>Premier tour (aller\/retour) : 09 \u2013 11 septembre \/ 16 \u2013 18 septembre 2022<\/p>\n<p>Deuxi\u00e8me tour (aller\/retour) : 07 \u2013 9 octobre \/ 14 \u2013 16 octobre 2022<\/p>\n<p>Ci-dessous les \u00e9quipes qualifi\u00e9es pour la saison 2022-2023<\/p>\n<p>2022-2023 TotalEnergies CAF Interclubs &#8211; Engaged Teams [PDF]<\/p>\n<p>Sourcr : CAF &#8211; Direction de la Communication<\/p>\n<p>communications@cafonline.com<\/p>\n","protected":false},"excerpt":{"rendered":"<p>Le tirage au sort des tours pr\u00e9liminaires des comp\u00e9titions interclubs CAF TotalEnergies 2022-2023 aura lieu ce mardi 09 ao\u00fbt 2022 au Caire, en \u00c9gypte, \u00e0 16h00 heure locale. Ce tirage marque le coup d\u2019envoi de la campagne 2022-2023 de la Ligue des Champions de la CAF TotalEnergies et de la Coupe de la Conf\u00e9d\u00e9ration de [&hellip;]<\/p>\n","protected":false},"author":2,"featured_media":1369,"comment_status":"closed","ping_status":"open","sticky":false,"template":"","format":"standard","meta":{"_jetpack_memberships_contains_paid_content":false,"footnotes":"","jetpack_publicize_message":"","jetpack_publicize_feature_enabled":true,"jetpack_social_post_already_shared":true,"jetpack_social_options":{"image_generator_settings":{"template":"highway","default_image_id":0,"font":"","enabled":false},"version":2}},"categories":[5],"tags":[],"class_list":{"0":"post-1368","1":"post","2":"type-post","3":"status-publish","4":"format-standard","5":"has-post-thumbnail","7":"category-football"},"yoast_head":"<!-- This site is optimized with the Yoast SEO plugin v27.5 - https:\/\/yoast.com\/product\/yoast-seo-wordpress\/ -->\n<title>Communiqu\u00e9 de Presse : Le tirage au sort des tours pr\u00e9liminaires des comp\u00e9titions interclubs de la CAF aura lieu mardi - le regard du sportif<\/title>\n<meta name=\"robots\" content=\"index, follow, max-snippet:-1, max-image-preview:large, max-video-preview:-1\" \/>\n<link rel=\"canonical\" href=\"https:\/\/oeilsportif.info\/index.php\/communique-de-presse-le-tirage-au-sort-des-tours-preliminaires-des-competitions-interclubs-de-la-caf-aura-lieu-mardi\/\" \/>\n<meta property=\"og:locale\" content=\"fr_FR\" \/>\n<meta property=\"og:type\" content=\"article\" \/>\n<meta property=\"og:title\" content=\"Communiqu\u00e9 de Presse : Le tirage au sort des tours pr\u00e9liminaires des comp\u00e9titions interclubs de la CAF aura lieu mardi - le regard du sportif\" \/>\n<meta property=\"og:description\" content=\"Le tirage au sort des tours pr\u00e9liminaires des comp\u00e9titions interclubs CAF TotalEnergies 2022-2023 aura lieu ce mardi 09 ao\u00fbt 2022 au Caire, en \u00c9gypte, \u00e0 16h00 heure locale. Ce tirage marque le coup d\u2019envoi de la campagne 2022-2023 de la Ligue des Champions de la CAF TotalEnergies et de la Coupe de la Conf\u00e9d\u00e9ration de [&hellip;]\" \/>\n<meta property=\"og:url\" content=\"https:\/\/oeilsportif.info\/index.php\/communique-de-presse-le-tirage-au-sort-des-tours-preliminaires-des-competitions-interclubs-de-la-caf-aura-lieu-mardi\/\" \/>\n<meta property=\"og:site_name\" content=\"le regard du sportif\" \/>\n<meta property=\"article:published_time\" content=\"2022-08-07T18:59:15+00:00\" \/>\n<meta property=\"og:image\" content=\"https:\/\/oeilsportif.info\/wp-content\/uploads\/2022\/08\/FB_IMG_1659898637599.jpg\" \/>\n\t<meta property=\"og:image:width\" content=\"1080\" \/>\n\t<meta property=\"og:image:height\" content=\"608\" \/>\n\t<meta property=\"og:image:type\" content=\"image\/jpeg\" \/>\n<meta name=\"author\" content=\"L&#039;Equipe de la R\u00e9daction\" \/>\n<meta name=\"twitter:label1\" content=\"\u00c9crit par\" \/>\n\t<meta name=\"twitter:data1\" content=\"L&#039;Equipe de la R\u00e9daction\" \/>\n\t<meta name=\"twitter:label2\" content=\"Dur\u00e9e de lecture estim\u00e9e\" \/>\n\t<meta name=\"twitter:data2\" content=\"1 minute\" \/>\n<script type=\"application\/ld+json\" class=\"yoast-schema-graph\">{\"@context\":\"https:\\\/\\\/schema.org\",\"@graph\":[{\"@type\":\"Article\",\"@id\":\"https:\\\/\\\/oeilsportif.info\\\/index.php\\\/communique-de-presse-le-tirage-au-sort-des-tours-preliminaires-des-competitions-interclubs-de-la-caf-aura-lieu-mardi\\\/#article\",\"isPartOf\":{\"@id\":\"https:\\\/\\\/oeilsportif.info\\\/index.php\\\/communique-de-presse-le-tirage-au-sort-des-tours-preliminaires-des-competitions-interclubs-de-la-caf-aura-lieu-mardi\\\/\"},\"author\":{\"name\":\"L'Equipe de la R\u00e9daction\",\"@id\":\"https:\\\/\\\/oeilsportif.info\\\/#\\\/schema\\\/person\\\/cfbded294aa6095f7d96608d7905e9a1\"},\"headline\":\"Communiqu\u00e9 de Presse : Le tirage au sort des tours pr\u00e9liminaires des comp\u00e9titions interclubs de la CAF aura lieu mardi\",\"datePublished\":\"2022-08-07T18:59:15+00:00\",\"mainEntityOfPage\":{\"@id\":\"https:\\\/\\\/oeilsportif.info\\\/index.php\\\/communique-de-presse-le-tirage-au-sort-des-tours-preliminaires-des-competitions-interclubs-de-la-caf-aura-lieu-mardi\\\/\"},\"wordCount\":170,\"image\":{\"@id\":\"https:\\\/\\\/oeilsportif.info\\\/index.php\\\/communique-de-presse-le-tirage-au-sort-des-tours-preliminaires-des-competitions-interclubs-de-la-caf-aura-lieu-mardi\\\/#primaryimage\"},\"thumbnailUrl\":\"https:\\\/\\\/i0.wp.com\\\/oeilsportif.info\\\/wp-content\\\/uploads\\\/2022\\\/08\\\/FB_IMG_1659898637599.jpg?fit=1080%2C608&ssl=1\",\"articleSection\":[\"Football\"],\"inLanguage\":\"fr-FR\"},{\"@type\":\"WebPage\",\"@id\":\"https:\\\/\\\/oeilsportif.info\\\/index.php\\\/communique-de-presse-le-tirage-au-sort-des-tours-preliminaires-des-competitions-interclubs-de-la-caf-aura-lieu-mardi\\\/\",\"url\":\"https:\\\/\\\/oeilsportif.info\\\/index.php\\\/communique-de-presse-le-tirage-au-sort-des-tours-preliminaires-des-competitions-interclubs-de-la-caf-aura-lieu-mardi\\\/\",\"name\":\"Communiqu\u00e9 de Presse : Le tirage au sort des tours pr\u00e9liminaires des comp\u00e9titions interclubs de la CAF aura lieu mardi - le regard du sportif\",\"isPartOf\":{\"@id\":\"https:\\\/\\\/oeilsportif.info\\\/#website\"},\"primaryImageOfPage\":{\"@id\":\"https:\\\/\\\/oeilsportif.info\\\/index.php\\\/communique-de-presse-le-tirage-au-sort-des-tours-preliminaires-des-competitions-interclubs-de-la-caf-aura-lieu-mardi\\\/#primaryimage\"},\"image\":{\"@id\":\"https:\\\/\\\/oeilsportif.info\\\/index.php\\\/communique-de-presse-le-tirage-au-sort-des-tours-preliminaires-des-competitions-interclubs-de-la-caf-aura-lieu-mardi\\\/#primaryimage\"},\"thumbnailUrl\":\"https:\\\/\\\/i0.wp.com\\\/oeilsportif.info\\\/wp-content\\\/uploads\\\/2022\\\/08\\\/FB_IMG_1659898637599.jpg?fit=1080%2C608&ssl=1\",\"datePublished\":\"2022-08-07T18:59:15+00:00\",\"author\":{\"@id\":\"https:\\\/\\\/oeilsportif.info\\\/#\\\/schema\\\/person\\\/cfbded294aa6095f7d96608d7905e9a1\"},\"inLanguage\":\"fr-FR\",\"potentialAction\":[{\"@type\":\"ReadAction\",\"target\":[\"https:\\\/\\\/oeilsportif.info\\\/index.php\\\/communique-de-presse-le-tirage-au-sort-des-tours-preliminaires-des-competitions-interclubs-de-la-caf-aura-lieu-mardi\\\/\"]}]},{\"@type\":\"ImageObject\",\"inLanguage\":\"fr-FR\",\"@id\":\"https:\\\/\\\/oeilsportif.info\\\/index.php\\\/communique-de-presse-le-tirage-au-sort-des-tours-preliminaires-des-competitions-interclubs-de-la-caf-aura-lieu-mardi\\\/#primaryimage\",\"url\":\"https:\\\/\\\/i0.wp.com\\\/oeilsportif.info\\\/wp-content\\\/uploads\\\/2022\\\/08\\\/FB_IMG_1659898637599.jpg?fit=1080%2C608&ssl=1\",\"contentUrl\":\"https:\\\/\\\/i0.wp.com\\\/oeilsportif.info\\\/wp-content\\\/uploads\\\/2022\\\/08\\\/FB_IMG_1659898637599.jpg?fit=1080%2C608&ssl=1\",\"width\":1080,\"height\":608},{\"@type\":\"WebSite\",\"@id\":\"https:\\\/\\\/oeilsportif.info\\\/#website\",\"url\":\"https:\\\/\\\/oeilsportif.info\\\/\",\"name\":\"le regard du sportif\",\"description\":\"\",\"potentialAction\":[{\"@type\":\"SearchAction\",\"target\":{\"@type\":\"EntryPoint\",\"urlTemplate\":\"https:\\\/\\\/oeilsportif.info\\\/?s={search_term_string}\"},\"query-input\":{\"@type\":\"PropertyValueSpecification\",\"valueRequired\":true,\"valueName\":\"search_term_string\"}}],\"inLanguage\":\"fr-FR\"},{\"@type\":\"Person\",\"@id\":\"https:\\\/\\\/oeilsportif.info\\\/#\\\/schema\\\/person\\\/cfbded294aa6095f7d96608d7905e9a1\",\"name\":\"L'Equipe de la R\u00e9daction\",\"image\":{\"@type\":\"ImageObject\",\"inLanguage\":\"fr-FR\",\"@id\":\"https:\\\/\\\/oeilsportif.info\\\/wp-content\\\/uploads\\\/2025\\\/07\\\/cropped-cropped-logo-os-96x96.jpeg\",\"url\":\"https:\\\/\\\/oeilsportif.info\\\/wp-content\\\/uploads\\\/2025\\\/07\\\/cropped-cropped-logo-os-96x96.jpeg\",\"contentUrl\":\"https:\\\/\\\/oeilsportif.info\\\/wp-content\\\/uploads\\\/2025\\\/07\\\/cropped-cropped-logo-os-96x96.jpeg\",\"caption\":\"L'Equipe de la R\u00e9daction\"},\"url\":\"https:\\\/\\\/oeilsportif.info\\\/index.php\\\/author\\\/tawel\\\/\"}]}<\/script>\n<!-- \/ Yoast SEO plugin. -->","yoast_head_json":{"title":"Communiqu\u00e9 de Presse : Le tirage au sort des tours pr\u00e9liminaires des comp\u00e9titions interclubs de la CAF aura lieu mardi - le regard du sportif","robots":{"index":"index","follow":"follow","max-snippet":"max-snippet:-1","max-image-preview":"max-image-preview:large","max-video-preview":"max-video-preview:-1"},"canonical":"https:\/\/oeilsportif.info\/index.php\/communique-de-presse-le-tirage-au-sort-des-tours-preliminaires-des-competitions-interclubs-de-la-caf-aura-lieu-mardi\/","og_locale":"fr_FR","og_type":"article","og_title":"Communiqu\u00e9 de Presse : Le tirage au sort des tours pr\u00e9liminaires des comp\u00e9titions interclubs de la CAF aura lieu mardi - le regard du sportif","og_description":"Le tirage au sort des tours pr\u00e9liminaires des comp\u00e9titions interclubs CAF TotalEnergies 2022-2023 aura lieu ce mardi 09 ao\u00fbt 2022 au Caire, en \u00c9gypte, \u00e0 16h00 heure locale. Ce tirage marque le coup d\u2019envoi de la campagne 2022-2023 de la Ligue des Champions de la CAF TotalEnergies et de la Coupe de la Conf\u00e9d\u00e9ration de [&hellip;]","og_url":"https:\/\/oeilsportif.info\/index.php\/communique-de-presse-le-tirage-au-sort-des-tours-preliminaires-des-competitions-interclubs-de-la-caf-aura-lieu-mardi\/","og_site_name":"le regard du sportif","article_published_time":"2022-08-07T18:59:15+00:00","og_image":[{"width":1080,"height":608,"url":"https:\/\/oeilsportif.info\/wp-content\/uploads\/2022\/08\/FB_IMG_1659898637599.jpg","type":"image\/jpeg"}],"author":"L'Equipe de la R\u00e9daction","twitter_misc":{"\u00c9crit par":"L'Equipe de la R\u00e9daction","Dur\u00e9e de lecture estim\u00e9e":"1 minute"},"schema":{"@context":"https:\/\/schema.org","@graph":[{"@type":"Article","@id":"https:\/\/oeilsportif.info\/index.php\/communique-de-presse-le-tirage-au-sort-des-tours-preliminaires-des-competitions-interclubs-de-la-caf-aura-lieu-mardi\/#article","isPartOf":{"@id":"https:\/\/oeilsportif.info\/index.php\/communique-de-presse-le-tirage-au-sort-des-tours-preliminaires-des-competitions-interclubs-de-la-caf-aura-lieu-mardi\/"},"author":{"name":"L'Equipe de la R\u00e9daction","@id":"https:\/\/oeilsportif.info\/#\/schema\/person\/cfbded294aa6095f7d96608d7905e9a1"},"headline":"Communiqu\u00e9 de Presse : Le tirage au sort des tours pr\u00e9liminaires des comp\u00e9titions interclubs de la CAF aura lieu mardi","datePublished":"2022-08-07T18:59:15+00:00","mainEntityOfPage":{"@id":"https:\/\/oeilsportif.info\/index.php\/communique-de-presse-le-tirage-au-sort-des-tours-preliminaires-des-competitions-interclubs-de-la-caf-aura-lieu-mardi\/"},"wordCount":170,"image":{"@id":"https:\/\/oeilsportif.info\/index.php\/communique-de-presse-le-tirage-au-sort-des-tours-preliminaires-des-competitions-interclubs-de-la-caf-aura-lieu-mardi\/#primaryimage"},"thumbnailUrl":"https:\/\/i0.wp.com\/oeilsportif.info\/wp-content\/uploads\/2022\/08\/FB_IMG_1659898637599.jpg?fit=1080%2C608&ssl=1","articleSection":["Football"],"inLanguage":"fr-FR"},{"@type":"WebPage","@id":"https:\/\/oeilsportif.info\/index.php\/communique-de-presse-le-tirage-au-sort-des-tours-preliminaires-des-competitions-interclubs-de-la-caf-aura-lieu-mardi\/","url":"https:\/\/oeilsportif.info\/index.php\/communique-de-presse-le-tirage-au-sort-des-tours-preliminaires-des-competitions-interclubs-de-la-caf-aura-lieu-mardi\/","name":"Communiqu\u00e9 de Presse : Le tirage au sort des tours pr\u00e9liminaires des comp\u00e9titions interclubs de la CAF aura lieu mardi - le regard du sportif","isPartOf":{"@id":"https:\/\/oeilsportif.info\/#website"},"primaryImageOfPage":{"@id":"https:\/\/oeilsportif.info\/index.php\/communique-de-presse-le-tirage-au-sort-des-tours-preliminaires-des-competitions-interclubs-de-la-caf-aura-lieu-mardi\/#primaryimage"},"image":{"@id":"https:\/\/oeilsportif.info\/index.php\/communique-de-presse-le-tirage-au-sort-des-tours-preliminaires-des-competitions-interclubs-de-la-caf-aura-lieu-mardi\/#primaryimage"},"thumbnailUrl":"https:\/\/i0.wp.com\/oeilsportif.info\/wp-content\/uploads\/2022\/08\/FB_IMG_1659898637599.jpg?fit=1080%2C608&ssl=1","datePublished":"2022-08-07T18:59:15+00:00","author":{"@id":"https:\/\/oeilsportif.info\/#\/schema\/person\/cfbded294aa6095f7d96608d7905e9a1"},"inLanguage":"fr-FR","potentialAction":[{"@type":"ReadAction","target":["https:\/\/oeilsportif.info\/index.php\/communique-de-presse-le-tirage-au-sort-des-tours-preliminaires-des-competitions-interclubs-de-la-caf-aura-lieu-mardi\/"]}]},{"@type":"ImageObject","inLanguage":"fr-FR","@id":"https:\/\/oeilsportif.info\/index.php\/communique-de-presse-le-tirage-au-sort-des-tours-preliminaires-des-competitions-interclubs-de-la-caf-aura-lieu-mardi\/#primaryimage","url":"https:\/\/i0.wp.com\/oeilsportif.info\/wp-content\/uploads\/2022\/08\/FB_IMG_1659898637599.jpg?fit=1080%2C608&ssl=1","contentUrl":"https:\/\/i0.wp.com\/oeilsportif.info\/wp-content\/uploads\/2022\/08\/FB_IMG_1659898637599.jpg?fit=1080%2C608&ssl=1","width":1080,"height":608},{"@type":"WebSite","@id":"https:\/\/oeilsportif.info\/#website","url":"https:\/\/oeilsportif.info\/","name":"le regard du sportif","description":"","potentialAction":[{"@type":"SearchAction","target":{"@type":"EntryPoint","urlTemplate":"https:\/\/oeilsportif.info\/?s={search_term_string}"},"query-input":{"@type":"PropertyValueSpecification","valueRequired":true,"valueName":"search_term_string"}}],"inLanguage":"fr-FR"},{"@type":"Person","@id":"https:\/\/oeilsportif.info\/#\/schema\/person\/cfbded294aa6095f7d96608d7905e9a1","name":"L'Equipe de la R\u00e9daction","image":{"@type":"ImageObject","inLanguage":"fr-FR","@id":"https:\/\/oeilsportif.info\/wp-content\/uploads\/2025\/07\/cropped-cropped-logo-os-96x96.jpeg","url":"https:\/\/oeilsportif.info\/wp-content\/uploads\/2025\/07\/cropped-cropped-logo-os-96x96.jpeg","contentUrl":"https:\/\/oeilsportif.info\/wp-content\/uploads\/2025\/07\/cropped-cropped-logo-os-96x96.jpeg","caption":"L'Equipe de la R\u00e9daction"},"url":"https:\/\/oeilsportif.info\/index.php\/author\/tawel\/"}]}},"jetpack_publicize_connections":[],"jetpack_featured_media_url":"https:\/\/i0.wp.com\/oeilsportif.info\/wp-content\/uploads\/2022\/08\/FB_IMG_1659898637599.jpg?fit=1080%2C608&ssl=1","jetpack-related-posts":[],"jetpack_sharing_enabled":true,"jetpack_likes_enabled":true,"jetpack_shortlink":"https:\/\/wp.me\/pgFE77-m4","_links":{"self":[{"href":"https:\/\/oeilsportif.info\/index.php\/wp-json\/wp\/v2\/posts\/1368","targetHints":{"allow":["GET"]}}],"collection":[{"href":"https:\/\/oeilsportif.info\/index.php\/wp-json\/wp\/v2\/posts"}],"about":[{"href":"https:\/\/oeilsportif.info\/index.php\/wp-json\/wp\/v2\/types\/post"}],"author":[{"embeddable":true,"href":"https:\/\/oeilsportif.info\/index.php\/wp-json\/wp\/v2\/users\/2"}],"replies":[{"embeddable":true,"href":"https:\/\/oeilsportif.info\/index.php\/wp-json\/wp\/v2\/comments?post=1368"}],"version-history":[{"count":0,"href":"https:\/\/oeilsportif.info\/index.php\/wp-json\/wp\/v2\/posts\/1368\/revisions"}],"wp:featuredmedia":[{"embeddable":true,"href":"https:\/\/oeilsportif.info\/index.php\/wp-json\/wp\/v2\/media\/1369"}],"wp:attachment":[{"href":"https:\/\/oeilsportif.info\/index.php\/wp-json\/wp\/v2\/media?parent=1368"}],"wp:term":[{"taxonomy":"category","embeddable":true,"href":"https:\/\/oeilsportif.info\/index.php\/wp-json\/wp\/v2\/categories?post=1368"},{"taxonomy":"post_tag","embeddable":true,"href":"https:\/\/oeilsportif.info\/index.php\/wp-json\/wp\/v2\/tags?post=1368"}],"curies":[{"name":"wp","href":"https:\/\/api.w.org\/{rel}","templated":true}]}}