{"id":1365,"date":"2022-08-07T10:22:37","date_gmt":"2022-08-07T10:22:37","guid":{"rendered":"https:\/\/oeilsportif.info\/index.php\/?p=1365"},"modified":"2022-08-07T10:22:37","modified_gmt":"2022-08-07T10:22:37","slug":"france-ligue-1-1ere-journee-le-meilleur-espoir-de-la-can-2019-retrouve-les-pelouses-apres-une","status":"publish","type":"post","link":"https:\/\/oeilsportif.info\/index.php\/france-ligue-1-1ere-journee-le-meilleur-espoir-de-la-can-2019-retrouve-les-pelouses-apres-une\/","title":{"rendered":"France Ligue 1\/ 1ere journ\u00e9e Le meilleur espoir de la CAN 2019 retrouve les pelouses apr\u00e8s une&#8230;"},"content":{"rendered":"<p><strong>Apr\u00e8s plusieurs mois sans jou\u00e9 pour cause de blessures au genou le joueur s\u00e9n\u00e9galais Kr\u00e9pin Diatta \u00e0 fouler les pelouses ce samedi. C&rsquo;\u00e9tait \u00e0 l&rsquo;occasion de la premi\u00e8re journ\u00e9e du championnat fran\u00e7ais de ligue 1.<\/strong><\/p>\n<p>Le jeune milieu de l&rsquo;AS Monaco a donn\u00e9 la voie de la victoire \u00e0 son \u00e9quipe face \u00e0 Strasbourg (1-2). Sur le tout premier but de la saison sportive 2022-2023 pour les Mon\u00e9gasques, en premi\u00e8re p\u00e9riode Kr\u00e9pin Diatta d&rsquo;un tir bien parti d\u00e9livre les siens (1-0). Sofiane Diop marquera le deuxi\u00e8me but pour le club de la principaut\u00e9. Score final (2-1).<\/p>\n<p>Pour rappel Kr\u00e9pin Diatta avait \u00e9t\u00e9 choisi par la Conf\u00e9d\u00e9ration Africaine de Football comme sacr\u00e9 meilleur espoir de la coupe d&rsquo;Afrique des nations Egypte 2019. Le S\u00e9n\u00e9gal avait perdu en finale contre l&rsquo;Alg\u00e9rie (1-0). Celui qui n&rsquo;avait que 20 ans avait fait forte sensation lors du tournoi avant cette distinction. L&rsquo;on se souvient encore de son joli but contre la Tanzanie.<\/p>\n<p>Du club Bruges en Belgique, le jeune milieu atterrit en France pour signer avec Monaco. Apr\u00e8s des d\u00e9buts convaincants, Kr\u00e9pin Diatta finira par contract\u00e9 une grave blessure. Qui l&rsquo;a finalement emp\u00eacher de continuer la saison. Dans la foul\u00e9e, la CAN 2021 arrive et trouve le natif de Dakar \u00e0 l&rsquo;infirmerie. Kr\u00e9pin n&rsquo;a pas participer au sacre de l&rsquo;\u00e9quipe nationale, qui a remport\u00e9 pour la premi\u00e8re fois de son histoire une coupe d&rsquo;Afrique des nations, c&rsquo;\u00e9tait du c\u00f4t\u00e9 du Cameroun. Mais sans le jeune espoir.<\/p>\n<p>Avec ce retour en club l&rsquo;international s\u00e9n\u00e9galais tentera de r\u00e9aliser des performances. Encha\u00eener les matchs pour \u00eatre certainement rappeler par le s\u00e9lectionneur Aliou Ciss\u00e9 pour la coupe du monde Qatar 2022.<\/p>\n<p><strong>Hamdjata N&rsquo;Diaye\u00a0<\/strong><\/p>\n","protected":false},"excerpt":{"rendered":"<p>Apr\u00e8s plusieurs mois sans jou\u00e9 pour cause de blessures au genou le joueur s\u00e9n\u00e9galais Kr\u00e9pin Diatta \u00e0 fouler les pelouses ce samedi. C&rsquo;\u00e9tait \u00e0 l&rsquo;occasion de la premi\u00e8re journ\u00e9e du championnat fran\u00e7ais de ligue 1. Le jeune milieu de l&rsquo;AS Monaco a donn\u00e9 la voie de la victoire \u00e0 son \u00e9quipe face \u00e0 Strasbourg (1-2). [&hellip;]<\/p>\n","protected":false},"author":2,"featured_media":1366,"comment_status":"closed","ping_status":"open","sticky":false,"template":"","format":"standard","meta":{"_jetpack_memberships_contains_paid_content":false,"footnotes":"","jetpack_publicize_message":"","jetpack_publicize_feature_enabled":true,"jetpack_social_post_already_shared":true,"jetpack_social_options":{"image_generator_settings":{"template":"highway","default_image_id":0,"font":"","enabled":false},"version":2}},"categories":[5],"tags":[],"class_list":{"0":"post-1365","1":"post","2":"type-post","3":"status-publish","4":"format-standard","5":"has-post-thumbnail","7":"category-football"},"yoast_head":"<!-- This site is optimized with the Yoast SEO plugin v27.5 - https:\/\/yoast.com\/product\/yoast-seo-wordpress\/ -->\n<title>France Ligue 1\/ 1ere journ\u00e9e Le meilleur espoir de la CAN 2019 retrouve les pelouses apr\u00e8s une... - le regard du sportif<\/title>\n<meta name=\"robots\" content=\"index, follow, max-snippet:-1, max-image-preview:large, max-video-preview:-1\" \/>\n<link rel=\"canonical\" href=\"https:\/\/oeilsportif.info\/index.php\/france-ligue-1-1ere-journee-le-meilleur-espoir-de-la-can-2019-retrouve-les-pelouses-apres-une\/\" \/>\n<meta property=\"og:locale\" content=\"fr_FR\" \/>\n<meta property=\"og:type\" content=\"article\" \/>\n<meta property=\"og:title\" content=\"France Ligue 1\/ 1ere journ\u00e9e Le meilleur espoir de la CAN 2019 retrouve les pelouses apr\u00e8s une... - le regard du sportif\" \/>\n<meta property=\"og:description\" content=\"Apr\u00e8s plusieurs mois sans jou\u00e9 pour cause de blessures au genou le joueur s\u00e9n\u00e9galais Kr\u00e9pin Diatta \u00e0 fouler les pelouses ce samedi. C&rsquo;\u00e9tait \u00e0 l&rsquo;occasion de la premi\u00e8re journ\u00e9e du championnat fran\u00e7ais de ligue 1. Le jeune milieu de l&rsquo;AS Monaco a donn\u00e9 la voie de la victoire \u00e0 son \u00e9quipe face \u00e0 Strasbourg (1-2). [&hellip;]\" \/>\n<meta property=\"og:url\" content=\"https:\/\/oeilsportif.info\/index.php\/france-ligue-1-1ere-journee-le-meilleur-espoir-de-la-can-2019-retrouve-les-pelouses-apres-une\/\" \/>\n<meta property=\"og:site_name\" content=\"le regard du sportif\" \/>\n<meta property=\"article:published_time\" content=\"2022-08-07T10:22:37+00:00\" \/>\n<meta property=\"og:image\" content=\"https:\/\/oeilsportif.info\/wp-content\/uploads\/2022\/08\/received_463025769014760.jpeg\" \/>\n\t<meta property=\"og:image:width\" content=\"1080\" \/>\n\t<meta property=\"og:image:height\" content=\"1290\" \/>\n\t<meta property=\"og:image:type\" content=\"image\/jpeg\" \/>\n<meta name=\"author\" content=\"L&#039;Equipe de la R\u00e9daction\" \/>\n<meta name=\"twitter:label1\" content=\"\u00c9crit par\" \/>\n\t<meta name=\"twitter:data1\" content=\"L&#039;Equipe de la R\u00e9daction\" \/>\n\t<meta name=\"twitter:label2\" content=\"Dur\u00e9e de lecture estim\u00e9e\" \/>\n\t<meta name=\"twitter:data2\" content=\"2 minutes\" \/>\n<script type=\"application\/ld+json\" class=\"yoast-schema-graph\">{\"@context\":\"https:\\\/\\\/schema.org\",\"@graph\":[{\"@type\":\"Article\",\"@id\":\"https:\\\/\\\/oeilsportif.info\\\/index.php\\\/france-ligue-1-1ere-journee-le-meilleur-espoir-de-la-can-2019-retrouve-les-pelouses-apres-une\\\/#article\",\"isPartOf\":{\"@id\":\"https:\\\/\\\/oeilsportif.info\\\/index.php\\\/france-ligue-1-1ere-journee-le-meilleur-espoir-de-la-can-2019-retrouve-les-pelouses-apres-une\\\/\"},\"author\":{\"name\":\"L'Equipe de la R\u00e9daction\",\"@id\":\"https:\\\/\\\/oeilsportif.info\\\/#\\\/schema\\\/person\\\/cfbded294aa6095f7d96608d7905e9a1\"},\"headline\":\"France Ligue 1\\\/ 1ere journ\u00e9e Le meilleur espoir de la CAN 2019 retrouve les pelouses apr\u00e8s une&#8230;\",\"datePublished\":\"2022-08-07T10:22:37+00:00\",\"mainEntityOfPage\":{\"@id\":\"https:\\\/\\\/oeilsportif.info\\\/index.php\\\/france-ligue-1-1ere-journee-le-meilleur-espoir-de-la-can-2019-retrouve-les-pelouses-apres-une\\\/\"},\"wordCount\":329,\"image\":{\"@id\":\"https:\\\/\\\/oeilsportif.info\\\/index.php\\\/france-ligue-1-1ere-journee-le-meilleur-espoir-de-la-can-2019-retrouve-les-pelouses-apres-une\\\/#primaryimage\"},\"thumbnailUrl\":\"https:\\\/\\\/i0.wp.com\\\/oeilsportif.info\\\/wp-content\\\/uploads\\\/2022\\\/08\\\/received_463025769014760.jpeg?fit=1080%2C1290&ssl=1\",\"articleSection\":[\"Football\"],\"inLanguage\":\"fr-FR\"},{\"@type\":\"WebPage\",\"@id\":\"https:\\\/\\\/oeilsportif.info\\\/index.php\\\/france-ligue-1-1ere-journee-le-meilleur-espoir-de-la-can-2019-retrouve-les-pelouses-apres-une\\\/\",\"url\":\"https:\\\/\\\/oeilsportif.info\\\/index.php\\\/france-ligue-1-1ere-journee-le-meilleur-espoir-de-la-can-2019-retrouve-les-pelouses-apres-une\\\/\",\"name\":\"France Ligue 1\\\/ 1ere journ\u00e9e Le meilleur espoir de la CAN 2019 retrouve les pelouses apr\u00e8s une... - le regard du sportif\",\"isPartOf\":{\"@id\":\"https:\\\/\\\/oeilsportif.info\\\/#website\"},\"primaryImageOfPage\":{\"@id\":\"https:\\\/\\\/oeilsportif.info\\\/index.php\\\/france-ligue-1-1ere-journee-le-meilleur-espoir-de-la-can-2019-retrouve-les-pelouses-apres-une\\\/#primaryimage\"},\"image\":{\"@id\":\"https:\\\/\\\/oeilsportif.info\\\/index.php\\\/france-ligue-1-1ere-journee-le-meilleur-espoir-de-la-can-2019-retrouve-les-pelouses-apres-une\\\/#primaryimage\"},\"thumbnailUrl\":\"https:\\\/\\\/i0.wp.com\\\/oeilsportif.info\\\/wp-content\\\/uploads\\\/2022\\\/08\\\/received_463025769014760.jpeg?fit=1080%2C1290&ssl=1\",\"datePublished\":\"2022-08-07T10:22:37+00:00\",\"author\":{\"@id\":\"https:\\\/\\\/oeilsportif.info\\\/#\\\/schema\\\/person\\\/cfbded294aa6095f7d96608d7905e9a1\"},\"inLanguage\":\"fr-FR\",\"potentialAction\":[{\"@type\":\"ReadAction\",\"target\":[\"https:\\\/\\\/oeilsportif.info\\\/index.php\\\/france-ligue-1-1ere-journee-le-meilleur-espoir-de-la-can-2019-retrouve-les-pelouses-apres-une\\\/\"]}]},{\"@type\":\"ImageObject\",\"inLanguage\":\"fr-FR\",\"@id\":\"https:\\\/\\\/oeilsportif.info\\\/index.php\\\/france-ligue-1-1ere-journee-le-meilleur-espoir-de-la-can-2019-retrouve-les-pelouses-apres-une\\\/#primaryimage\",\"url\":\"https:\\\/\\\/i0.wp.com\\\/oeilsportif.info\\\/wp-content\\\/uploads\\\/2022\\\/08\\\/received_463025769014760.jpeg?fit=1080%2C1290&ssl=1\",\"contentUrl\":\"https:\\\/\\\/i0.wp.com\\\/oeilsportif.info\\\/wp-content\\\/uploads\\\/2022\\\/08\\\/received_463025769014760.jpeg?fit=1080%2C1290&ssl=1\",\"width\":1080,\"height\":1290},{\"@type\":\"WebSite\",\"@id\":\"https:\\\/\\\/oeilsportif.info\\\/#website\",\"url\":\"https:\\\/\\\/oeilsportif.info\\\/\",\"name\":\"le regard du sportif\",\"description\":\"\",\"potentialAction\":[{\"@type\":\"SearchAction\",\"target\":{\"@type\":\"EntryPoint\",\"urlTemplate\":\"https:\\\/\\\/oeilsportif.info\\\/?s={search_term_string}\"},\"query-input\":{\"@type\":\"PropertyValueSpecification\",\"valueRequired\":true,\"valueName\":\"search_term_string\"}}],\"inLanguage\":\"fr-FR\"},{\"@type\":\"Person\",\"@id\":\"https:\\\/\\\/oeilsportif.info\\\/#\\\/schema\\\/person\\\/cfbded294aa6095f7d96608d7905e9a1\",\"name\":\"L'Equipe de la R\u00e9daction\",\"image\":{\"@type\":\"ImageObject\",\"inLanguage\":\"fr-FR\",\"@id\":\"https:\\\/\\\/oeilsportif.info\\\/wp-content\\\/uploads\\\/2025\\\/07\\\/cropped-cropped-logo-os-96x96.jpeg\",\"url\":\"https:\\\/\\\/oeilsportif.info\\\/wp-content\\\/uploads\\\/2025\\\/07\\\/cropped-cropped-logo-os-96x96.jpeg\",\"contentUrl\":\"https:\\\/\\\/oeilsportif.info\\\/wp-content\\\/uploads\\\/2025\\\/07\\\/cropped-cropped-logo-os-96x96.jpeg\",\"caption\":\"L'Equipe de la R\u00e9daction\"},\"url\":\"https:\\\/\\\/oeilsportif.info\\\/index.php\\\/author\\\/tawel\\\/\"}]}<\/script>\n<!-- \/ Yoast SEO plugin. -->","yoast_head_json":{"title":"France Ligue 1\/ 1ere journ\u00e9e Le meilleur espoir de la CAN 2019 retrouve les pelouses apr\u00e8s une... - le regard du sportif","robots":{"index":"index","follow":"follow","max-snippet":"max-snippet:-1","max-image-preview":"max-image-preview:large","max-video-preview":"max-video-preview:-1"},"canonical":"https:\/\/oeilsportif.info\/index.php\/france-ligue-1-1ere-journee-le-meilleur-espoir-de-la-can-2019-retrouve-les-pelouses-apres-une\/","og_locale":"fr_FR","og_type":"article","og_title":"France Ligue 1\/ 1ere journ\u00e9e Le meilleur espoir de la CAN 2019 retrouve les pelouses apr\u00e8s une... - le regard du sportif","og_description":"Apr\u00e8s plusieurs mois sans jou\u00e9 pour cause de blessures au genou le joueur s\u00e9n\u00e9galais Kr\u00e9pin Diatta \u00e0 fouler les pelouses ce samedi. C&rsquo;\u00e9tait \u00e0 l&rsquo;occasion de la premi\u00e8re journ\u00e9e du championnat fran\u00e7ais de ligue 1. Le jeune milieu de l&rsquo;AS Monaco a donn\u00e9 la voie de la victoire \u00e0 son \u00e9quipe face \u00e0 Strasbourg (1-2). [&hellip;]","og_url":"https:\/\/oeilsportif.info\/index.php\/france-ligue-1-1ere-journee-le-meilleur-espoir-de-la-can-2019-retrouve-les-pelouses-apres-une\/","og_site_name":"le regard du sportif","article_published_time":"2022-08-07T10:22:37+00:00","og_image":[{"width":1080,"height":1290,"url":"https:\/\/oeilsportif.info\/wp-content\/uploads\/2022\/08\/received_463025769014760.jpeg","type":"image\/jpeg"}],"author":"L'Equipe de la R\u00e9daction","twitter_misc":{"\u00c9crit par":"L'Equipe de la R\u00e9daction","Dur\u00e9e de lecture estim\u00e9e":"2 minutes"},"schema":{"@context":"https:\/\/schema.org","@graph":[{"@type":"Article","@id":"https:\/\/oeilsportif.info\/index.php\/france-ligue-1-1ere-journee-le-meilleur-espoir-de-la-can-2019-retrouve-les-pelouses-apres-une\/#article","isPartOf":{"@id":"https:\/\/oeilsportif.info\/index.php\/france-ligue-1-1ere-journee-le-meilleur-espoir-de-la-can-2019-retrouve-les-pelouses-apres-une\/"},"author":{"name":"L'Equipe de la R\u00e9daction","@id":"https:\/\/oeilsportif.info\/#\/schema\/person\/cfbded294aa6095f7d96608d7905e9a1"},"headline":"France Ligue 1\/ 1ere journ\u00e9e Le meilleur espoir de la CAN 2019 retrouve les pelouses apr\u00e8s une&#8230;","datePublished":"2022-08-07T10:22:37+00:00","mainEntityOfPage":{"@id":"https:\/\/oeilsportif.info\/index.php\/france-ligue-1-1ere-journee-le-meilleur-espoir-de-la-can-2019-retrouve-les-pelouses-apres-une\/"},"wordCount":329,"image":{"@id":"https:\/\/oeilsportif.info\/index.php\/france-ligue-1-1ere-journee-le-meilleur-espoir-de-la-can-2019-retrouve-les-pelouses-apres-une\/#primaryimage"},"thumbnailUrl":"https:\/\/i0.wp.com\/oeilsportif.info\/wp-content\/uploads\/2022\/08\/received_463025769014760.jpeg?fit=1080%2C1290&ssl=1","articleSection":["Football"],"inLanguage":"fr-FR"},{"@type":"WebPage","@id":"https:\/\/oeilsportif.info\/index.php\/france-ligue-1-1ere-journee-le-meilleur-espoir-de-la-can-2019-retrouve-les-pelouses-apres-une\/","url":"https:\/\/oeilsportif.info\/index.php\/france-ligue-1-1ere-journee-le-meilleur-espoir-de-la-can-2019-retrouve-les-pelouses-apres-une\/","name":"France Ligue 1\/ 1ere journ\u00e9e Le meilleur espoir de la CAN 2019 retrouve les pelouses apr\u00e8s une... - le regard du sportif","isPartOf":{"@id":"https:\/\/oeilsportif.info\/#website"},"primaryImageOfPage":{"@id":"https:\/\/oeilsportif.info\/index.php\/france-ligue-1-1ere-journee-le-meilleur-espoir-de-la-can-2019-retrouve-les-pelouses-apres-une\/#primaryimage"},"image":{"@id":"https:\/\/oeilsportif.info\/index.php\/france-ligue-1-1ere-journee-le-meilleur-espoir-de-la-can-2019-retrouve-les-pelouses-apres-une\/#primaryimage"},"thumbnailUrl":"https:\/\/i0.wp.com\/oeilsportif.info\/wp-content\/uploads\/2022\/08\/received_463025769014760.jpeg?fit=1080%2C1290&ssl=1","datePublished":"2022-08-07T10:22:37+00:00","author":{"@id":"https:\/\/oeilsportif.info\/#\/schema\/person\/cfbded294aa6095f7d96608d7905e9a1"},"inLanguage":"fr-FR","potentialAction":[{"@type":"ReadAction","target":["https:\/\/oeilsportif.info\/index.php\/france-ligue-1-1ere-journee-le-meilleur-espoir-de-la-can-2019-retrouve-les-pelouses-apres-une\/"]}]},{"@type":"ImageObject","inLanguage":"fr-FR","@id":"https:\/\/oeilsportif.info\/index.php\/france-ligue-1-1ere-journee-le-meilleur-espoir-de-la-can-2019-retrouve-les-pelouses-apres-une\/#primaryimage","url":"https:\/\/i0.wp.com\/oeilsportif.info\/wp-content\/uploads\/2022\/08\/received_463025769014760.jpeg?fit=1080%2C1290&ssl=1","contentUrl":"https:\/\/i0.wp.com\/oeilsportif.info\/wp-content\/uploads\/2022\/08\/received_463025769014760.jpeg?fit=1080%2C1290&ssl=1","width":1080,"height":1290},{"@type":"WebSite","@id":"https:\/\/oeilsportif.info\/#website","url":"https:\/\/oeilsportif.info\/","name":"le regard du sportif","description":"","potentialAction":[{"@type":"SearchAction","target":{"@type":"EntryPoint","urlTemplate":"https:\/\/oeilsportif.info\/?s={search_term_string}"},"query-input":{"@type":"PropertyValueSpecification","valueRequired":true,"valueName":"search_term_string"}}],"inLanguage":"fr-FR"},{"@type":"Person","@id":"https:\/\/oeilsportif.info\/#\/schema\/person\/cfbded294aa6095f7d96608d7905e9a1","name":"L'Equipe de la R\u00e9daction","image":{"@type":"ImageObject","inLanguage":"fr-FR","@id":"https:\/\/oeilsportif.info\/wp-content\/uploads\/2025\/07\/cropped-cropped-logo-os-96x96.jpeg","url":"https:\/\/oeilsportif.info\/wp-content\/uploads\/2025\/07\/cropped-cropped-logo-os-96x96.jpeg","contentUrl":"https:\/\/oeilsportif.info\/wp-content\/uploads\/2025\/07\/cropped-cropped-logo-os-96x96.jpeg","caption":"L'Equipe de la R\u00e9daction"},"url":"https:\/\/oeilsportif.info\/index.php\/author\/tawel\/"}]}},"jetpack_publicize_connections":[],"jetpack_featured_media_url":"https:\/\/i0.wp.com\/oeilsportif.info\/wp-content\/uploads\/2022\/08\/received_463025769014760.jpeg?fit=1080%2C1290&ssl=1","jetpack-related-posts":[],"jetpack_sharing_enabled":true,"jetpack_likes_enabled":true,"jetpack_shortlink":"https:\/\/wp.me\/pgFE77-m1","_links":{"self":[{"href":"https:\/\/oeilsportif.info\/index.php\/wp-json\/wp\/v2\/posts\/1365","targetHints":{"allow":["GET"]}}],"collection":[{"href":"https:\/\/oeilsportif.info\/index.php\/wp-json\/wp\/v2\/posts"}],"about":[{"href":"https:\/\/oeilsportif.info\/index.php\/wp-json\/wp\/v2\/types\/post"}],"author":[{"embeddable":true,"href":"https:\/\/oeilsportif.info\/index.php\/wp-json\/wp\/v2\/users\/2"}],"replies":[{"embeddable":true,"href":"https:\/\/oeilsportif.info\/index.php\/wp-json\/wp\/v2\/comments?post=1365"}],"version-history":[{"count":0,"href":"https:\/\/oeilsportif.info\/index.php\/wp-json\/wp\/v2\/posts\/1365\/revisions"}],"wp:featuredmedia":[{"embeddable":true,"href":"https:\/\/oeilsportif.info\/index.php\/wp-json\/wp\/v2\/media\/1366"}],"wp:attachment":[{"href":"https:\/\/oeilsportif.info\/index.php\/wp-json\/wp\/v2\/media?parent=1365"}],"wp:term":[{"taxonomy":"category","embeddable":true,"href":"https:\/\/oeilsportif.info\/index.php\/wp-json\/wp\/v2\/categories?post=1365"},{"taxonomy":"post_tag","embeddable":true,"href":"https:\/\/oeilsportif.info\/index.php\/wp-json\/wp\/v2\/tags?post=1365"}],"curies":[{"name":"wp","href":"https:\/\/api.w.org\/{rel}","templated":true}]}}