{"id":1357,"date":"2022-08-04T02:19:03","date_gmt":"2022-08-04T02:19:03","guid":{"rendered":"https:\/\/oeilsportif.info\/index.php\/?p=1357"},"modified":"2022-08-04T02:19:03","modified_gmt":"2022-08-04T02:19:03","slug":"football-lajsb-lance-la-saison-a-bobo-dioulasso","status":"publish","type":"post","link":"https:\/\/oeilsportif.info\/index.php\/football-lajsb-lance-la-saison-a-bobo-dioulasso\/","title":{"rendered":"Football : L&rsquo;AJSB lance la saison \u00e0 Bobo-Dioulasso !"},"content":{"rendered":"<p>&nbsp;<\/p>\n<p>En attendant le d\u00e9but du championnat de D1 en Septembre prochain,l&rsquo;Association des Journalistes Sportifs du Burkina Faso (AJSB) lance la saison avec le choc de la super coupe AJSB.<\/p>\n<p>Ce Vendredi 05 Ao\u00fbt au Stade Wobi \u00e0 15h30 le RCK club champion sera face au club vainqueur de la coupe du Faso l&rsquo;As Douanes.<\/p>\n<p>RCK de Amadou Sampo vs As Douanes de Kamou Malo ce Vendredi \u00e0 15h30 au Stade Wobi de Bobo Dioulasso \u00e0 l&rsquo;occasion de la super coupe AJSB 2022.<\/p>\n<p>MoussavouBilla<\/p>\n","protected":false},"excerpt":{"rendered":"<p>&nbsp; En attendant le d\u00e9but du championnat de D1 en Septembre prochain,l&rsquo;Association des Journalistes Sportifs du Burkina Faso (AJSB) lance la saison avec le choc de la super coupe AJSB. Ce Vendredi 05 Ao\u00fbt au Stade Wobi \u00e0 15h30 le RCK club champion sera face au club vainqueur de la coupe du Faso l&rsquo;As Douanes. [&hellip;]<\/p>\n","protected":false},"author":2,"featured_media":1358,"comment_status":"closed","ping_status":"open","sticky":false,"template":"","format":"standard","meta":{"_jetpack_memberships_contains_paid_content":false,"footnotes":"","jetpack_publicize_message":"","jetpack_publicize_feature_enabled":true,"jetpack_social_post_already_shared":true,"jetpack_social_options":{"image_generator_settings":{"template":"highway","default_image_id":0,"font":"","enabled":false},"version":2}},"categories":[5],"tags":[],"class_list":{"0":"post-1357","1":"post","2":"type-post","3":"status-publish","4":"format-standard","5":"has-post-thumbnail","7":"category-football"},"yoast_head":"<!-- This site is optimized with the Yoast SEO plugin v27.5 - https:\/\/yoast.com\/product\/yoast-seo-wordpress\/ -->\n<title>Football : L&#039;AJSB lance la saison \u00e0 Bobo-Dioulasso ! - le regard du sportif<\/title>\n<meta name=\"robots\" content=\"index, follow, max-snippet:-1, max-image-preview:large, max-video-preview:-1\" \/>\n<link rel=\"canonical\" href=\"https:\/\/oeilsportif.info\/index.php\/football-lajsb-lance-la-saison-a-bobo-dioulasso\/\" \/>\n<meta property=\"og:locale\" content=\"fr_FR\" \/>\n<meta property=\"og:type\" content=\"article\" \/>\n<meta property=\"og:title\" content=\"Football : L&#039;AJSB lance la saison \u00e0 Bobo-Dioulasso ! - le regard du sportif\" \/>\n<meta property=\"og:description\" content=\"&nbsp; En attendant le d\u00e9but du championnat de D1 en Septembre prochain,l&rsquo;Association des Journalistes Sportifs du Burkina Faso (AJSB) lance la saison avec le choc de la super coupe AJSB. Ce Vendredi 05 Ao\u00fbt au Stade Wobi \u00e0 15h30 le RCK club champion sera face au club vainqueur de la coupe du Faso l&rsquo;As Douanes. [&hellip;]\" \/>\n<meta property=\"og:url\" content=\"https:\/\/oeilsportif.info\/index.php\/football-lajsb-lance-la-saison-a-bobo-dioulasso\/\" \/>\n<meta property=\"og:site_name\" content=\"le regard du sportif\" \/>\n<meta property=\"article:published_time\" content=\"2022-08-04T02:19:03+00:00\" \/>\n<meta property=\"og:image\" content=\"https:\/\/oeilsportif.info\/wp-content\/uploads\/2022\/08\/FB_IMG_1659579460299.jpg\" \/>\n\t<meta property=\"og:image:width\" content=\"426\" \/>\n\t<meta property=\"og:image:height\" content=\"900\" \/>\n\t<meta property=\"og:image:type\" content=\"image\/jpeg\" \/>\n<meta name=\"author\" content=\"L&#039;Equipe de la R\u00e9daction\" \/>\n<meta name=\"twitter:label1\" content=\"\u00c9crit par\" \/>\n\t<meta name=\"twitter:data1\" content=\"L&#039;Equipe de la R\u00e9daction\" \/>\n\t<meta name=\"twitter:label2\" content=\"Dur\u00e9e de lecture estim\u00e9e\" \/>\n\t<meta name=\"twitter:data2\" content=\"1 minute\" \/>\n<script type=\"application\/ld+json\" class=\"yoast-schema-graph\">{\"@context\":\"https:\\\/\\\/schema.org\",\"@graph\":[{\"@type\":\"Article\",\"@id\":\"https:\\\/\\\/oeilsportif.info\\\/index.php\\\/football-lajsb-lance-la-saison-a-bobo-dioulasso\\\/#article\",\"isPartOf\":{\"@id\":\"https:\\\/\\\/oeilsportif.info\\\/index.php\\\/football-lajsb-lance-la-saison-a-bobo-dioulasso\\\/\"},\"author\":{\"name\":\"L'Equipe de la R\u00e9daction\",\"@id\":\"https:\\\/\\\/oeilsportif.info\\\/#\\\/schema\\\/person\\\/cfbded294aa6095f7d96608d7905e9a1\"},\"headline\":\"Football : L&rsquo;AJSB lance la saison \u00e0 Bobo-Dioulasso !\",\"datePublished\":\"2022-08-04T02:19:03+00:00\",\"mainEntityOfPage\":{\"@id\":\"https:\\\/\\\/oeilsportif.info\\\/index.php\\\/football-lajsb-lance-la-saison-a-bobo-dioulasso\\\/\"},\"wordCount\":92,\"image\":{\"@id\":\"https:\\\/\\\/oeilsportif.info\\\/index.php\\\/football-lajsb-lance-la-saison-a-bobo-dioulasso\\\/#primaryimage\"},\"thumbnailUrl\":\"https:\\\/\\\/i0.wp.com\\\/oeilsportif.info\\\/wp-content\\\/uploads\\\/2022\\\/08\\\/FB_IMG_1659579460299.jpg?fit=426%2C900&ssl=1\",\"articleSection\":[\"Football\"],\"inLanguage\":\"fr-FR\"},{\"@type\":\"WebPage\",\"@id\":\"https:\\\/\\\/oeilsportif.info\\\/index.php\\\/football-lajsb-lance-la-saison-a-bobo-dioulasso\\\/\",\"url\":\"https:\\\/\\\/oeilsportif.info\\\/index.php\\\/football-lajsb-lance-la-saison-a-bobo-dioulasso\\\/\",\"name\":\"Football : L'AJSB lance la saison \u00e0 Bobo-Dioulasso ! - le regard du sportif\",\"isPartOf\":{\"@id\":\"https:\\\/\\\/oeilsportif.info\\\/#website\"},\"primaryImageOfPage\":{\"@id\":\"https:\\\/\\\/oeilsportif.info\\\/index.php\\\/football-lajsb-lance-la-saison-a-bobo-dioulasso\\\/#primaryimage\"},\"image\":{\"@id\":\"https:\\\/\\\/oeilsportif.info\\\/index.php\\\/football-lajsb-lance-la-saison-a-bobo-dioulasso\\\/#primaryimage\"},\"thumbnailUrl\":\"https:\\\/\\\/i0.wp.com\\\/oeilsportif.info\\\/wp-content\\\/uploads\\\/2022\\\/08\\\/FB_IMG_1659579460299.jpg?fit=426%2C900&ssl=1\",\"datePublished\":\"2022-08-04T02:19:03+00:00\",\"author\":{\"@id\":\"https:\\\/\\\/oeilsportif.info\\\/#\\\/schema\\\/person\\\/cfbded294aa6095f7d96608d7905e9a1\"},\"inLanguage\":\"fr-FR\",\"potentialAction\":[{\"@type\":\"ReadAction\",\"target\":[\"https:\\\/\\\/oeilsportif.info\\\/index.php\\\/football-lajsb-lance-la-saison-a-bobo-dioulasso\\\/\"]}]},{\"@type\":\"ImageObject\",\"inLanguage\":\"fr-FR\",\"@id\":\"https:\\\/\\\/oeilsportif.info\\\/index.php\\\/football-lajsb-lance-la-saison-a-bobo-dioulasso\\\/#primaryimage\",\"url\":\"https:\\\/\\\/i0.wp.com\\\/oeilsportif.info\\\/wp-content\\\/uploads\\\/2022\\\/08\\\/FB_IMG_1659579460299.jpg?fit=426%2C900&ssl=1\",\"contentUrl\":\"https:\\\/\\\/i0.wp.com\\\/oeilsportif.info\\\/wp-content\\\/uploads\\\/2022\\\/08\\\/FB_IMG_1659579460299.jpg?fit=426%2C900&ssl=1\",\"width\":426,\"height\":900},{\"@type\":\"WebSite\",\"@id\":\"https:\\\/\\\/oeilsportif.info\\\/#website\",\"url\":\"https:\\\/\\\/oeilsportif.info\\\/\",\"name\":\"le regard du sportif\",\"description\":\"\",\"potentialAction\":[{\"@type\":\"SearchAction\",\"target\":{\"@type\":\"EntryPoint\",\"urlTemplate\":\"https:\\\/\\\/oeilsportif.info\\\/?s={search_term_string}\"},\"query-input\":{\"@type\":\"PropertyValueSpecification\",\"valueRequired\":true,\"valueName\":\"search_term_string\"}}],\"inLanguage\":\"fr-FR\"},{\"@type\":\"Person\",\"@id\":\"https:\\\/\\\/oeilsportif.info\\\/#\\\/schema\\\/person\\\/cfbded294aa6095f7d96608d7905e9a1\",\"name\":\"L'Equipe de la R\u00e9daction\",\"image\":{\"@type\":\"ImageObject\",\"inLanguage\":\"fr-FR\",\"@id\":\"https:\\\/\\\/oeilsportif.info\\\/wp-content\\\/uploads\\\/2025\\\/07\\\/cropped-cropped-logo-os-96x96.jpeg\",\"url\":\"https:\\\/\\\/oeilsportif.info\\\/wp-content\\\/uploads\\\/2025\\\/07\\\/cropped-cropped-logo-os-96x96.jpeg\",\"contentUrl\":\"https:\\\/\\\/oeilsportif.info\\\/wp-content\\\/uploads\\\/2025\\\/07\\\/cropped-cropped-logo-os-96x96.jpeg\",\"caption\":\"L'Equipe de la R\u00e9daction\"},\"url\":\"https:\\\/\\\/oeilsportif.info\\\/index.php\\\/author\\\/tawel\\\/\"}]}<\/script>\n<!-- \/ Yoast SEO plugin. -->","yoast_head_json":{"title":"Football : L'AJSB lance la saison \u00e0 Bobo-Dioulasso ! - le regard du sportif","robots":{"index":"index","follow":"follow","max-snippet":"max-snippet:-1","max-image-preview":"max-image-preview:large","max-video-preview":"max-video-preview:-1"},"canonical":"https:\/\/oeilsportif.info\/index.php\/football-lajsb-lance-la-saison-a-bobo-dioulasso\/","og_locale":"fr_FR","og_type":"article","og_title":"Football : L'AJSB lance la saison \u00e0 Bobo-Dioulasso ! - le regard du sportif","og_description":"&nbsp; En attendant le d\u00e9but du championnat de D1 en Septembre prochain,l&rsquo;Association des Journalistes Sportifs du Burkina Faso (AJSB) lance la saison avec le choc de la super coupe AJSB. Ce Vendredi 05 Ao\u00fbt au Stade Wobi \u00e0 15h30 le RCK club champion sera face au club vainqueur de la coupe du Faso l&rsquo;As Douanes. [&hellip;]","og_url":"https:\/\/oeilsportif.info\/index.php\/football-lajsb-lance-la-saison-a-bobo-dioulasso\/","og_site_name":"le regard du sportif","article_published_time":"2022-08-04T02:19:03+00:00","og_image":[{"width":426,"height":900,"url":"https:\/\/oeilsportif.info\/wp-content\/uploads\/2022\/08\/FB_IMG_1659579460299.jpg","type":"image\/jpeg"}],"author":"L'Equipe de la R\u00e9daction","twitter_misc":{"\u00c9crit par":"L'Equipe de la R\u00e9daction","Dur\u00e9e de lecture estim\u00e9e":"1 minute"},"schema":{"@context":"https:\/\/schema.org","@graph":[{"@type":"Article","@id":"https:\/\/oeilsportif.info\/index.php\/football-lajsb-lance-la-saison-a-bobo-dioulasso\/#article","isPartOf":{"@id":"https:\/\/oeilsportif.info\/index.php\/football-lajsb-lance-la-saison-a-bobo-dioulasso\/"},"author":{"name":"L'Equipe de la R\u00e9daction","@id":"https:\/\/oeilsportif.info\/#\/schema\/person\/cfbded294aa6095f7d96608d7905e9a1"},"headline":"Football : L&rsquo;AJSB lance la saison \u00e0 Bobo-Dioulasso !","datePublished":"2022-08-04T02:19:03+00:00","mainEntityOfPage":{"@id":"https:\/\/oeilsportif.info\/index.php\/football-lajsb-lance-la-saison-a-bobo-dioulasso\/"},"wordCount":92,"image":{"@id":"https:\/\/oeilsportif.info\/index.php\/football-lajsb-lance-la-saison-a-bobo-dioulasso\/#primaryimage"},"thumbnailUrl":"https:\/\/i0.wp.com\/oeilsportif.info\/wp-content\/uploads\/2022\/08\/FB_IMG_1659579460299.jpg?fit=426%2C900&ssl=1","articleSection":["Football"],"inLanguage":"fr-FR"},{"@type":"WebPage","@id":"https:\/\/oeilsportif.info\/index.php\/football-lajsb-lance-la-saison-a-bobo-dioulasso\/","url":"https:\/\/oeilsportif.info\/index.php\/football-lajsb-lance-la-saison-a-bobo-dioulasso\/","name":"Football : L'AJSB lance la saison \u00e0 Bobo-Dioulasso ! - le regard du sportif","isPartOf":{"@id":"https:\/\/oeilsportif.info\/#website"},"primaryImageOfPage":{"@id":"https:\/\/oeilsportif.info\/index.php\/football-lajsb-lance-la-saison-a-bobo-dioulasso\/#primaryimage"},"image":{"@id":"https:\/\/oeilsportif.info\/index.php\/football-lajsb-lance-la-saison-a-bobo-dioulasso\/#primaryimage"},"thumbnailUrl":"https:\/\/i0.wp.com\/oeilsportif.info\/wp-content\/uploads\/2022\/08\/FB_IMG_1659579460299.jpg?fit=426%2C900&ssl=1","datePublished":"2022-08-04T02:19:03+00:00","author":{"@id":"https:\/\/oeilsportif.info\/#\/schema\/person\/cfbded294aa6095f7d96608d7905e9a1"},"inLanguage":"fr-FR","potentialAction":[{"@type":"ReadAction","target":["https:\/\/oeilsportif.info\/index.php\/football-lajsb-lance-la-saison-a-bobo-dioulasso\/"]}]},{"@type":"ImageObject","inLanguage":"fr-FR","@id":"https:\/\/oeilsportif.info\/index.php\/football-lajsb-lance-la-saison-a-bobo-dioulasso\/#primaryimage","url":"https:\/\/i0.wp.com\/oeilsportif.info\/wp-content\/uploads\/2022\/08\/FB_IMG_1659579460299.jpg?fit=426%2C900&ssl=1","contentUrl":"https:\/\/i0.wp.com\/oeilsportif.info\/wp-content\/uploads\/2022\/08\/FB_IMG_1659579460299.jpg?fit=426%2C900&ssl=1","width":426,"height":900},{"@type":"WebSite","@id":"https:\/\/oeilsportif.info\/#website","url":"https:\/\/oeilsportif.info\/","name":"le regard du sportif","description":"","potentialAction":[{"@type":"SearchAction","target":{"@type":"EntryPoint","urlTemplate":"https:\/\/oeilsportif.info\/?s={search_term_string}"},"query-input":{"@type":"PropertyValueSpecification","valueRequired":true,"valueName":"search_term_string"}}],"inLanguage":"fr-FR"},{"@type":"Person","@id":"https:\/\/oeilsportif.info\/#\/schema\/person\/cfbded294aa6095f7d96608d7905e9a1","name":"L'Equipe de la R\u00e9daction","image":{"@type":"ImageObject","inLanguage":"fr-FR","@id":"https:\/\/oeilsportif.info\/wp-content\/uploads\/2025\/07\/cropped-cropped-logo-os-96x96.jpeg","url":"https:\/\/oeilsportif.info\/wp-content\/uploads\/2025\/07\/cropped-cropped-logo-os-96x96.jpeg","contentUrl":"https:\/\/oeilsportif.info\/wp-content\/uploads\/2025\/07\/cropped-cropped-logo-os-96x96.jpeg","caption":"L'Equipe de la R\u00e9daction"},"url":"https:\/\/oeilsportif.info\/index.php\/author\/tawel\/"}]}},"jetpack_publicize_connections":[],"jetpack_featured_media_url":"https:\/\/i0.wp.com\/oeilsportif.info\/wp-content\/uploads\/2022\/08\/FB_IMG_1659579460299.jpg?fit=426%2C900&ssl=1","jetpack-related-posts":[],"jetpack_sharing_enabled":true,"jetpack_likes_enabled":true,"jetpack_shortlink":"https:\/\/wp.me\/pgFE77-lT","_links":{"self":[{"href":"https:\/\/oeilsportif.info\/index.php\/wp-json\/wp\/v2\/posts\/1357","targetHints":{"allow":["GET"]}}],"collection":[{"href":"https:\/\/oeilsportif.info\/index.php\/wp-json\/wp\/v2\/posts"}],"about":[{"href":"https:\/\/oeilsportif.info\/index.php\/wp-json\/wp\/v2\/types\/post"}],"author":[{"embeddable":true,"href":"https:\/\/oeilsportif.info\/index.php\/wp-json\/wp\/v2\/users\/2"}],"replies":[{"embeddable":true,"href":"https:\/\/oeilsportif.info\/index.php\/wp-json\/wp\/v2\/comments?post=1357"}],"version-history":[{"count":0,"href":"https:\/\/oeilsportif.info\/index.php\/wp-json\/wp\/v2\/posts\/1357\/revisions"}],"wp:featuredmedia":[{"embeddable":true,"href":"https:\/\/oeilsportif.info\/index.php\/wp-json\/wp\/v2\/media\/1358"}],"wp:attachment":[{"href":"https:\/\/oeilsportif.info\/index.php\/wp-json\/wp\/v2\/media?parent=1357"}],"wp:term":[{"taxonomy":"category","embeddable":true,"href":"https:\/\/oeilsportif.info\/index.php\/wp-json\/wp\/v2\/categories?post=1357"},{"taxonomy":"post_tag","embeddable":true,"href":"https:\/\/oeilsportif.info\/index.php\/wp-json\/wp\/v2\/tags?post=1357"}],"curies":[{"name":"wp","href":"https:\/\/api.w.org\/{rel}","templated":true}]}}