{"id":1354,"date":"2022-08-04T02:16:50","date_gmt":"2022-08-04T02:16:50","guid":{"rendered":"https:\/\/oeilsportif.info\/index.php\/?p=1354"},"modified":"2022-08-04T02:16:50","modified_gmt":"2022-08-04T02:16:50","slug":"mercato-entre-patience-et-choix-pour-issa-kabore","status":"publish","type":"post","link":"https:\/\/oeilsportif.info\/index.php\/mercato-entre-patience-et-choix-pour-issa-kabore\/","title":{"rendered":"Mercato: Entre patience et choix pour Issa Kabor\u00e9 !!"},"content":{"rendered":"<p>&nbsp;<\/p>\n<p><strong>Joueur de Manchester City,Issa Kabor\u00e9(21 ans) n&rsquo;\u00e9voluera pas avec les Citizens cette saison ni avec Troyes o\u00f9 il a disput\u00e9 31 matchs de Ligue 1 pendant son pr\u00eat.<\/strong><\/p>\n<p>Les discussions sont longues et pour le moment ind\u00e9cises pour Issa Kabor\u00e9 qui est donc en instance de club pour la nouvelle saison.<\/p>\n<p>Le Burkinab\u00e8 s&rsquo;entra\u00eene individuellement en France et r\u00e8gle des formalit\u00e9s de papiers pour obtenir son s\u00e9jour en Angleterre o\u00f9 il devrait probablement \u00e9voluer cette saison car Crystal Palace,Southampton et Nottigham F sont toujours int\u00e9ress\u00e9s par le profil du joueur.<\/p>\n<p>En France,Lille et Nice ont manifest\u00e9 leur int\u00e9r\u00eat pour Issa Kabor\u00e9 et suivent toujours le dossier.<\/p>\n<p>Seulement l&rsquo;arri\u00e8re droit Burkinab\u00e8 achet\u00e9 par City \u00e0 4,5 millions d&rsquo;euros dispose encore de 3 ans de contrat avec City qui \u00e9tudierait calmement tous les dossiers pour trouver la bonne offre qui fera l&rsquo;affaire des deux parties.<\/p>\n<p>City cependant en cas de transfert voudrait au moins 10 \u00e0 15 millions pour son joueur.<\/p>\n<p>Le joueur et son staff souhaiteraient un club anglais que ce soit en pr\u00eat ou en transfert.<\/p>\n<p>Issa lui continue les entra\u00eenements individuels en France et tout porte \u00e0 croire que les choses concr\u00e8tes vont se dessiner dans une dizaine de jours.<\/p>\n<p>MoussavouBilla<\/p>\n<p>&nbsp;<\/p>\n","protected":false},"excerpt":{"rendered":"<p>&nbsp; Joueur de Manchester City,Issa Kabor\u00e9(21 ans) n&rsquo;\u00e9voluera pas avec les Citizens cette saison ni avec Troyes o\u00f9 il a disput\u00e9 31 matchs de Ligue 1 pendant son pr\u00eat. Les discussions sont longues et pour le moment ind\u00e9cises pour Issa Kabor\u00e9 qui est donc en instance de club pour la nouvelle saison. Le Burkinab\u00e8 s&rsquo;entra\u00eene [&hellip;]<\/p>\n","protected":false},"author":2,"featured_media":1355,"comment_status":"closed","ping_status":"open","sticky":false,"template":"","format":"standard","meta":{"_jetpack_memberships_contains_paid_content":false,"footnotes":"","jetpack_publicize_message":"","jetpack_publicize_feature_enabled":true,"jetpack_social_post_already_shared":true,"jetpack_social_options":{"image_generator_settings":{"template":"highway","default_image_id":0,"font":"","enabled":false},"version":2}},"categories":[5],"tags":[],"class_list":{"0":"post-1354","1":"post","2":"type-post","3":"status-publish","4":"format-standard","5":"has-post-thumbnail","7":"category-football"},"yoast_head":"<!-- This site is optimized with the Yoast SEO plugin v27.5 - https:\/\/yoast.com\/product\/yoast-seo-wordpress\/ -->\n<title>Mercato: Entre patience et choix pour Issa Kabor\u00e9 !! - le regard du sportif<\/title>\n<meta name=\"robots\" content=\"index, follow, max-snippet:-1, max-image-preview:large, max-video-preview:-1\" \/>\n<link rel=\"canonical\" href=\"https:\/\/oeilsportif.info\/index.php\/mercato-entre-patience-et-choix-pour-issa-kabore\/\" \/>\n<meta property=\"og:locale\" content=\"fr_FR\" \/>\n<meta property=\"og:type\" content=\"article\" \/>\n<meta property=\"og:title\" content=\"Mercato: Entre patience et choix pour Issa Kabor\u00e9 !! - le regard du sportif\" \/>\n<meta property=\"og:description\" content=\"&nbsp; Joueur de Manchester City,Issa Kabor\u00e9(21 ans) n&rsquo;\u00e9voluera pas avec les Citizens cette saison ni avec Troyes o\u00f9 il a disput\u00e9 31 matchs de Ligue 1 pendant son pr\u00eat. Les discussions sont longues et pour le moment ind\u00e9cises pour Issa Kabor\u00e9 qui est donc en instance de club pour la nouvelle saison. Le Burkinab\u00e8 s&rsquo;entra\u00eene [&hellip;]\" \/>\n<meta property=\"og:url\" content=\"https:\/\/oeilsportif.info\/index.php\/mercato-entre-patience-et-choix-pour-issa-kabore\/\" \/>\n<meta property=\"og:site_name\" content=\"le regard du sportif\" \/>\n<meta property=\"article:published_time\" content=\"2022-08-04T02:16:50+00:00\" \/>\n<meta property=\"og:image\" content=\"https:\/\/oeilsportif.info\/wp-content\/uploads\/2022\/08\/FB_IMG_1659578963876.jpg\" \/>\n\t<meta property=\"og:image:width\" content=\"960\" \/>\n\t<meta property=\"og:image:height\" content=\"639\" \/>\n\t<meta property=\"og:image:type\" content=\"image\/jpeg\" \/>\n<meta name=\"author\" content=\"L&#039;Equipe de la R\u00e9daction\" \/>\n<meta name=\"twitter:label1\" content=\"\u00c9crit par\" \/>\n\t<meta name=\"twitter:data1\" content=\"L&#039;Equipe de la R\u00e9daction\" \/>\n\t<meta name=\"twitter:label2\" content=\"Dur\u00e9e de lecture estim\u00e9e\" \/>\n\t<meta name=\"twitter:data2\" content=\"2 minutes\" \/>\n<script type=\"application\/ld+json\" class=\"yoast-schema-graph\">{\"@context\":\"https:\\\/\\\/schema.org\",\"@graph\":[{\"@type\":\"Article\",\"@id\":\"https:\\\/\\\/oeilsportif.info\\\/index.php\\\/mercato-entre-patience-et-choix-pour-issa-kabore\\\/#article\",\"isPartOf\":{\"@id\":\"https:\\\/\\\/oeilsportif.info\\\/index.php\\\/mercato-entre-patience-et-choix-pour-issa-kabore\\\/\"},\"author\":{\"name\":\"L'Equipe de la R\u00e9daction\",\"@id\":\"https:\\\/\\\/oeilsportif.info\\\/#\\\/schema\\\/person\\\/cfbded294aa6095f7d96608d7905e9a1\"},\"headline\":\"Mercato: Entre patience et choix pour Issa Kabor\u00e9 !!\",\"datePublished\":\"2022-08-04T02:16:50+00:00\",\"mainEntityOfPage\":{\"@id\":\"https:\\\/\\\/oeilsportif.info\\\/index.php\\\/mercato-entre-patience-et-choix-pour-issa-kabore\\\/\"},\"wordCount\":225,\"image\":{\"@id\":\"https:\\\/\\\/oeilsportif.info\\\/index.php\\\/mercato-entre-patience-et-choix-pour-issa-kabore\\\/#primaryimage\"},\"thumbnailUrl\":\"https:\\\/\\\/i0.wp.com\\\/oeilsportif.info\\\/wp-content\\\/uploads\\\/2022\\\/08\\\/FB_IMG_1659578963876.jpg?fit=960%2C639&ssl=1\",\"articleSection\":[\"Football\"],\"inLanguage\":\"fr-FR\"},{\"@type\":\"WebPage\",\"@id\":\"https:\\\/\\\/oeilsportif.info\\\/index.php\\\/mercato-entre-patience-et-choix-pour-issa-kabore\\\/\",\"url\":\"https:\\\/\\\/oeilsportif.info\\\/index.php\\\/mercato-entre-patience-et-choix-pour-issa-kabore\\\/\",\"name\":\"Mercato: Entre patience et choix pour Issa Kabor\u00e9 !! - le regard du sportif\",\"isPartOf\":{\"@id\":\"https:\\\/\\\/oeilsportif.info\\\/#website\"},\"primaryImageOfPage\":{\"@id\":\"https:\\\/\\\/oeilsportif.info\\\/index.php\\\/mercato-entre-patience-et-choix-pour-issa-kabore\\\/#primaryimage\"},\"image\":{\"@id\":\"https:\\\/\\\/oeilsportif.info\\\/index.php\\\/mercato-entre-patience-et-choix-pour-issa-kabore\\\/#primaryimage\"},\"thumbnailUrl\":\"https:\\\/\\\/i0.wp.com\\\/oeilsportif.info\\\/wp-content\\\/uploads\\\/2022\\\/08\\\/FB_IMG_1659578963876.jpg?fit=960%2C639&ssl=1\",\"datePublished\":\"2022-08-04T02:16:50+00:00\",\"author\":{\"@id\":\"https:\\\/\\\/oeilsportif.info\\\/#\\\/schema\\\/person\\\/cfbded294aa6095f7d96608d7905e9a1\"},\"inLanguage\":\"fr-FR\",\"potentialAction\":[{\"@type\":\"ReadAction\",\"target\":[\"https:\\\/\\\/oeilsportif.info\\\/index.php\\\/mercato-entre-patience-et-choix-pour-issa-kabore\\\/\"]}]},{\"@type\":\"ImageObject\",\"inLanguage\":\"fr-FR\",\"@id\":\"https:\\\/\\\/oeilsportif.info\\\/index.php\\\/mercato-entre-patience-et-choix-pour-issa-kabore\\\/#primaryimage\",\"url\":\"https:\\\/\\\/i0.wp.com\\\/oeilsportif.info\\\/wp-content\\\/uploads\\\/2022\\\/08\\\/FB_IMG_1659578963876.jpg?fit=960%2C639&ssl=1\",\"contentUrl\":\"https:\\\/\\\/i0.wp.com\\\/oeilsportif.info\\\/wp-content\\\/uploads\\\/2022\\\/08\\\/FB_IMG_1659578963876.jpg?fit=960%2C639&ssl=1\",\"width\":960,\"height\":639},{\"@type\":\"WebSite\",\"@id\":\"https:\\\/\\\/oeilsportif.info\\\/#website\",\"url\":\"https:\\\/\\\/oeilsportif.info\\\/\",\"name\":\"le regard du sportif\",\"description\":\"\",\"potentialAction\":[{\"@type\":\"SearchAction\",\"target\":{\"@type\":\"EntryPoint\",\"urlTemplate\":\"https:\\\/\\\/oeilsportif.info\\\/?s={search_term_string}\"},\"query-input\":{\"@type\":\"PropertyValueSpecification\",\"valueRequired\":true,\"valueName\":\"search_term_string\"}}],\"inLanguage\":\"fr-FR\"},{\"@type\":\"Person\",\"@id\":\"https:\\\/\\\/oeilsportif.info\\\/#\\\/schema\\\/person\\\/cfbded294aa6095f7d96608d7905e9a1\",\"name\":\"L'Equipe de la R\u00e9daction\",\"image\":{\"@type\":\"ImageObject\",\"inLanguage\":\"fr-FR\",\"@id\":\"https:\\\/\\\/oeilsportif.info\\\/wp-content\\\/uploads\\\/2025\\\/07\\\/cropped-cropped-logo-os-96x96.jpeg\",\"url\":\"https:\\\/\\\/oeilsportif.info\\\/wp-content\\\/uploads\\\/2025\\\/07\\\/cropped-cropped-logo-os-96x96.jpeg\",\"contentUrl\":\"https:\\\/\\\/oeilsportif.info\\\/wp-content\\\/uploads\\\/2025\\\/07\\\/cropped-cropped-logo-os-96x96.jpeg\",\"caption\":\"L'Equipe de la R\u00e9daction\"},\"url\":\"https:\\\/\\\/oeilsportif.info\\\/index.php\\\/author\\\/tawel\\\/\"}]}<\/script>\n<!-- \/ Yoast SEO plugin. -->","yoast_head_json":{"title":"Mercato: Entre patience et choix pour Issa Kabor\u00e9 !! - le regard du sportif","robots":{"index":"index","follow":"follow","max-snippet":"max-snippet:-1","max-image-preview":"max-image-preview:large","max-video-preview":"max-video-preview:-1"},"canonical":"https:\/\/oeilsportif.info\/index.php\/mercato-entre-patience-et-choix-pour-issa-kabore\/","og_locale":"fr_FR","og_type":"article","og_title":"Mercato: Entre patience et choix pour Issa Kabor\u00e9 !! - le regard du sportif","og_description":"&nbsp; Joueur de Manchester City,Issa Kabor\u00e9(21 ans) n&rsquo;\u00e9voluera pas avec les Citizens cette saison ni avec Troyes o\u00f9 il a disput\u00e9 31 matchs de Ligue 1 pendant son pr\u00eat. Les discussions sont longues et pour le moment ind\u00e9cises pour Issa Kabor\u00e9 qui est donc en instance de club pour la nouvelle saison. Le Burkinab\u00e8 s&rsquo;entra\u00eene [&hellip;]","og_url":"https:\/\/oeilsportif.info\/index.php\/mercato-entre-patience-et-choix-pour-issa-kabore\/","og_site_name":"le regard du sportif","article_published_time":"2022-08-04T02:16:50+00:00","og_image":[{"width":960,"height":639,"url":"https:\/\/oeilsportif.info\/wp-content\/uploads\/2022\/08\/FB_IMG_1659578963876.jpg","type":"image\/jpeg"}],"author":"L'Equipe de la R\u00e9daction","twitter_misc":{"\u00c9crit par":"L'Equipe de la R\u00e9daction","Dur\u00e9e de lecture estim\u00e9e":"2 minutes"},"schema":{"@context":"https:\/\/schema.org","@graph":[{"@type":"Article","@id":"https:\/\/oeilsportif.info\/index.php\/mercato-entre-patience-et-choix-pour-issa-kabore\/#article","isPartOf":{"@id":"https:\/\/oeilsportif.info\/index.php\/mercato-entre-patience-et-choix-pour-issa-kabore\/"},"author":{"name":"L'Equipe de la R\u00e9daction","@id":"https:\/\/oeilsportif.info\/#\/schema\/person\/cfbded294aa6095f7d96608d7905e9a1"},"headline":"Mercato: Entre patience et choix pour Issa Kabor\u00e9 !!","datePublished":"2022-08-04T02:16:50+00:00","mainEntityOfPage":{"@id":"https:\/\/oeilsportif.info\/index.php\/mercato-entre-patience-et-choix-pour-issa-kabore\/"},"wordCount":225,"image":{"@id":"https:\/\/oeilsportif.info\/index.php\/mercato-entre-patience-et-choix-pour-issa-kabore\/#primaryimage"},"thumbnailUrl":"https:\/\/i0.wp.com\/oeilsportif.info\/wp-content\/uploads\/2022\/08\/FB_IMG_1659578963876.jpg?fit=960%2C639&ssl=1","articleSection":["Football"],"inLanguage":"fr-FR"},{"@type":"WebPage","@id":"https:\/\/oeilsportif.info\/index.php\/mercato-entre-patience-et-choix-pour-issa-kabore\/","url":"https:\/\/oeilsportif.info\/index.php\/mercato-entre-patience-et-choix-pour-issa-kabore\/","name":"Mercato: Entre patience et choix pour Issa Kabor\u00e9 !! - le regard du sportif","isPartOf":{"@id":"https:\/\/oeilsportif.info\/#website"},"primaryImageOfPage":{"@id":"https:\/\/oeilsportif.info\/index.php\/mercato-entre-patience-et-choix-pour-issa-kabore\/#primaryimage"},"image":{"@id":"https:\/\/oeilsportif.info\/index.php\/mercato-entre-patience-et-choix-pour-issa-kabore\/#primaryimage"},"thumbnailUrl":"https:\/\/i0.wp.com\/oeilsportif.info\/wp-content\/uploads\/2022\/08\/FB_IMG_1659578963876.jpg?fit=960%2C639&ssl=1","datePublished":"2022-08-04T02:16:50+00:00","author":{"@id":"https:\/\/oeilsportif.info\/#\/schema\/person\/cfbded294aa6095f7d96608d7905e9a1"},"inLanguage":"fr-FR","potentialAction":[{"@type":"ReadAction","target":["https:\/\/oeilsportif.info\/index.php\/mercato-entre-patience-et-choix-pour-issa-kabore\/"]}]},{"@type":"ImageObject","inLanguage":"fr-FR","@id":"https:\/\/oeilsportif.info\/index.php\/mercato-entre-patience-et-choix-pour-issa-kabore\/#primaryimage","url":"https:\/\/i0.wp.com\/oeilsportif.info\/wp-content\/uploads\/2022\/08\/FB_IMG_1659578963876.jpg?fit=960%2C639&ssl=1","contentUrl":"https:\/\/i0.wp.com\/oeilsportif.info\/wp-content\/uploads\/2022\/08\/FB_IMG_1659578963876.jpg?fit=960%2C639&ssl=1","width":960,"height":639},{"@type":"WebSite","@id":"https:\/\/oeilsportif.info\/#website","url":"https:\/\/oeilsportif.info\/","name":"le regard du sportif","description":"","potentialAction":[{"@type":"SearchAction","target":{"@type":"EntryPoint","urlTemplate":"https:\/\/oeilsportif.info\/?s={search_term_string}"},"query-input":{"@type":"PropertyValueSpecification","valueRequired":true,"valueName":"search_term_string"}}],"inLanguage":"fr-FR"},{"@type":"Person","@id":"https:\/\/oeilsportif.info\/#\/schema\/person\/cfbded294aa6095f7d96608d7905e9a1","name":"L'Equipe de la R\u00e9daction","image":{"@type":"ImageObject","inLanguage":"fr-FR","@id":"https:\/\/oeilsportif.info\/wp-content\/uploads\/2025\/07\/cropped-cropped-logo-os-96x96.jpeg","url":"https:\/\/oeilsportif.info\/wp-content\/uploads\/2025\/07\/cropped-cropped-logo-os-96x96.jpeg","contentUrl":"https:\/\/oeilsportif.info\/wp-content\/uploads\/2025\/07\/cropped-cropped-logo-os-96x96.jpeg","caption":"L'Equipe de la R\u00e9daction"},"url":"https:\/\/oeilsportif.info\/index.php\/author\/tawel\/"}]}},"jetpack_publicize_connections":[],"jetpack_featured_media_url":"https:\/\/i0.wp.com\/oeilsportif.info\/wp-content\/uploads\/2022\/08\/FB_IMG_1659578963876.jpg?fit=960%2C639&ssl=1","jetpack-related-posts":[],"jetpack_sharing_enabled":true,"jetpack_likes_enabled":true,"jetpack_shortlink":"https:\/\/wp.me\/pgFE77-lQ","_links":{"self":[{"href":"https:\/\/oeilsportif.info\/index.php\/wp-json\/wp\/v2\/posts\/1354","targetHints":{"allow":["GET"]}}],"collection":[{"href":"https:\/\/oeilsportif.info\/index.php\/wp-json\/wp\/v2\/posts"}],"about":[{"href":"https:\/\/oeilsportif.info\/index.php\/wp-json\/wp\/v2\/types\/post"}],"author":[{"embeddable":true,"href":"https:\/\/oeilsportif.info\/index.php\/wp-json\/wp\/v2\/users\/2"}],"replies":[{"embeddable":true,"href":"https:\/\/oeilsportif.info\/index.php\/wp-json\/wp\/v2\/comments?post=1354"}],"version-history":[{"count":0,"href":"https:\/\/oeilsportif.info\/index.php\/wp-json\/wp\/v2\/posts\/1354\/revisions"}],"wp:featuredmedia":[{"embeddable":true,"href":"https:\/\/oeilsportif.info\/index.php\/wp-json\/wp\/v2\/media\/1355"}],"wp:attachment":[{"href":"https:\/\/oeilsportif.info\/index.php\/wp-json\/wp\/v2\/media?parent=1354"}],"wp:term":[{"taxonomy":"category","embeddable":true,"href":"https:\/\/oeilsportif.info\/index.php\/wp-json\/wp\/v2\/categories?post=1354"},{"taxonomy":"post_tag","embeddable":true,"href":"https:\/\/oeilsportif.info\/index.php\/wp-json\/wp\/v2\/tags?post=1354"}],"curies":[{"name":"wp","href":"https:\/\/api.w.org\/{rel}","templated":true}]}}