{"id":1317,"date":"2022-07-29T15:59:07","date_gmt":"2022-07-29T15:59:07","guid":{"rendered":"https:\/\/oeilsportif.info\/index.php\/?p=1317"},"modified":"2022-07-29T15:59:07","modified_gmt":"2022-07-29T15:59:07","slug":"hafia-fc-ifra-flex-dieng-president-delegue-nos-chemins-se-croisent-a-nouveau","status":"publish","type":"post","link":"https:\/\/oeilsportif.info\/index.php\/hafia-fc-ifra-flex-dieng-president-delegue-nos-chemins-se-croisent-a-nouveau\/","title":{"rendered":"Hafia FC- Ifra Flex Dieng, Pr\u00e9sident D\u00e9l\u00e9gu\u00e9 Nos chemins se croisent, \u00e0 nouveau ."},"content":{"rendered":"<p><strong>Ce vendredi matin 29 juillet 2022, je me suis r\u00e9veill\u00e9 avec cette envie de griffonner quelques mots sur le Hafia FC du pr\u00e9sident Kerfalla Camara KPC et je suis tomb\u00e9 sur cette photo de mon Pr\u00e9sident d\u00e9l\u00e9gu\u00e9 et moi.. Alors, je me suis dit voil\u00e0 je vais dire un truc sur nous deux.<\/strong><br \/>\n<strong>Flex, je l&rsquo;ai connu \u00e0 la Fac des lettres et Sciences Humaines de l&rsquo;universit\u00e9 Gamal Abdel Nasser de Conakry.<\/strong><\/p>\n<p>Nous avons partag\u00e9 la m\u00eame classe, en fili\u00e8re Langue Espagnole, Apr\u00e8s 2 ann\u00e9es<br \/>\nuniversitaires, les autorit\u00e9s ont supprim\u00e9 la fili\u00e8re.<br \/>\nAinsi, nous avons repris en 1\u00e9re ann\u00e9e premier cycle lettres modernes.<br \/>\nNous avons fait le tronc commun dans les m\u00eames classes jusqu&rsquo;\u00e0 l&rsquo;obtention du DEUG.<br \/>\nEnsuite, \u00e0 l&rsquo;issue d&rsquo;un concours, Flex et moi avons \u00e9t\u00e9 admis \u00e0 la fili\u00e8re Journalisme , nous \u00e9tions 15 \u00e9tudiants admis.<br \/>\nPuis, on a cravach\u00e9 pour la Licence et la Ma\u00eetrise en Journalisme.<br \/>\nParall\u00e8lement, pendant que nous \u00e9tions \u00e0 la Fac, moi j&rsquo;\u00e9tais d\u00e9j\u00e0 un reporter \u00e0 la Gazette de Guin\u00e9e ensuite au Nouvel Horizon et \u00e0 la Nouvelle Tribune ( Des journaux Papiers).Ce, avant que je ne cr\u00e9e Podium Magazine en 2001.<br \/>\nMais de 1996 \u00e0 2000, passionn\u00e9 de Cin\u00e9ma, j&rsquo;avais jou\u00e9 dans le film \u00a0\u00bb Le Plaisir qui tue \u00ab\u00a0de Aissatou Bily et \u00ab\u00a0Immatriculation Temporaire \u00ab\u00a0du Franco-Guin\u00e9en Gahit\u00e9 Fofana. Une mega-production \u00e0 son \u00e9poque.<\/p>\n<p>Pendant ce temps, Ifra Flex Dieng ou DJ Flex \u00e9tait le chouchou des ambianceurs hupp\u00e9s de la nuit \u00e0 Conakry. Il r\u00e9chauffant l&rsquo;ambiance dans les nigths et les soir\u00e9es priv\u00e9es et de prestiges. Les mix de Dj Flex \u00e9taient parmi les plus sollicit\u00e9s dans Conakrykoui. Un grand ma\u00eetre des platines avec sa voix caverneuse au dessus du lot.<\/p>\n<p>Et quand mon concept Podium Magazine 100% infos Culturelles a d\u00e9coll\u00e9, Flex \u00e9tait au sommet de son art. C&rsquo;est ainsi qu&rsquo;il a remport\u00e9 le concours National de DJ en 2005. J&rsquo;\u00e9tais tr\u00e8s heureux de le mettre \u00e0 la grande UNE de Podium Magazine.avec le titre \u00ab\u00a0DJ Flex , Champion de Guin\u00e9e 2005&Prime;<br \/>\nL\u00e0, on venait de se rendre compte que nous \u00e9tions, tous deux, de grosses t\u00eates d&rsquo;affiches de la Culure de notre pays. Lui, en tant que DJ malgr\u00e9 sa ma\u00eetrise en Journalisme et moi en qualit\u00e9 de journaliste Culturel et actif dans le 7\u00e9me art avec mon statut de critique de Cin\u00e9ma Africain&#8230;.<br \/>\nDonc, retenez que nous avons l&rsquo;\u00e9quivalent du DEUG en Langue Espagnole.<br \/>\nNous avons chacun une ma\u00eetrise en Journalisme ( DEUG et Licence Compris)<br \/>\nNous sommes des acteurs majeurs de la Culture Guin\u00e9enne.<br \/>\nEt, maintenant, il est le Pr\u00e9sident d\u00e9l\u00e9gu\u00e9 et moi, son Secr\u00e9taire G\u00e9n\u00e9ral au Hafia FC<br \/>\nTous les deux, nous avons \u00e9t\u00e9 envoy\u00e9s dans le milieu du Football par notre patron et ami Kerfalla Camara KPC moi depuis 2013 et lui en 2022.<br \/>\nLe jour de sa nomination, au poste de Pr\u00e9sident D\u00e9l\u00e9gu\u00e9, apr\u00e8s les accolades de F\u00e9licitations Flex s&rsquo;est certainement souvenu de tout ce que je vous ai racont\u00e9, en partie et il a dit:\u00a0\u00bb Eh Marco, nos destins sont vraiment li\u00e9s&#8230;\u00a0\u00bb Moi je savais de quoi Flex parlait.<\/p>\n<p>Et moi je souligne \u00a0\u00bb Oui nos destins sont li\u00e9s et nos chemins se croisent \u00e0 nouveau&#8230;\u00a0\u00bb<br \/>\nOn se croise dans le plus grand club de football de la Guin\u00e9e. Le Hafia Football Club du Pr\u00e9sident KPC.<br \/>\nJe crois que le destin trace le chemin des Hommes et le reste suit.<br \/>\nNotre unique souhait, Flex et moi, c&rsquo;est de faire de grandes choses pour le r\u00e9veil d\u00e9finitif du Hafia FC du Pr\u00e9sident KPC.<br \/>\nInch&rsquo;Allah, avec le concours de tous les employ\u00e9s et joueurs du club, nous y parviendrons. Voil\u00e0 mes quelques lignes.<\/p>\n<p>Hafia FC, La L\u00e9gende Continue !!!<\/p>\n<p><strong>Marco Ibrahima Sory Bah\u00a0<\/strong><\/p>\n","protected":false},"excerpt":{"rendered":"<p>Ce vendredi matin 29 juillet 2022, je me suis r\u00e9veill\u00e9 avec cette envie de griffonner quelques mots sur le Hafia FC du pr\u00e9sident Kerfalla Camara KPC et je suis tomb\u00e9 sur cette photo de mon Pr\u00e9sident d\u00e9l\u00e9gu\u00e9 et moi.. Alors, je me suis dit voil\u00e0 je vais dire un truc sur nous deux. Flex, je [&hellip;]<\/p>\n","protected":false},"author":2,"featured_media":1318,"comment_status":"closed","ping_status":"open","sticky":false,"template":"","format":"standard","meta":{"_jetpack_memberships_contains_paid_content":false,"footnotes":"","jetpack_publicize_message":"","jetpack_publicize_feature_enabled":true,"jetpack_social_post_already_shared":true,"jetpack_social_options":{"image_generator_settings":{"template":"highway","default_image_id":0,"font":"","enabled":false},"version":2}},"categories":[10],"tags":[],"class_list":{"0":"post-1317","1":"post","2":"type-post","3":"status-publish","4":"format-standard","5":"has-post-thumbnail","7":"category-actualite"},"yoast_head":"<!-- This site is optimized with the Yoast SEO plugin v27.4 - https:\/\/yoast.com\/product\/yoast-seo-wordpress\/ -->\n<title>Hafia FC- Ifra Flex Dieng, Pr\u00e9sident D\u00e9l\u00e9gu\u00e9 Nos chemins se croisent, \u00e0 nouveau . - le regard du sportif<\/title>\n<meta name=\"robots\" content=\"index, follow, max-snippet:-1, max-image-preview:large, max-video-preview:-1\" \/>\n<link rel=\"canonical\" href=\"https:\/\/oeilsportif.info\/index.php\/hafia-fc-ifra-flex-dieng-president-delegue-nos-chemins-se-croisent-a-nouveau\/\" \/>\n<meta property=\"og:locale\" content=\"fr_FR\" \/>\n<meta property=\"og:type\" content=\"article\" \/>\n<meta property=\"og:title\" content=\"Hafia FC- Ifra Flex Dieng, Pr\u00e9sident D\u00e9l\u00e9gu\u00e9 Nos chemins se croisent, \u00e0 nouveau . - le regard du sportif\" \/>\n<meta property=\"og:description\" content=\"Ce vendredi matin 29 juillet 2022, je me suis r\u00e9veill\u00e9 avec cette envie de griffonner quelques mots sur le Hafia FC du pr\u00e9sident Kerfalla Camara KPC et je suis tomb\u00e9 sur cette photo de mon Pr\u00e9sident d\u00e9l\u00e9gu\u00e9 et moi.. Alors, je me suis dit voil\u00e0 je vais dire un truc sur nous deux. Flex, je [&hellip;]\" \/>\n<meta property=\"og:url\" content=\"https:\/\/oeilsportif.info\/index.php\/hafia-fc-ifra-flex-dieng-president-delegue-nos-chemins-se-croisent-a-nouveau\/\" \/>\n<meta property=\"og:site_name\" content=\"le regard du sportif\" \/>\n<meta property=\"article:published_time\" content=\"2022-07-29T15:59:07+00:00\" \/>\n<meta property=\"og:image\" content=\"https:\/\/oeilsportif.info\/wp-content\/uploads\/2022\/07\/FB_IMG_1659109027765.jpg\" \/>\n\t<meta property=\"og:image:width\" content=\"720\" \/>\n\t<meta property=\"og:image:height\" content=\"960\" \/>\n\t<meta property=\"og:image:type\" content=\"image\/jpeg\" \/>\n<meta name=\"author\" content=\"L&#039;Equipe de la R\u00e9daction\" \/>\n<meta name=\"twitter:label1\" content=\"\u00c9crit par\" \/>\n\t<meta name=\"twitter:data1\" content=\"L&#039;Equipe de la R\u00e9daction\" \/>\n\t<meta name=\"twitter:label2\" content=\"Dur\u00e9e de lecture estim\u00e9e\" \/>\n\t<meta name=\"twitter:data2\" content=\"4 minutes\" \/>\n<script type=\"application\/ld+json\" class=\"yoast-schema-graph\">{\"@context\":\"https:\\\/\\\/schema.org\",\"@graph\":[{\"@type\":\"Article\",\"@id\":\"https:\\\/\\\/oeilsportif.info\\\/index.php\\\/hafia-fc-ifra-flex-dieng-president-delegue-nos-chemins-se-croisent-a-nouveau\\\/#article\",\"isPartOf\":{\"@id\":\"https:\\\/\\\/oeilsportif.info\\\/index.php\\\/hafia-fc-ifra-flex-dieng-president-delegue-nos-chemins-se-croisent-a-nouveau\\\/\"},\"author\":{\"name\":\"L'Equipe de la R\u00e9daction\",\"@id\":\"https:\\\/\\\/oeilsportif.info\\\/#\\\/schema\\\/person\\\/cfbded294aa6095f7d96608d7905e9a1\"},\"headline\":\"Hafia FC- Ifra Flex Dieng, Pr\u00e9sident D\u00e9l\u00e9gu\u00e9 Nos chemins se croisent, \u00e0 nouveau .\",\"datePublished\":\"2022-07-29T15:59:07+00:00\",\"mainEntityOfPage\":{\"@id\":\"https:\\\/\\\/oeilsportif.info\\\/index.php\\\/hafia-fc-ifra-flex-dieng-president-delegue-nos-chemins-se-croisent-a-nouveau\\\/\"},\"wordCount\":668,\"image\":{\"@id\":\"https:\\\/\\\/oeilsportif.info\\\/index.php\\\/hafia-fc-ifra-flex-dieng-president-delegue-nos-chemins-se-croisent-a-nouveau\\\/#primaryimage\"},\"thumbnailUrl\":\"https:\\\/\\\/i0.wp.com\\\/oeilsportif.info\\\/wp-content\\\/uploads\\\/2022\\\/07\\\/FB_IMG_1659109027765.jpg?fit=720%2C960&ssl=1\",\"articleSection\":[\"Actualit\u00e9\"],\"inLanguage\":\"fr-FR\"},{\"@type\":\"WebPage\",\"@id\":\"https:\\\/\\\/oeilsportif.info\\\/index.php\\\/hafia-fc-ifra-flex-dieng-president-delegue-nos-chemins-se-croisent-a-nouveau\\\/\",\"url\":\"https:\\\/\\\/oeilsportif.info\\\/index.php\\\/hafia-fc-ifra-flex-dieng-president-delegue-nos-chemins-se-croisent-a-nouveau\\\/\",\"name\":\"Hafia FC- Ifra Flex Dieng, Pr\u00e9sident D\u00e9l\u00e9gu\u00e9 Nos chemins se croisent, \u00e0 nouveau . - le regard du sportif\",\"isPartOf\":{\"@id\":\"https:\\\/\\\/oeilsportif.info\\\/#website\"},\"primaryImageOfPage\":{\"@id\":\"https:\\\/\\\/oeilsportif.info\\\/index.php\\\/hafia-fc-ifra-flex-dieng-president-delegue-nos-chemins-se-croisent-a-nouveau\\\/#primaryimage\"},\"image\":{\"@id\":\"https:\\\/\\\/oeilsportif.info\\\/index.php\\\/hafia-fc-ifra-flex-dieng-president-delegue-nos-chemins-se-croisent-a-nouveau\\\/#primaryimage\"},\"thumbnailUrl\":\"https:\\\/\\\/i0.wp.com\\\/oeilsportif.info\\\/wp-content\\\/uploads\\\/2022\\\/07\\\/FB_IMG_1659109027765.jpg?fit=720%2C960&ssl=1\",\"datePublished\":\"2022-07-29T15:59:07+00:00\",\"author\":{\"@id\":\"https:\\\/\\\/oeilsportif.info\\\/#\\\/schema\\\/person\\\/cfbded294aa6095f7d96608d7905e9a1\"},\"inLanguage\":\"fr-FR\",\"potentialAction\":[{\"@type\":\"ReadAction\",\"target\":[\"https:\\\/\\\/oeilsportif.info\\\/index.php\\\/hafia-fc-ifra-flex-dieng-president-delegue-nos-chemins-se-croisent-a-nouveau\\\/\"]}]},{\"@type\":\"ImageObject\",\"inLanguage\":\"fr-FR\",\"@id\":\"https:\\\/\\\/oeilsportif.info\\\/index.php\\\/hafia-fc-ifra-flex-dieng-president-delegue-nos-chemins-se-croisent-a-nouveau\\\/#primaryimage\",\"url\":\"https:\\\/\\\/i0.wp.com\\\/oeilsportif.info\\\/wp-content\\\/uploads\\\/2022\\\/07\\\/FB_IMG_1659109027765.jpg?fit=720%2C960&ssl=1\",\"contentUrl\":\"https:\\\/\\\/i0.wp.com\\\/oeilsportif.info\\\/wp-content\\\/uploads\\\/2022\\\/07\\\/FB_IMG_1659109027765.jpg?fit=720%2C960&ssl=1\",\"width\":720,\"height\":960},{\"@type\":\"WebSite\",\"@id\":\"https:\\\/\\\/oeilsportif.info\\\/#website\",\"url\":\"https:\\\/\\\/oeilsportif.info\\\/\",\"name\":\"le regard du sportif\",\"description\":\"\",\"potentialAction\":[{\"@type\":\"SearchAction\",\"target\":{\"@type\":\"EntryPoint\",\"urlTemplate\":\"https:\\\/\\\/oeilsportif.info\\\/?s={search_term_string}\"},\"query-input\":{\"@type\":\"PropertyValueSpecification\",\"valueRequired\":true,\"valueName\":\"search_term_string\"}}],\"inLanguage\":\"fr-FR\"},{\"@type\":\"Person\",\"@id\":\"https:\\\/\\\/oeilsportif.info\\\/#\\\/schema\\\/person\\\/cfbded294aa6095f7d96608d7905e9a1\",\"name\":\"L'Equipe de la R\u00e9daction\",\"image\":{\"@type\":\"ImageObject\",\"inLanguage\":\"fr-FR\",\"@id\":\"https:\\\/\\\/oeilsportif.info\\\/wp-content\\\/uploads\\\/2025\\\/07\\\/cropped-cropped-logo-os-96x96.jpeg\",\"url\":\"https:\\\/\\\/oeilsportif.info\\\/wp-content\\\/uploads\\\/2025\\\/07\\\/cropped-cropped-logo-os-96x96.jpeg\",\"contentUrl\":\"https:\\\/\\\/oeilsportif.info\\\/wp-content\\\/uploads\\\/2025\\\/07\\\/cropped-cropped-logo-os-96x96.jpeg\",\"caption\":\"L'Equipe de la R\u00e9daction\"},\"url\":\"https:\\\/\\\/oeilsportif.info\\\/index.php\\\/author\\\/tawel\\\/\"}]}<\/script>\n<!-- \/ Yoast SEO plugin. -->","yoast_head_json":{"title":"Hafia FC- Ifra Flex Dieng, Pr\u00e9sident D\u00e9l\u00e9gu\u00e9 Nos chemins se croisent, \u00e0 nouveau . - le regard du sportif","robots":{"index":"index","follow":"follow","max-snippet":"max-snippet:-1","max-image-preview":"max-image-preview:large","max-video-preview":"max-video-preview:-1"},"canonical":"https:\/\/oeilsportif.info\/index.php\/hafia-fc-ifra-flex-dieng-president-delegue-nos-chemins-se-croisent-a-nouveau\/","og_locale":"fr_FR","og_type":"article","og_title":"Hafia FC- Ifra Flex Dieng, Pr\u00e9sident D\u00e9l\u00e9gu\u00e9 Nos chemins se croisent, \u00e0 nouveau . - le regard du sportif","og_description":"Ce vendredi matin 29 juillet 2022, je me suis r\u00e9veill\u00e9 avec cette envie de griffonner quelques mots sur le Hafia FC du pr\u00e9sident Kerfalla Camara KPC et je suis tomb\u00e9 sur cette photo de mon Pr\u00e9sident d\u00e9l\u00e9gu\u00e9 et moi.. Alors, je me suis dit voil\u00e0 je vais dire un truc sur nous deux. Flex, je [&hellip;]","og_url":"https:\/\/oeilsportif.info\/index.php\/hafia-fc-ifra-flex-dieng-president-delegue-nos-chemins-se-croisent-a-nouveau\/","og_site_name":"le regard du sportif","article_published_time":"2022-07-29T15:59:07+00:00","og_image":[{"width":720,"height":960,"url":"https:\/\/oeilsportif.info\/wp-content\/uploads\/2022\/07\/FB_IMG_1659109027765.jpg","type":"image\/jpeg"}],"author":"L'Equipe de la R\u00e9daction","twitter_misc":{"\u00c9crit par":"L'Equipe de la R\u00e9daction","Dur\u00e9e de lecture estim\u00e9e":"4 minutes"},"schema":{"@context":"https:\/\/schema.org","@graph":[{"@type":"Article","@id":"https:\/\/oeilsportif.info\/index.php\/hafia-fc-ifra-flex-dieng-president-delegue-nos-chemins-se-croisent-a-nouveau\/#article","isPartOf":{"@id":"https:\/\/oeilsportif.info\/index.php\/hafia-fc-ifra-flex-dieng-president-delegue-nos-chemins-se-croisent-a-nouveau\/"},"author":{"name":"L'Equipe de la R\u00e9daction","@id":"https:\/\/oeilsportif.info\/#\/schema\/person\/cfbded294aa6095f7d96608d7905e9a1"},"headline":"Hafia FC- Ifra Flex Dieng, Pr\u00e9sident D\u00e9l\u00e9gu\u00e9 Nos chemins se croisent, \u00e0 nouveau .","datePublished":"2022-07-29T15:59:07+00:00","mainEntityOfPage":{"@id":"https:\/\/oeilsportif.info\/index.php\/hafia-fc-ifra-flex-dieng-president-delegue-nos-chemins-se-croisent-a-nouveau\/"},"wordCount":668,"image":{"@id":"https:\/\/oeilsportif.info\/index.php\/hafia-fc-ifra-flex-dieng-president-delegue-nos-chemins-se-croisent-a-nouveau\/#primaryimage"},"thumbnailUrl":"https:\/\/i0.wp.com\/oeilsportif.info\/wp-content\/uploads\/2022\/07\/FB_IMG_1659109027765.jpg?fit=720%2C960&ssl=1","articleSection":["Actualit\u00e9"],"inLanguage":"fr-FR"},{"@type":"WebPage","@id":"https:\/\/oeilsportif.info\/index.php\/hafia-fc-ifra-flex-dieng-president-delegue-nos-chemins-se-croisent-a-nouveau\/","url":"https:\/\/oeilsportif.info\/index.php\/hafia-fc-ifra-flex-dieng-president-delegue-nos-chemins-se-croisent-a-nouveau\/","name":"Hafia FC- Ifra Flex Dieng, Pr\u00e9sident D\u00e9l\u00e9gu\u00e9 Nos chemins se croisent, \u00e0 nouveau . - le regard du sportif","isPartOf":{"@id":"https:\/\/oeilsportif.info\/#website"},"primaryImageOfPage":{"@id":"https:\/\/oeilsportif.info\/index.php\/hafia-fc-ifra-flex-dieng-president-delegue-nos-chemins-se-croisent-a-nouveau\/#primaryimage"},"image":{"@id":"https:\/\/oeilsportif.info\/index.php\/hafia-fc-ifra-flex-dieng-president-delegue-nos-chemins-se-croisent-a-nouveau\/#primaryimage"},"thumbnailUrl":"https:\/\/i0.wp.com\/oeilsportif.info\/wp-content\/uploads\/2022\/07\/FB_IMG_1659109027765.jpg?fit=720%2C960&ssl=1","datePublished":"2022-07-29T15:59:07+00:00","author":{"@id":"https:\/\/oeilsportif.info\/#\/schema\/person\/cfbded294aa6095f7d96608d7905e9a1"},"inLanguage":"fr-FR","potentialAction":[{"@type":"ReadAction","target":["https:\/\/oeilsportif.info\/index.php\/hafia-fc-ifra-flex-dieng-president-delegue-nos-chemins-se-croisent-a-nouveau\/"]}]},{"@type":"ImageObject","inLanguage":"fr-FR","@id":"https:\/\/oeilsportif.info\/index.php\/hafia-fc-ifra-flex-dieng-president-delegue-nos-chemins-se-croisent-a-nouveau\/#primaryimage","url":"https:\/\/i0.wp.com\/oeilsportif.info\/wp-content\/uploads\/2022\/07\/FB_IMG_1659109027765.jpg?fit=720%2C960&ssl=1","contentUrl":"https:\/\/i0.wp.com\/oeilsportif.info\/wp-content\/uploads\/2022\/07\/FB_IMG_1659109027765.jpg?fit=720%2C960&ssl=1","width":720,"height":960},{"@type":"WebSite","@id":"https:\/\/oeilsportif.info\/#website","url":"https:\/\/oeilsportif.info\/","name":"le regard du sportif","description":"","potentialAction":[{"@type":"SearchAction","target":{"@type":"EntryPoint","urlTemplate":"https:\/\/oeilsportif.info\/?s={search_term_string}"},"query-input":{"@type":"PropertyValueSpecification","valueRequired":true,"valueName":"search_term_string"}}],"inLanguage":"fr-FR"},{"@type":"Person","@id":"https:\/\/oeilsportif.info\/#\/schema\/person\/cfbded294aa6095f7d96608d7905e9a1","name":"L'Equipe de la R\u00e9daction","image":{"@type":"ImageObject","inLanguage":"fr-FR","@id":"https:\/\/oeilsportif.info\/wp-content\/uploads\/2025\/07\/cropped-cropped-logo-os-96x96.jpeg","url":"https:\/\/oeilsportif.info\/wp-content\/uploads\/2025\/07\/cropped-cropped-logo-os-96x96.jpeg","contentUrl":"https:\/\/oeilsportif.info\/wp-content\/uploads\/2025\/07\/cropped-cropped-logo-os-96x96.jpeg","caption":"L'Equipe de la R\u00e9daction"},"url":"https:\/\/oeilsportif.info\/index.php\/author\/tawel\/"}]}},"jetpack_publicize_connections":[],"jetpack_featured_media_url":"https:\/\/i0.wp.com\/oeilsportif.info\/wp-content\/uploads\/2022\/07\/FB_IMG_1659109027765.jpg?fit=720%2C960&ssl=1","jetpack-related-posts":[],"jetpack_sharing_enabled":true,"jetpack_likes_enabled":true,"jetpack_shortlink":"https:\/\/wp.me\/pgFE77-lf","_links":{"self":[{"href":"https:\/\/oeilsportif.info\/index.php\/wp-json\/wp\/v2\/posts\/1317","targetHints":{"allow":["GET"]}}],"collection":[{"href":"https:\/\/oeilsportif.info\/index.php\/wp-json\/wp\/v2\/posts"}],"about":[{"href":"https:\/\/oeilsportif.info\/index.php\/wp-json\/wp\/v2\/types\/post"}],"author":[{"embeddable":true,"href":"https:\/\/oeilsportif.info\/index.php\/wp-json\/wp\/v2\/users\/2"}],"replies":[{"embeddable":true,"href":"https:\/\/oeilsportif.info\/index.php\/wp-json\/wp\/v2\/comments?post=1317"}],"version-history":[{"count":0,"href":"https:\/\/oeilsportif.info\/index.php\/wp-json\/wp\/v2\/posts\/1317\/revisions"}],"wp:featuredmedia":[{"embeddable":true,"href":"https:\/\/oeilsportif.info\/index.php\/wp-json\/wp\/v2\/media\/1318"}],"wp:attachment":[{"href":"https:\/\/oeilsportif.info\/index.php\/wp-json\/wp\/v2\/media?parent=1317"}],"wp:term":[{"taxonomy":"category","embeddable":true,"href":"https:\/\/oeilsportif.info\/index.php\/wp-json\/wp\/v2\/categories?post=1317"},{"taxonomy":"post_tag","embeddable":true,"href":"https:\/\/oeilsportif.info\/index.php\/wp-json\/wp\/v2\/tags?post=1317"}],"curies":[{"name":"wp","href":"https:\/\/api.w.org\/{rel}","templated":true}]}}