{"id":1303,"date":"2022-07-28T21:32:14","date_gmt":"2022-07-28T21:32:14","guid":{"rendered":"https:\/\/oeilsportif.info\/index.php\/?p=1303"},"modified":"2022-07-28T21:32:14","modified_gmt":"2022-07-28T21:32:14","slug":"syli-local-ousmane-drame-et-ibrahima-sory-camara-lincoln-convoques","status":"publish","type":"post","link":"https:\/\/oeilsportif.info\/index.php\/syli-local-ousmane-drame-et-ibrahima-sory-camara-lincoln-convoques\/","title":{"rendered":"Syli local : Ousmane Dram\u00e9 et Ibrahima Sory Camara Lincoln convoqu\u00e9s"},"content":{"rendered":"<p>\u00c0 travers un courrier, en date du 27 juillet 2022, le Hafia FC a \u00e9t\u00e9 inform\u00e9 par la F\u00e9guifoot de la s\u00e9lection deux de ses joueurs en \u00e9quipe nationale locale . Il s&rsquo;agit du milieu d\u00e9fensif Ousmane Dram\u00e9 ( nommin\u00e9 dans la cat\u00e9gorie Espoirs par LGFP la saison pass\u00e9e nlrd), et Ibrahima Sory Lincoln Camara lat\u00e9ral droit auteur de plusieurs matchs avec en L1 la saison pass\u00e9e avec le Hafia FC. F\u00e9licitations pour votre s\u00e9lection, tout le Hafia FC vous souhaite bonne chance.<\/p>\n<p>Hafia FC la l\u00e9gende continue&#8230;<\/p>\n<p><a href=\"https:\/\/i0.wp.com\/oeilsportif.info\/wp-content\/uploads\/2022\/07\/FB_IMG_1659043368018.jpg?ssl=1\"><img data-recalc-dims=\"1\" loading=\"lazy\" decoding=\"async\" class=\"alignnone size-full wp-image-1304\" src=\"https:\/\/i0.wp.com\/oeilsportif.info\/wp-content\/uploads\/2022\/07\/FB_IMG_1659043368018.jpg?resize=696%2C1001&#038;ssl=1\" alt=\"\" width=\"696\" height=\"1001\" srcset=\"https:\/\/i0.wp.com\/oeilsportif.info\/wp-content\/uploads\/2022\/07\/FB_IMG_1659043368018.jpg?w=890&amp;ssl=1 890w, https:\/\/i0.wp.com\/oeilsportif.info\/wp-content\/uploads\/2022\/07\/FB_IMG_1659043368018.jpg?resize=209%2C300&amp;ssl=1 209w, https:\/\/i0.wp.com\/oeilsportif.info\/wp-content\/uploads\/2022\/07\/FB_IMG_1659043368018.jpg?resize=712%2C1024&amp;ssl=1 712w, https:\/\/i0.wp.com\/oeilsportif.info\/wp-content\/uploads\/2022\/07\/FB_IMG_1659043368018.jpg?resize=768%2C1105&amp;ssl=1 768w, https:\/\/i0.wp.com\/oeilsportif.info\/wp-content\/uploads\/2022\/07\/FB_IMG_1659043368018.jpg?resize=696%2C1001&amp;ssl=1 696w, https:\/\/i0.wp.com\/oeilsportif.info\/wp-content\/uploads\/2022\/07\/FB_IMG_1659043368018.jpg?resize=292%2C420&amp;ssl=1 292w\" sizes=\"auto, (max-width: 696px) 100vw, 696px\" \/><\/a><\/p>\n<p>S\u00e9kouna Camara<\/p>\n","protected":false},"excerpt":{"rendered":"<p>\u00c0 travers un courrier, en date du 27 juillet 2022, le Hafia FC a \u00e9t\u00e9 inform\u00e9 par la F\u00e9guifoot de la s\u00e9lection deux de ses joueurs en \u00e9quipe nationale locale . Il s&rsquo;agit du milieu d\u00e9fensif Ousmane Dram\u00e9 ( nommin\u00e9 dans la cat\u00e9gorie Espoirs par LGFP la saison pass\u00e9e nlrd), et Ibrahima Sory Lincoln Camara [&hellip;]<\/p>\n","protected":false},"author":2,"featured_media":1305,"comment_status":"closed","ping_status":"open","sticky":false,"template":"","format":"standard","meta":{"_jetpack_memberships_contains_paid_content":false,"footnotes":"","jetpack_publicize_message":"","jetpack_publicize_feature_enabled":true,"jetpack_social_post_already_shared":true,"jetpack_social_options":{"image_generator_settings":{"template":"highway","default_image_id":0,"font":"","enabled":false},"version":2}},"categories":[5],"tags":[],"class_list":{"0":"post-1303","1":"post","2":"type-post","3":"status-publish","4":"format-standard","5":"has-post-thumbnail","7":"category-football"},"yoast_head":"<!-- This site is optimized with the Yoast SEO plugin v27.4 - https:\/\/yoast.com\/product\/yoast-seo-wordpress\/ -->\n<title>Syli local : Ousmane Dram\u00e9 et Ibrahima Sory Camara Lincoln convoqu\u00e9s - le regard du sportif<\/title>\n<meta name=\"robots\" content=\"index, follow, max-snippet:-1, max-image-preview:large, max-video-preview:-1\" \/>\n<link rel=\"canonical\" href=\"https:\/\/oeilsportif.info\/index.php\/syli-local-ousmane-drame-et-ibrahima-sory-camara-lincoln-convoques\/\" \/>\n<meta property=\"og:locale\" content=\"fr_FR\" \/>\n<meta property=\"og:type\" content=\"article\" \/>\n<meta property=\"og:title\" content=\"Syli local : Ousmane Dram\u00e9 et Ibrahima Sory Camara Lincoln convoqu\u00e9s - le regard du sportif\" \/>\n<meta property=\"og:description\" content=\"\u00c0 travers un courrier, en date du 27 juillet 2022, le Hafia FC a \u00e9t\u00e9 inform\u00e9 par la F\u00e9guifoot de la s\u00e9lection deux de ses joueurs en \u00e9quipe nationale locale . Il s&rsquo;agit du milieu d\u00e9fensif Ousmane Dram\u00e9 ( nommin\u00e9 dans la cat\u00e9gorie Espoirs par LGFP la saison pass\u00e9e nlrd), et Ibrahima Sory Lincoln Camara [&hellip;]\" \/>\n<meta property=\"og:url\" content=\"https:\/\/oeilsportif.info\/index.php\/syli-local-ousmane-drame-et-ibrahima-sory-camara-lincoln-convoques\/\" \/>\n<meta property=\"og:site_name\" content=\"le regard du sportif\" \/>\n<meta property=\"article:published_time\" content=\"2022-07-28T21:32:14+00:00\" \/>\n<meta property=\"og:image\" content=\"https:\/\/oeilsportif.info\/wp-content\/uploads\/2022\/07\/FB_IMG_1659043492718.jpg\" \/>\n\t<meta property=\"og:image:width\" content=\"715\" \/>\n\t<meta property=\"og:image:height\" content=\"715\" \/>\n\t<meta property=\"og:image:type\" content=\"image\/jpeg\" \/>\n<meta name=\"author\" content=\"L&#039;Equipe de la R\u00e9daction\" \/>\n<meta name=\"twitter:label1\" content=\"\u00c9crit par\" \/>\n\t<meta name=\"twitter:data1\" content=\"L&#039;Equipe de la R\u00e9daction\" \/>\n\t<meta name=\"twitter:label2\" content=\"Dur\u00e9e de lecture estim\u00e9e\" \/>\n\t<meta name=\"twitter:data2\" content=\"1 minute\" \/>\n<script type=\"application\/ld+json\" class=\"yoast-schema-graph\">{\"@context\":\"https:\\\/\\\/schema.org\",\"@graph\":[{\"@type\":\"Article\",\"@id\":\"https:\\\/\\\/oeilsportif.info\\\/index.php\\\/syli-local-ousmane-drame-et-ibrahima-sory-camara-lincoln-convoques\\\/#article\",\"isPartOf\":{\"@id\":\"https:\\\/\\\/oeilsportif.info\\\/index.php\\\/syli-local-ousmane-drame-et-ibrahima-sory-camara-lincoln-convoques\\\/\"},\"author\":{\"name\":\"L'Equipe de la R\u00e9daction\",\"@id\":\"https:\\\/\\\/oeilsportif.info\\\/#\\\/schema\\\/person\\\/cfbded294aa6095f7d96608d7905e9a1\"},\"headline\":\"Syli local : Ousmane Dram\u00e9 et Ibrahima Sory Camara Lincoln convoqu\u00e9s\",\"datePublished\":\"2022-07-28T21:32:14+00:00\",\"mainEntityOfPage\":{\"@id\":\"https:\\\/\\\/oeilsportif.info\\\/index.php\\\/syli-local-ousmane-drame-et-ibrahima-sory-camara-lincoln-convoques\\\/\"},\"wordCount\":108,\"image\":{\"@id\":\"https:\\\/\\\/oeilsportif.info\\\/index.php\\\/syli-local-ousmane-drame-et-ibrahima-sory-camara-lincoln-convoques\\\/#primaryimage\"},\"thumbnailUrl\":\"https:\\\/\\\/i0.wp.com\\\/oeilsportif.info\\\/wp-content\\\/uploads\\\/2022\\\/07\\\/FB_IMG_1659043492718.jpg?fit=715%2C715&ssl=1\",\"articleSection\":[\"Football\"],\"inLanguage\":\"fr-FR\"},{\"@type\":\"WebPage\",\"@id\":\"https:\\\/\\\/oeilsportif.info\\\/index.php\\\/syli-local-ousmane-drame-et-ibrahima-sory-camara-lincoln-convoques\\\/\",\"url\":\"https:\\\/\\\/oeilsportif.info\\\/index.php\\\/syli-local-ousmane-drame-et-ibrahima-sory-camara-lincoln-convoques\\\/\",\"name\":\"Syli local : Ousmane Dram\u00e9 et Ibrahima Sory Camara Lincoln convoqu\u00e9s - le regard du sportif\",\"isPartOf\":{\"@id\":\"https:\\\/\\\/oeilsportif.info\\\/#website\"},\"primaryImageOfPage\":{\"@id\":\"https:\\\/\\\/oeilsportif.info\\\/index.php\\\/syli-local-ousmane-drame-et-ibrahima-sory-camara-lincoln-convoques\\\/#primaryimage\"},\"image\":{\"@id\":\"https:\\\/\\\/oeilsportif.info\\\/index.php\\\/syli-local-ousmane-drame-et-ibrahima-sory-camara-lincoln-convoques\\\/#primaryimage\"},\"thumbnailUrl\":\"https:\\\/\\\/i0.wp.com\\\/oeilsportif.info\\\/wp-content\\\/uploads\\\/2022\\\/07\\\/FB_IMG_1659043492718.jpg?fit=715%2C715&ssl=1\",\"datePublished\":\"2022-07-28T21:32:14+00:00\",\"author\":{\"@id\":\"https:\\\/\\\/oeilsportif.info\\\/#\\\/schema\\\/person\\\/cfbded294aa6095f7d96608d7905e9a1\"},\"inLanguage\":\"fr-FR\",\"potentialAction\":[{\"@type\":\"ReadAction\",\"target\":[\"https:\\\/\\\/oeilsportif.info\\\/index.php\\\/syli-local-ousmane-drame-et-ibrahima-sory-camara-lincoln-convoques\\\/\"]}]},{\"@type\":\"ImageObject\",\"inLanguage\":\"fr-FR\",\"@id\":\"https:\\\/\\\/oeilsportif.info\\\/index.php\\\/syli-local-ousmane-drame-et-ibrahima-sory-camara-lincoln-convoques\\\/#primaryimage\",\"url\":\"https:\\\/\\\/i0.wp.com\\\/oeilsportif.info\\\/wp-content\\\/uploads\\\/2022\\\/07\\\/FB_IMG_1659043492718.jpg?fit=715%2C715&ssl=1\",\"contentUrl\":\"https:\\\/\\\/i0.wp.com\\\/oeilsportif.info\\\/wp-content\\\/uploads\\\/2022\\\/07\\\/FB_IMG_1659043492718.jpg?fit=715%2C715&ssl=1\",\"width\":715,\"height\":715},{\"@type\":\"WebSite\",\"@id\":\"https:\\\/\\\/oeilsportif.info\\\/#website\",\"url\":\"https:\\\/\\\/oeilsportif.info\\\/\",\"name\":\"le regard du sportif\",\"description\":\"\",\"potentialAction\":[{\"@type\":\"SearchAction\",\"target\":{\"@type\":\"EntryPoint\",\"urlTemplate\":\"https:\\\/\\\/oeilsportif.info\\\/?s={search_term_string}\"},\"query-input\":{\"@type\":\"PropertyValueSpecification\",\"valueRequired\":true,\"valueName\":\"search_term_string\"}}],\"inLanguage\":\"fr-FR\"},{\"@type\":\"Person\",\"@id\":\"https:\\\/\\\/oeilsportif.info\\\/#\\\/schema\\\/person\\\/cfbded294aa6095f7d96608d7905e9a1\",\"name\":\"L'Equipe de la R\u00e9daction\",\"image\":{\"@type\":\"ImageObject\",\"inLanguage\":\"fr-FR\",\"@id\":\"https:\\\/\\\/oeilsportif.info\\\/wp-content\\\/uploads\\\/2025\\\/07\\\/cropped-cropped-logo-os-96x96.jpeg\",\"url\":\"https:\\\/\\\/oeilsportif.info\\\/wp-content\\\/uploads\\\/2025\\\/07\\\/cropped-cropped-logo-os-96x96.jpeg\",\"contentUrl\":\"https:\\\/\\\/oeilsportif.info\\\/wp-content\\\/uploads\\\/2025\\\/07\\\/cropped-cropped-logo-os-96x96.jpeg\",\"caption\":\"L'Equipe de la R\u00e9daction\"},\"url\":\"https:\\\/\\\/oeilsportif.info\\\/index.php\\\/author\\\/tawel\\\/\"}]}<\/script>\n<!-- \/ Yoast SEO plugin. -->","yoast_head_json":{"title":"Syli local : Ousmane Dram\u00e9 et Ibrahima Sory Camara Lincoln convoqu\u00e9s - le regard du sportif","robots":{"index":"index","follow":"follow","max-snippet":"max-snippet:-1","max-image-preview":"max-image-preview:large","max-video-preview":"max-video-preview:-1"},"canonical":"https:\/\/oeilsportif.info\/index.php\/syli-local-ousmane-drame-et-ibrahima-sory-camara-lincoln-convoques\/","og_locale":"fr_FR","og_type":"article","og_title":"Syli local : Ousmane Dram\u00e9 et Ibrahima Sory Camara Lincoln convoqu\u00e9s - le regard du sportif","og_description":"\u00c0 travers un courrier, en date du 27 juillet 2022, le Hafia FC a \u00e9t\u00e9 inform\u00e9 par la F\u00e9guifoot de la s\u00e9lection deux de ses joueurs en \u00e9quipe nationale locale . Il s&rsquo;agit du milieu d\u00e9fensif Ousmane Dram\u00e9 ( nommin\u00e9 dans la cat\u00e9gorie Espoirs par LGFP la saison pass\u00e9e nlrd), et Ibrahima Sory Lincoln Camara [&hellip;]","og_url":"https:\/\/oeilsportif.info\/index.php\/syli-local-ousmane-drame-et-ibrahima-sory-camara-lincoln-convoques\/","og_site_name":"le regard du sportif","article_published_time":"2022-07-28T21:32:14+00:00","og_image":[{"width":715,"height":715,"url":"https:\/\/oeilsportif.info\/wp-content\/uploads\/2022\/07\/FB_IMG_1659043492718.jpg","type":"image\/jpeg"}],"author":"L'Equipe de la R\u00e9daction","twitter_misc":{"\u00c9crit par":"L'Equipe de la R\u00e9daction","Dur\u00e9e de lecture estim\u00e9e":"1 minute"},"schema":{"@context":"https:\/\/schema.org","@graph":[{"@type":"Article","@id":"https:\/\/oeilsportif.info\/index.php\/syli-local-ousmane-drame-et-ibrahima-sory-camara-lincoln-convoques\/#article","isPartOf":{"@id":"https:\/\/oeilsportif.info\/index.php\/syli-local-ousmane-drame-et-ibrahima-sory-camara-lincoln-convoques\/"},"author":{"name":"L'Equipe de la R\u00e9daction","@id":"https:\/\/oeilsportif.info\/#\/schema\/person\/cfbded294aa6095f7d96608d7905e9a1"},"headline":"Syli local : Ousmane Dram\u00e9 et Ibrahima Sory Camara Lincoln convoqu\u00e9s","datePublished":"2022-07-28T21:32:14+00:00","mainEntityOfPage":{"@id":"https:\/\/oeilsportif.info\/index.php\/syli-local-ousmane-drame-et-ibrahima-sory-camara-lincoln-convoques\/"},"wordCount":108,"image":{"@id":"https:\/\/oeilsportif.info\/index.php\/syli-local-ousmane-drame-et-ibrahima-sory-camara-lincoln-convoques\/#primaryimage"},"thumbnailUrl":"https:\/\/i0.wp.com\/oeilsportif.info\/wp-content\/uploads\/2022\/07\/FB_IMG_1659043492718.jpg?fit=715%2C715&ssl=1","articleSection":["Football"],"inLanguage":"fr-FR"},{"@type":"WebPage","@id":"https:\/\/oeilsportif.info\/index.php\/syli-local-ousmane-drame-et-ibrahima-sory-camara-lincoln-convoques\/","url":"https:\/\/oeilsportif.info\/index.php\/syli-local-ousmane-drame-et-ibrahima-sory-camara-lincoln-convoques\/","name":"Syli local : Ousmane Dram\u00e9 et Ibrahima Sory Camara Lincoln convoqu\u00e9s - le regard du sportif","isPartOf":{"@id":"https:\/\/oeilsportif.info\/#website"},"primaryImageOfPage":{"@id":"https:\/\/oeilsportif.info\/index.php\/syli-local-ousmane-drame-et-ibrahima-sory-camara-lincoln-convoques\/#primaryimage"},"image":{"@id":"https:\/\/oeilsportif.info\/index.php\/syli-local-ousmane-drame-et-ibrahima-sory-camara-lincoln-convoques\/#primaryimage"},"thumbnailUrl":"https:\/\/i0.wp.com\/oeilsportif.info\/wp-content\/uploads\/2022\/07\/FB_IMG_1659043492718.jpg?fit=715%2C715&ssl=1","datePublished":"2022-07-28T21:32:14+00:00","author":{"@id":"https:\/\/oeilsportif.info\/#\/schema\/person\/cfbded294aa6095f7d96608d7905e9a1"},"inLanguage":"fr-FR","potentialAction":[{"@type":"ReadAction","target":["https:\/\/oeilsportif.info\/index.php\/syli-local-ousmane-drame-et-ibrahima-sory-camara-lincoln-convoques\/"]}]},{"@type":"ImageObject","inLanguage":"fr-FR","@id":"https:\/\/oeilsportif.info\/index.php\/syli-local-ousmane-drame-et-ibrahima-sory-camara-lincoln-convoques\/#primaryimage","url":"https:\/\/i0.wp.com\/oeilsportif.info\/wp-content\/uploads\/2022\/07\/FB_IMG_1659043492718.jpg?fit=715%2C715&ssl=1","contentUrl":"https:\/\/i0.wp.com\/oeilsportif.info\/wp-content\/uploads\/2022\/07\/FB_IMG_1659043492718.jpg?fit=715%2C715&ssl=1","width":715,"height":715},{"@type":"WebSite","@id":"https:\/\/oeilsportif.info\/#website","url":"https:\/\/oeilsportif.info\/","name":"le regard du sportif","description":"","potentialAction":[{"@type":"SearchAction","target":{"@type":"EntryPoint","urlTemplate":"https:\/\/oeilsportif.info\/?s={search_term_string}"},"query-input":{"@type":"PropertyValueSpecification","valueRequired":true,"valueName":"search_term_string"}}],"inLanguage":"fr-FR"},{"@type":"Person","@id":"https:\/\/oeilsportif.info\/#\/schema\/person\/cfbded294aa6095f7d96608d7905e9a1","name":"L'Equipe de la R\u00e9daction","image":{"@type":"ImageObject","inLanguage":"fr-FR","@id":"https:\/\/oeilsportif.info\/wp-content\/uploads\/2025\/07\/cropped-cropped-logo-os-96x96.jpeg","url":"https:\/\/oeilsportif.info\/wp-content\/uploads\/2025\/07\/cropped-cropped-logo-os-96x96.jpeg","contentUrl":"https:\/\/oeilsportif.info\/wp-content\/uploads\/2025\/07\/cropped-cropped-logo-os-96x96.jpeg","caption":"L'Equipe de la R\u00e9daction"},"url":"https:\/\/oeilsportif.info\/index.php\/author\/tawel\/"}]}},"jetpack_publicize_connections":[],"jetpack_featured_media_url":"https:\/\/i0.wp.com\/oeilsportif.info\/wp-content\/uploads\/2022\/07\/FB_IMG_1659043492718.jpg?fit=715%2C715&ssl=1","jetpack-related-posts":[],"jetpack_sharing_enabled":true,"jetpack_likes_enabled":true,"jetpack_shortlink":"https:\/\/wp.me\/pgFE77-l1","_links":{"self":[{"href":"https:\/\/oeilsportif.info\/index.php\/wp-json\/wp\/v2\/posts\/1303","targetHints":{"allow":["GET"]}}],"collection":[{"href":"https:\/\/oeilsportif.info\/index.php\/wp-json\/wp\/v2\/posts"}],"about":[{"href":"https:\/\/oeilsportif.info\/index.php\/wp-json\/wp\/v2\/types\/post"}],"author":[{"embeddable":true,"href":"https:\/\/oeilsportif.info\/index.php\/wp-json\/wp\/v2\/users\/2"}],"replies":[{"embeddable":true,"href":"https:\/\/oeilsportif.info\/index.php\/wp-json\/wp\/v2\/comments?post=1303"}],"version-history":[{"count":0,"href":"https:\/\/oeilsportif.info\/index.php\/wp-json\/wp\/v2\/posts\/1303\/revisions"}],"wp:featuredmedia":[{"embeddable":true,"href":"https:\/\/oeilsportif.info\/index.php\/wp-json\/wp\/v2\/media\/1305"}],"wp:attachment":[{"href":"https:\/\/oeilsportif.info\/index.php\/wp-json\/wp\/v2\/media?parent=1303"}],"wp:term":[{"taxonomy":"category","embeddable":true,"href":"https:\/\/oeilsportif.info\/index.php\/wp-json\/wp\/v2\/categories?post=1303"},{"taxonomy":"post_tag","embeddable":true,"href":"https:\/\/oeilsportif.info\/index.php\/wp-json\/wp\/v2\/tags?post=1303"}],"curies":[{"name":"wp","href":"https:\/\/api.w.org\/{rel}","templated":true}]}}