{"id":1111,"date":"2022-07-01T13:45:28","date_gmt":"2022-07-01T13:45:28","guid":{"rendered":"https:\/\/oeilsportif.info\/index.php\/?p=1111"},"modified":"2022-07-01T13:45:28","modified_gmt":"2022-07-01T13:45:28","slug":"prorogation-du-mandat-du-conor-le-hafia-dit-se-desolidariser-des-membres-statutaires","status":"publish","type":"post","link":"https:\/\/oeilsportif.info\/index.php\/prorogation-du-mandat-du-conor-le-hafia-dit-se-desolidariser-des-membres-statutaires\/","title":{"rendered":"Prorogation du mandat du CONOR : le Hafia dit se d\u00e9solidariser des membres statutaires."},"content":{"rendered":"<p><strong>CONAKRY- Le Hafia football de Guin\u00e9e se d\u00e9marque. Le club vert et blanc se range derri\u00e8re la d\u00e9cision de la FIFA qui a allong\u00e9 de 10 mois le mandat du CONOR, l\u2019\u00e9quipe transitoire install\u00e9e \u00e0 la f\u00e9d\u00e9ration Guin\u00e9enne de Football depuis d\u00e9cembre 2021.<\/strong><\/p>\n<p>Pour le Hafia FC, ces membres statutaires ne parlent pas au nom de tous les responsables locaux. Le club pr\u00e9parerait d\u2019ailleurs un communiqu\u00e9 dans ce sens. Il faut rappeler que lundi 4 juillet prochain, une r\u00e9union entre des membres statutaires est annonc\u00e9e pour r\u00e9agir et annoncer des d\u00e9cisions apr\u00e8s la prorogation accord\u00e9e au CONOR qui restera encore aux affaires jusqu\u2019en Avril 2023.<\/p>\n<p>A pr\u00e9ciser que lors de la derni\u00e8re r\u00e9union entre ces membres statutaires, \u00e0 Conakry, le Hafia FC \u00e9tait absent de la partie. En plus du Hafia FC, l\u2019autre club de Ligue 1 non des moindre, \u00e0 savoir l\u2019AS Kaloum, dit aussi se ranger derri\u00e8re la d\u00e9cision de la FIFA.<\/p>\n<p><strong>GUINEEFOOT.INFO<\/strong><\/p>\n<p>&nbsp;<\/p>\n","protected":false},"excerpt":{"rendered":"<p>CONAKRY- Le Hafia football de Guin\u00e9e se d\u00e9marque. Le club vert et blanc se range derri\u00e8re la d\u00e9cision de la FIFA qui a allong\u00e9 de 10 mois le mandat du CONOR, l\u2019\u00e9quipe transitoire install\u00e9e \u00e0 la f\u00e9d\u00e9ration Guin\u00e9enne de Football depuis d\u00e9cembre 2021. Pour le Hafia FC, ces membres statutaires ne parlent pas au nom [&hellip;]<\/p>\n","protected":false},"author":2,"featured_media":1112,"comment_status":"closed","ping_status":"open","sticky":false,"template":"","format":"standard","meta":{"_jetpack_memberships_contains_paid_content":false,"footnotes":"","jetpack_publicize_message":"","jetpack_publicize_feature_enabled":true,"jetpack_social_post_already_shared":true,"jetpack_social_options":{"image_generator_settings":{"template":"highway","default_image_id":0,"font":"","enabled":false},"version":2}},"categories":[5],"tags":[],"class_list":{"0":"post-1111","1":"post","2":"type-post","3":"status-publish","4":"format-standard","5":"has-post-thumbnail","7":"category-football"},"yoast_head":"<!-- This site is optimized with the Yoast SEO plugin v27.5 - https:\/\/yoast.com\/product\/yoast-seo-wordpress\/ -->\n<title>Prorogation du mandat du CONOR : le Hafia dit se d\u00e9solidariser des membres statutaires. - le regard du sportif<\/title>\n<meta name=\"robots\" content=\"index, follow, max-snippet:-1, max-image-preview:large, max-video-preview:-1\" \/>\n<link rel=\"canonical\" href=\"https:\/\/oeilsportif.info\/index.php\/prorogation-du-mandat-du-conor-le-hafia-dit-se-desolidariser-des-membres-statutaires\/\" \/>\n<meta property=\"og:locale\" content=\"fr_FR\" \/>\n<meta property=\"og:type\" content=\"article\" \/>\n<meta property=\"og:title\" content=\"Prorogation du mandat du CONOR : le Hafia dit se d\u00e9solidariser des membres statutaires. - le regard du sportif\" \/>\n<meta property=\"og:description\" content=\"CONAKRY- Le Hafia football de Guin\u00e9e se d\u00e9marque. Le club vert et blanc se range derri\u00e8re la d\u00e9cision de la FIFA qui a allong\u00e9 de 10 mois le mandat du CONOR, l\u2019\u00e9quipe transitoire install\u00e9e \u00e0 la f\u00e9d\u00e9ration Guin\u00e9enne de Football depuis d\u00e9cembre 2021. Pour le Hafia FC, ces membres statutaires ne parlent pas au nom [&hellip;]\" \/>\n<meta property=\"og:url\" content=\"https:\/\/oeilsportif.info\/index.php\/prorogation-du-mandat-du-conor-le-hafia-dit-se-desolidariser-des-membres-statutaires\/\" \/>\n<meta property=\"og:site_name\" content=\"le regard du sportif\" \/>\n<meta property=\"article:published_time\" content=\"2022-07-01T13:45:28+00:00\" \/>\n<meta property=\"og:image\" content=\"https:\/\/oeilsportif.info\/wp-content\/uploads\/2022\/07\/Feguifoot-768x514-1.jpg\" \/>\n\t<meta property=\"og:image:width\" content=\"768\" \/>\n\t<meta property=\"og:image:height\" content=\"514\" \/>\n\t<meta property=\"og:image:type\" content=\"image\/jpeg\" \/>\n<meta name=\"author\" content=\"L&#039;Equipe de la R\u00e9daction\" \/>\n<meta name=\"twitter:label1\" content=\"\u00c9crit par\" \/>\n\t<meta name=\"twitter:data1\" content=\"L&#039;Equipe de la R\u00e9daction\" \/>\n\t<meta name=\"twitter:label2\" content=\"Dur\u00e9e de lecture estim\u00e9e\" \/>\n\t<meta name=\"twitter:data2\" content=\"1 minute\" \/>\n<script type=\"application\/ld+json\" class=\"yoast-schema-graph\">{\"@context\":\"https:\\\/\\\/schema.org\",\"@graph\":[{\"@type\":\"Article\",\"@id\":\"https:\\\/\\\/oeilsportif.info\\\/index.php\\\/prorogation-du-mandat-du-conor-le-hafia-dit-se-desolidariser-des-membres-statutaires\\\/#article\",\"isPartOf\":{\"@id\":\"https:\\\/\\\/oeilsportif.info\\\/index.php\\\/prorogation-du-mandat-du-conor-le-hafia-dit-se-desolidariser-des-membres-statutaires\\\/\"},\"author\":{\"name\":\"L'Equipe de la R\u00e9daction\",\"@id\":\"https:\\\/\\\/oeilsportif.info\\\/#\\\/schema\\\/person\\\/cfbded294aa6095f7d96608d7905e9a1\"},\"headline\":\"Prorogation du mandat du CONOR : le Hafia dit se d\u00e9solidariser des membres statutaires.\",\"datePublished\":\"2022-07-01T13:45:28+00:00\",\"mainEntityOfPage\":{\"@id\":\"https:\\\/\\\/oeilsportif.info\\\/index.php\\\/prorogation-du-mandat-du-conor-le-hafia-dit-se-desolidariser-des-membres-statutaires\\\/\"},\"wordCount\":189,\"image\":{\"@id\":\"https:\\\/\\\/oeilsportif.info\\\/index.php\\\/prorogation-du-mandat-du-conor-le-hafia-dit-se-desolidariser-des-membres-statutaires\\\/#primaryimage\"},\"thumbnailUrl\":\"https:\\\/\\\/i0.wp.com\\\/oeilsportif.info\\\/wp-content\\\/uploads\\\/2022\\\/07\\\/Feguifoot-768x514-1.jpg?fit=768%2C514&ssl=1\",\"articleSection\":[\"Football\"],\"inLanguage\":\"fr-FR\"},{\"@type\":\"WebPage\",\"@id\":\"https:\\\/\\\/oeilsportif.info\\\/index.php\\\/prorogation-du-mandat-du-conor-le-hafia-dit-se-desolidariser-des-membres-statutaires\\\/\",\"url\":\"https:\\\/\\\/oeilsportif.info\\\/index.php\\\/prorogation-du-mandat-du-conor-le-hafia-dit-se-desolidariser-des-membres-statutaires\\\/\",\"name\":\"Prorogation du mandat du CONOR : le Hafia dit se d\u00e9solidariser des membres statutaires. - le regard du sportif\",\"isPartOf\":{\"@id\":\"https:\\\/\\\/oeilsportif.info\\\/#website\"},\"primaryImageOfPage\":{\"@id\":\"https:\\\/\\\/oeilsportif.info\\\/index.php\\\/prorogation-du-mandat-du-conor-le-hafia-dit-se-desolidariser-des-membres-statutaires\\\/#primaryimage\"},\"image\":{\"@id\":\"https:\\\/\\\/oeilsportif.info\\\/index.php\\\/prorogation-du-mandat-du-conor-le-hafia-dit-se-desolidariser-des-membres-statutaires\\\/#primaryimage\"},\"thumbnailUrl\":\"https:\\\/\\\/i0.wp.com\\\/oeilsportif.info\\\/wp-content\\\/uploads\\\/2022\\\/07\\\/Feguifoot-768x514-1.jpg?fit=768%2C514&ssl=1\",\"datePublished\":\"2022-07-01T13:45:28+00:00\",\"author\":{\"@id\":\"https:\\\/\\\/oeilsportif.info\\\/#\\\/schema\\\/person\\\/cfbded294aa6095f7d96608d7905e9a1\"},\"inLanguage\":\"fr-FR\",\"potentialAction\":[{\"@type\":\"ReadAction\",\"target\":[\"https:\\\/\\\/oeilsportif.info\\\/index.php\\\/prorogation-du-mandat-du-conor-le-hafia-dit-se-desolidariser-des-membres-statutaires\\\/\"]}]},{\"@type\":\"ImageObject\",\"inLanguage\":\"fr-FR\",\"@id\":\"https:\\\/\\\/oeilsportif.info\\\/index.php\\\/prorogation-du-mandat-du-conor-le-hafia-dit-se-desolidariser-des-membres-statutaires\\\/#primaryimage\",\"url\":\"https:\\\/\\\/i0.wp.com\\\/oeilsportif.info\\\/wp-content\\\/uploads\\\/2022\\\/07\\\/Feguifoot-768x514-1.jpg?fit=768%2C514&ssl=1\",\"contentUrl\":\"https:\\\/\\\/i0.wp.com\\\/oeilsportif.info\\\/wp-content\\\/uploads\\\/2022\\\/07\\\/Feguifoot-768x514-1.jpg?fit=768%2C514&ssl=1\",\"width\":768,\"height\":514},{\"@type\":\"WebSite\",\"@id\":\"https:\\\/\\\/oeilsportif.info\\\/#website\",\"url\":\"https:\\\/\\\/oeilsportif.info\\\/\",\"name\":\"le regard du sportif\",\"description\":\"\",\"potentialAction\":[{\"@type\":\"SearchAction\",\"target\":{\"@type\":\"EntryPoint\",\"urlTemplate\":\"https:\\\/\\\/oeilsportif.info\\\/?s={search_term_string}\"},\"query-input\":{\"@type\":\"PropertyValueSpecification\",\"valueRequired\":true,\"valueName\":\"search_term_string\"}}],\"inLanguage\":\"fr-FR\"},{\"@type\":\"Person\",\"@id\":\"https:\\\/\\\/oeilsportif.info\\\/#\\\/schema\\\/person\\\/cfbded294aa6095f7d96608d7905e9a1\",\"name\":\"L'Equipe de la R\u00e9daction\",\"image\":{\"@type\":\"ImageObject\",\"inLanguage\":\"fr-FR\",\"@id\":\"https:\\\/\\\/oeilsportif.info\\\/wp-content\\\/uploads\\\/2025\\\/07\\\/cropped-cropped-logo-os-96x96.jpeg\",\"url\":\"https:\\\/\\\/oeilsportif.info\\\/wp-content\\\/uploads\\\/2025\\\/07\\\/cropped-cropped-logo-os-96x96.jpeg\",\"contentUrl\":\"https:\\\/\\\/oeilsportif.info\\\/wp-content\\\/uploads\\\/2025\\\/07\\\/cropped-cropped-logo-os-96x96.jpeg\",\"caption\":\"L'Equipe de la R\u00e9daction\"},\"url\":\"https:\\\/\\\/oeilsportif.info\\\/index.php\\\/author\\\/tawel\\\/\"}]}<\/script>\n<!-- \/ Yoast SEO plugin. -->","yoast_head_json":{"title":"Prorogation du mandat du CONOR : le Hafia dit se d\u00e9solidariser des membres statutaires. - le regard du sportif","robots":{"index":"index","follow":"follow","max-snippet":"max-snippet:-1","max-image-preview":"max-image-preview:large","max-video-preview":"max-video-preview:-1"},"canonical":"https:\/\/oeilsportif.info\/index.php\/prorogation-du-mandat-du-conor-le-hafia-dit-se-desolidariser-des-membres-statutaires\/","og_locale":"fr_FR","og_type":"article","og_title":"Prorogation du mandat du CONOR : le Hafia dit se d\u00e9solidariser des membres statutaires. - le regard du sportif","og_description":"CONAKRY- Le Hafia football de Guin\u00e9e se d\u00e9marque. Le club vert et blanc se range derri\u00e8re la d\u00e9cision de la FIFA qui a allong\u00e9 de 10 mois le mandat du CONOR, l\u2019\u00e9quipe transitoire install\u00e9e \u00e0 la f\u00e9d\u00e9ration Guin\u00e9enne de Football depuis d\u00e9cembre 2021. Pour le Hafia FC, ces membres statutaires ne parlent pas au nom [&hellip;]","og_url":"https:\/\/oeilsportif.info\/index.php\/prorogation-du-mandat-du-conor-le-hafia-dit-se-desolidariser-des-membres-statutaires\/","og_site_name":"le regard du sportif","article_published_time":"2022-07-01T13:45:28+00:00","og_image":[{"width":768,"height":514,"url":"https:\/\/oeilsportif.info\/wp-content\/uploads\/2022\/07\/Feguifoot-768x514-1.jpg","type":"image\/jpeg"}],"author":"L'Equipe de la R\u00e9daction","twitter_misc":{"\u00c9crit par":"L'Equipe de la R\u00e9daction","Dur\u00e9e de lecture estim\u00e9e":"1 minute"},"schema":{"@context":"https:\/\/schema.org","@graph":[{"@type":"Article","@id":"https:\/\/oeilsportif.info\/index.php\/prorogation-du-mandat-du-conor-le-hafia-dit-se-desolidariser-des-membres-statutaires\/#article","isPartOf":{"@id":"https:\/\/oeilsportif.info\/index.php\/prorogation-du-mandat-du-conor-le-hafia-dit-se-desolidariser-des-membres-statutaires\/"},"author":{"name":"L'Equipe de la R\u00e9daction","@id":"https:\/\/oeilsportif.info\/#\/schema\/person\/cfbded294aa6095f7d96608d7905e9a1"},"headline":"Prorogation du mandat du CONOR : le Hafia dit se d\u00e9solidariser des membres statutaires.","datePublished":"2022-07-01T13:45:28+00:00","mainEntityOfPage":{"@id":"https:\/\/oeilsportif.info\/index.php\/prorogation-du-mandat-du-conor-le-hafia-dit-se-desolidariser-des-membres-statutaires\/"},"wordCount":189,"image":{"@id":"https:\/\/oeilsportif.info\/index.php\/prorogation-du-mandat-du-conor-le-hafia-dit-se-desolidariser-des-membres-statutaires\/#primaryimage"},"thumbnailUrl":"https:\/\/i0.wp.com\/oeilsportif.info\/wp-content\/uploads\/2022\/07\/Feguifoot-768x514-1.jpg?fit=768%2C514&ssl=1","articleSection":["Football"],"inLanguage":"fr-FR"},{"@type":"WebPage","@id":"https:\/\/oeilsportif.info\/index.php\/prorogation-du-mandat-du-conor-le-hafia-dit-se-desolidariser-des-membres-statutaires\/","url":"https:\/\/oeilsportif.info\/index.php\/prorogation-du-mandat-du-conor-le-hafia-dit-se-desolidariser-des-membres-statutaires\/","name":"Prorogation du mandat du CONOR : le Hafia dit se d\u00e9solidariser des membres statutaires. - le regard du sportif","isPartOf":{"@id":"https:\/\/oeilsportif.info\/#website"},"primaryImageOfPage":{"@id":"https:\/\/oeilsportif.info\/index.php\/prorogation-du-mandat-du-conor-le-hafia-dit-se-desolidariser-des-membres-statutaires\/#primaryimage"},"image":{"@id":"https:\/\/oeilsportif.info\/index.php\/prorogation-du-mandat-du-conor-le-hafia-dit-se-desolidariser-des-membres-statutaires\/#primaryimage"},"thumbnailUrl":"https:\/\/i0.wp.com\/oeilsportif.info\/wp-content\/uploads\/2022\/07\/Feguifoot-768x514-1.jpg?fit=768%2C514&ssl=1","datePublished":"2022-07-01T13:45:28+00:00","author":{"@id":"https:\/\/oeilsportif.info\/#\/schema\/person\/cfbded294aa6095f7d96608d7905e9a1"},"inLanguage":"fr-FR","potentialAction":[{"@type":"ReadAction","target":["https:\/\/oeilsportif.info\/index.php\/prorogation-du-mandat-du-conor-le-hafia-dit-se-desolidariser-des-membres-statutaires\/"]}]},{"@type":"ImageObject","inLanguage":"fr-FR","@id":"https:\/\/oeilsportif.info\/index.php\/prorogation-du-mandat-du-conor-le-hafia-dit-se-desolidariser-des-membres-statutaires\/#primaryimage","url":"https:\/\/i0.wp.com\/oeilsportif.info\/wp-content\/uploads\/2022\/07\/Feguifoot-768x514-1.jpg?fit=768%2C514&ssl=1","contentUrl":"https:\/\/i0.wp.com\/oeilsportif.info\/wp-content\/uploads\/2022\/07\/Feguifoot-768x514-1.jpg?fit=768%2C514&ssl=1","width":768,"height":514},{"@type":"WebSite","@id":"https:\/\/oeilsportif.info\/#website","url":"https:\/\/oeilsportif.info\/","name":"le regard du sportif","description":"","potentialAction":[{"@type":"SearchAction","target":{"@type":"EntryPoint","urlTemplate":"https:\/\/oeilsportif.info\/?s={search_term_string}"},"query-input":{"@type":"PropertyValueSpecification","valueRequired":true,"valueName":"search_term_string"}}],"inLanguage":"fr-FR"},{"@type":"Person","@id":"https:\/\/oeilsportif.info\/#\/schema\/person\/cfbded294aa6095f7d96608d7905e9a1","name":"L'Equipe de la R\u00e9daction","image":{"@type":"ImageObject","inLanguage":"fr-FR","@id":"https:\/\/oeilsportif.info\/wp-content\/uploads\/2025\/07\/cropped-cropped-logo-os-96x96.jpeg","url":"https:\/\/oeilsportif.info\/wp-content\/uploads\/2025\/07\/cropped-cropped-logo-os-96x96.jpeg","contentUrl":"https:\/\/oeilsportif.info\/wp-content\/uploads\/2025\/07\/cropped-cropped-logo-os-96x96.jpeg","caption":"L'Equipe de la R\u00e9daction"},"url":"https:\/\/oeilsportif.info\/index.php\/author\/tawel\/"}]}},"jetpack_publicize_connections":[],"jetpack_featured_media_url":"https:\/\/i0.wp.com\/oeilsportif.info\/wp-content\/uploads\/2022\/07\/Feguifoot-768x514-1.jpg?fit=768%2C514&ssl=1","jetpack-related-posts":[],"jetpack_sharing_enabled":true,"jetpack_likes_enabled":true,"jetpack_shortlink":"https:\/\/wp.me\/pgFE77-hV","_links":{"self":[{"href":"https:\/\/oeilsportif.info\/index.php\/wp-json\/wp\/v2\/posts\/1111","targetHints":{"allow":["GET"]}}],"collection":[{"href":"https:\/\/oeilsportif.info\/index.php\/wp-json\/wp\/v2\/posts"}],"about":[{"href":"https:\/\/oeilsportif.info\/index.php\/wp-json\/wp\/v2\/types\/post"}],"author":[{"embeddable":true,"href":"https:\/\/oeilsportif.info\/index.php\/wp-json\/wp\/v2\/users\/2"}],"replies":[{"embeddable":true,"href":"https:\/\/oeilsportif.info\/index.php\/wp-json\/wp\/v2\/comments?post=1111"}],"version-history":[{"count":0,"href":"https:\/\/oeilsportif.info\/index.php\/wp-json\/wp\/v2\/posts\/1111\/revisions"}],"wp:featuredmedia":[{"embeddable":true,"href":"https:\/\/oeilsportif.info\/index.php\/wp-json\/wp\/v2\/media\/1112"}],"wp:attachment":[{"href":"https:\/\/oeilsportif.info\/index.php\/wp-json\/wp\/v2\/media?parent=1111"}],"wp:term":[{"taxonomy":"category","embeddable":true,"href":"https:\/\/oeilsportif.info\/index.php\/wp-json\/wp\/v2\/categories?post=1111"},{"taxonomy":"post_tag","embeddable":true,"href":"https:\/\/oeilsportif.info\/index.php\/wp-json\/wp\/v2\/tags?post=1111"}],"curies":[{"name":"wp","href":"https:\/\/api.w.org\/{rel}","templated":true}]}}