{"id":1069,"date":"2022-06-26T20:30:21","date_gmt":"2022-06-26T20:30:21","guid":{"rendered":"https:\/\/oeilsportif.info\/index.php\/?p=1069"},"modified":"2022-06-26T20:30:21","modified_gmt":"2022-06-26T20:30:21","slug":"ifra-flex-dieng-president-delegue-du-hafia-lacademie-kpc-est-un-modele-sur-le-plan-de-formation","status":"publish","type":"post","link":"https:\/\/oeilsportif.info\/index.php\/ifra-flex-dieng-president-delegue-du-hafia-lacademie-kpc-est-un-modele-sur-le-plan-de-formation\/","title":{"rendered":"Ifra Flex Dieng, Pr\u00e9sident d\u00e9l\u00e9gu\u00e9 du Hafia \u00ab L&rsquo;Acad\u00e9mie KPC est un mod\u00e8le sur le plan de formation \u00bb"},"content":{"rendered":"<p>Ce samedi 25 juin 2022 \u00e0 Khorira \u00e0 l\u2019occasion de la fermeture officielle de l\u2019acad\u00e9mie KPC pour les vacances exercice 2021-2022, M. Ifra Dieng, Pr\u00e9sident du Hafia Football, pr\u00e9sent \u00e0 la c\u00e9r\u00e9monie, s\u2019est dit satisfait par la qualit\u00e9 du travail effectu\u00e9 par les techniciens de ladite acad\u00e9mie : <em><strong>\u00ab Je suis vraiment satisfait par le travail qui est d\u00e9j\u00e0 effectu\u00e9 par les techniciens de l\u2019Acad\u00e9mie Football-KPC durant la saison \u00e9coul\u00e9e. Je pense que dans quelques ann\u00e9es, le Hafia n\u2019ira plus ailleurs pour chercher les joueurs (\u2026) \u00bb<\/strong><\/em>. Sur la qualit\u00e9 de la formation, le Pr\u00e9sident d\u00e9l\u00e9gu\u00e9 du Hafia Football Club, Ifra Dieng a dit : \u00ab<em><strong> Je pense que l\u2019Acad\u00e9mie KPC est un mod\u00e8le sur le plan de formation. Parce que le Pr\u00e9sident Kerfalla Camara KPC a mis les moyens qu\u2019il faut \u00e0 la disposition des responsables de ladite acad\u00e9mie afin d\u2019avoir le r\u00e9sultat dans le futur \u00bb. <\/strong><\/em><\/p>\n<p><strong>Mohamed Tawel Camara, de retour de Khorira, pr\u00e9fecture de Dubr\u00e9ka<\/strong><\/p>\n","protected":false},"excerpt":{"rendered":"<p>Ce samedi 25 juin 2022 \u00e0 Khorira \u00e0 l\u2019occasion de la fermeture officielle de l\u2019acad\u00e9mie KPC pour les vacances exercice 2021-2022, M. Ifra Dieng, Pr\u00e9sident du Hafia Football, pr\u00e9sent \u00e0 la c\u00e9r\u00e9monie, s\u2019est dit satisfait par la qualit\u00e9 du travail effectu\u00e9 par les techniciens de ladite acad\u00e9mie : \u00ab Je suis vraiment satisfait par le [&hellip;]<\/p>\n","protected":false},"author":2,"featured_media":1070,"comment_status":"closed","ping_status":"open","sticky":false,"template":"","format":"standard","meta":{"_jetpack_memberships_contains_paid_content":false,"footnotes":"","jetpack_publicize_message":"","jetpack_publicize_feature_enabled":true,"jetpack_social_post_already_shared":true,"jetpack_social_options":{"image_generator_settings":{"template":"highway","default_image_id":0,"font":"","enabled":false},"version":2}},"categories":[5],"tags":[],"class_list":{"0":"post-1069","1":"post","2":"type-post","3":"status-publish","4":"format-standard","5":"has-post-thumbnail","7":"category-football"},"yoast_head":"<!-- This site is optimized with the Yoast SEO plugin v27.5 - https:\/\/yoast.com\/product\/yoast-seo-wordpress\/ -->\n<title>Ifra Flex Dieng, Pr\u00e9sident d\u00e9l\u00e9gu\u00e9 du Hafia \u00ab L&#039;Acad\u00e9mie KPC est un mod\u00e8le sur le plan de formation \u00bb - le regard du sportif<\/title>\n<meta name=\"robots\" content=\"index, follow, max-snippet:-1, max-image-preview:large, max-video-preview:-1\" \/>\n<link rel=\"canonical\" href=\"https:\/\/oeilsportif.info\/index.php\/ifra-flex-dieng-president-delegue-du-hafia-lacademie-kpc-est-un-modele-sur-le-plan-de-formation\/\" \/>\n<meta property=\"og:locale\" content=\"fr_FR\" \/>\n<meta property=\"og:type\" content=\"article\" \/>\n<meta property=\"og:title\" content=\"Ifra Flex Dieng, Pr\u00e9sident d\u00e9l\u00e9gu\u00e9 du Hafia \u00ab L&#039;Acad\u00e9mie KPC est un mod\u00e8le sur le plan de formation \u00bb - le regard du sportif\" \/>\n<meta property=\"og:description\" content=\"Ce samedi 25 juin 2022 \u00e0 Khorira \u00e0 l\u2019occasion de la fermeture officielle de l\u2019acad\u00e9mie KPC pour les vacances exercice 2021-2022, M. Ifra Dieng, Pr\u00e9sident du Hafia Football, pr\u00e9sent \u00e0 la c\u00e9r\u00e9monie, s\u2019est dit satisfait par la qualit\u00e9 du travail effectu\u00e9 par les techniciens de ladite acad\u00e9mie : \u00ab Je suis vraiment satisfait par le [&hellip;]\" \/>\n<meta property=\"og:url\" content=\"https:\/\/oeilsportif.info\/index.php\/ifra-flex-dieng-president-delegue-du-hafia-lacademie-kpc-est-un-modele-sur-le-plan-de-formation\/\" \/>\n<meta property=\"og:site_name\" content=\"le regard du sportif\" \/>\n<meta property=\"article:published_time\" content=\"2022-06-26T20:30:21+00:00\" \/>\n<meta property=\"og:image\" content=\"https:\/\/oeilsportif.info\/wp-content\/uploads\/2022\/06\/Screenshot_20220625-141821_Gallery.jpg\" \/>\n\t<meta property=\"og:image:width\" content=\"1080\" \/>\n\t<meta property=\"og:image:height\" content=\"1439\" \/>\n\t<meta property=\"og:image:type\" content=\"image\/jpeg\" \/>\n<meta name=\"author\" content=\"L&#039;Equipe de la R\u00e9daction\" \/>\n<meta name=\"twitter:label1\" content=\"\u00c9crit par\" \/>\n\t<meta name=\"twitter:data1\" content=\"L&#039;Equipe de la R\u00e9daction\" \/>\n\t<meta name=\"twitter:label2\" content=\"Dur\u00e9e de lecture estim\u00e9e\" \/>\n\t<meta name=\"twitter:data2\" content=\"1 minute\" \/>\n<script type=\"application\/ld+json\" class=\"yoast-schema-graph\">{\"@context\":\"https:\\\/\\\/schema.org\",\"@graph\":[{\"@type\":\"Article\",\"@id\":\"https:\\\/\\\/oeilsportif.info\\\/index.php\\\/ifra-flex-dieng-president-delegue-du-hafia-lacademie-kpc-est-un-modele-sur-le-plan-de-formation\\\/#article\",\"isPartOf\":{\"@id\":\"https:\\\/\\\/oeilsportif.info\\\/index.php\\\/ifra-flex-dieng-president-delegue-du-hafia-lacademie-kpc-est-un-modele-sur-le-plan-de-formation\\\/\"},\"author\":{\"name\":\"L'Equipe de la R\u00e9daction\",\"@id\":\"https:\\\/\\\/oeilsportif.info\\\/#\\\/schema\\\/person\\\/cfbded294aa6095f7d96608d7905e9a1\"},\"headline\":\"Ifra Flex Dieng, Pr\u00e9sident d\u00e9l\u00e9gu\u00e9 du Hafia \u00ab L&rsquo;Acad\u00e9mie KPC est un mod\u00e8le sur le plan de formation \u00bb\",\"datePublished\":\"2022-06-26T20:30:21+00:00\",\"mainEntityOfPage\":{\"@id\":\"https:\\\/\\\/oeilsportif.info\\\/index.php\\\/ifra-flex-dieng-president-delegue-du-hafia-lacademie-kpc-est-un-modele-sur-le-plan-de-formation\\\/\"},\"wordCount\":196,\"image\":{\"@id\":\"https:\\\/\\\/oeilsportif.info\\\/index.php\\\/ifra-flex-dieng-president-delegue-du-hafia-lacademie-kpc-est-un-modele-sur-le-plan-de-formation\\\/#primaryimage\"},\"thumbnailUrl\":\"https:\\\/\\\/i0.wp.com\\\/oeilsportif.info\\\/wp-content\\\/uploads\\\/2022\\\/06\\\/Screenshot_20220625-141821_Gallery.jpg?fit=1080%2C1439&ssl=1\",\"articleSection\":[\"Football\"],\"inLanguage\":\"fr-FR\"},{\"@type\":\"WebPage\",\"@id\":\"https:\\\/\\\/oeilsportif.info\\\/index.php\\\/ifra-flex-dieng-president-delegue-du-hafia-lacademie-kpc-est-un-modele-sur-le-plan-de-formation\\\/\",\"url\":\"https:\\\/\\\/oeilsportif.info\\\/index.php\\\/ifra-flex-dieng-president-delegue-du-hafia-lacademie-kpc-est-un-modele-sur-le-plan-de-formation\\\/\",\"name\":\"Ifra Flex Dieng, Pr\u00e9sident d\u00e9l\u00e9gu\u00e9 du Hafia \u00ab L'Acad\u00e9mie KPC est un mod\u00e8le sur le plan de formation \u00bb - le regard du sportif\",\"isPartOf\":{\"@id\":\"https:\\\/\\\/oeilsportif.info\\\/#website\"},\"primaryImageOfPage\":{\"@id\":\"https:\\\/\\\/oeilsportif.info\\\/index.php\\\/ifra-flex-dieng-president-delegue-du-hafia-lacademie-kpc-est-un-modele-sur-le-plan-de-formation\\\/#primaryimage\"},\"image\":{\"@id\":\"https:\\\/\\\/oeilsportif.info\\\/index.php\\\/ifra-flex-dieng-president-delegue-du-hafia-lacademie-kpc-est-un-modele-sur-le-plan-de-formation\\\/#primaryimage\"},\"thumbnailUrl\":\"https:\\\/\\\/i0.wp.com\\\/oeilsportif.info\\\/wp-content\\\/uploads\\\/2022\\\/06\\\/Screenshot_20220625-141821_Gallery.jpg?fit=1080%2C1439&ssl=1\",\"datePublished\":\"2022-06-26T20:30:21+00:00\",\"author\":{\"@id\":\"https:\\\/\\\/oeilsportif.info\\\/#\\\/schema\\\/person\\\/cfbded294aa6095f7d96608d7905e9a1\"},\"inLanguage\":\"fr-FR\",\"potentialAction\":[{\"@type\":\"ReadAction\",\"target\":[\"https:\\\/\\\/oeilsportif.info\\\/index.php\\\/ifra-flex-dieng-president-delegue-du-hafia-lacademie-kpc-est-un-modele-sur-le-plan-de-formation\\\/\"]}]},{\"@type\":\"ImageObject\",\"inLanguage\":\"fr-FR\",\"@id\":\"https:\\\/\\\/oeilsportif.info\\\/index.php\\\/ifra-flex-dieng-president-delegue-du-hafia-lacademie-kpc-est-un-modele-sur-le-plan-de-formation\\\/#primaryimage\",\"url\":\"https:\\\/\\\/i0.wp.com\\\/oeilsportif.info\\\/wp-content\\\/uploads\\\/2022\\\/06\\\/Screenshot_20220625-141821_Gallery.jpg?fit=1080%2C1439&ssl=1\",\"contentUrl\":\"https:\\\/\\\/i0.wp.com\\\/oeilsportif.info\\\/wp-content\\\/uploads\\\/2022\\\/06\\\/Screenshot_20220625-141821_Gallery.jpg?fit=1080%2C1439&ssl=1\",\"width\":1080,\"height\":1439},{\"@type\":\"WebSite\",\"@id\":\"https:\\\/\\\/oeilsportif.info\\\/#website\",\"url\":\"https:\\\/\\\/oeilsportif.info\\\/\",\"name\":\"le regard du sportif\",\"description\":\"\",\"potentialAction\":[{\"@type\":\"SearchAction\",\"target\":{\"@type\":\"EntryPoint\",\"urlTemplate\":\"https:\\\/\\\/oeilsportif.info\\\/?s={search_term_string}\"},\"query-input\":{\"@type\":\"PropertyValueSpecification\",\"valueRequired\":true,\"valueName\":\"search_term_string\"}}],\"inLanguage\":\"fr-FR\"},{\"@type\":\"Person\",\"@id\":\"https:\\\/\\\/oeilsportif.info\\\/#\\\/schema\\\/person\\\/cfbded294aa6095f7d96608d7905e9a1\",\"name\":\"L'Equipe de la R\u00e9daction\",\"image\":{\"@type\":\"ImageObject\",\"inLanguage\":\"fr-FR\",\"@id\":\"https:\\\/\\\/oeilsportif.info\\\/wp-content\\\/uploads\\\/2025\\\/07\\\/cropped-cropped-logo-os-96x96.jpeg\",\"url\":\"https:\\\/\\\/oeilsportif.info\\\/wp-content\\\/uploads\\\/2025\\\/07\\\/cropped-cropped-logo-os-96x96.jpeg\",\"contentUrl\":\"https:\\\/\\\/oeilsportif.info\\\/wp-content\\\/uploads\\\/2025\\\/07\\\/cropped-cropped-logo-os-96x96.jpeg\",\"caption\":\"L'Equipe de la R\u00e9daction\"},\"url\":\"https:\\\/\\\/oeilsportif.info\\\/index.php\\\/author\\\/tawel\\\/\"}]}<\/script>\n<!-- \/ Yoast SEO plugin. -->","yoast_head_json":{"title":"Ifra Flex Dieng, Pr\u00e9sident d\u00e9l\u00e9gu\u00e9 du Hafia \u00ab L'Acad\u00e9mie KPC est un mod\u00e8le sur le plan de formation \u00bb - le regard du sportif","robots":{"index":"index","follow":"follow","max-snippet":"max-snippet:-1","max-image-preview":"max-image-preview:large","max-video-preview":"max-video-preview:-1"},"canonical":"https:\/\/oeilsportif.info\/index.php\/ifra-flex-dieng-president-delegue-du-hafia-lacademie-kpc-est-un-modele-sur-le-plan-de-formation\/","og_locale":"fr_FR","og_type":"article","og_title":"Ifra Flex Dieng, Pr\u00e9sident d\u00e9l\u00e9gu\u00e9 du Hafia \u00ab L'Acad\u00e9mie KPC est un mod\u00e8le sur le plan de formation \u00bb - le regard du sportif","og_description":"Ce samedi 25 juin 2022 \u00e0 Khorira \u00e0 l\u2019occasion de la fermeture officielle de l\u2019acad\u00e9mie KPC pour les vacances exercice 2021-2022, M. Ifra Dieng, Pr\u00e9sident du Hafia Football, pr\u00e9sent \u00e0 la c\u00e9r\u00e9monie, s\u2019est dit satisfait par la qualit\u00e9 du travail effectu\u00e9 par les techniciens de ladite acad\u00e9mie : \u00ab Je suis vraiment satisfait par le [&hellip;]","og_url":"https:\/\/oeilsportif.info\/index.php\/ifra-flex-dieng-president-delegue-du-hafia-lacademie-kpc-est-un-modele-sur-le-plan-de-formation\/","og_site_name":"le regard du sportif","article_published_time":"2022-06-26T20:30:21+00:00","og_image":[{"width":1080,"height":1439,"url":"https:\/\/oeilsportif.info\/wp-content\/uploads\/2022\/06\/Screenshot_20220625-141821_Gallery.jpg","type":"image\/jpeg"}],"author":"L'Equipe de la R\u00e9daction","twitter_misc":{"\u00c9crit par":"L'Equipe de la R\u00e9daction","Dur\u00e9e de lecture estim\u00e9e":"1 minute"},"schema":{"@context":"https:\/\/schema.org","@graph":[{"@type":"Article","@id":"https:\/\/oeilsportif.info\/index.php\/ifra-flex-dieng-president-delegue-du-hafia-lacademie-kpc-est-un-modele-sur-le-plan-de-formation\/#article","isPartOf":{"@id":"https:\/\/oeilsportif.info\/index.php\/ifra-flex-dieng-president-delegue-du-hafia-lacademie-kpc-est-un-modele-sur-le-plan-de-formation\/"},"author":{"name":"L'Equipe de la R\u00e9daction","@id":"https:\/\/oeilsportif.info\/#\/schema\/person\/cfbded294aa6095f7d96608d7905e9a1"},"headline":"Ifra Flex Dieng, Pr\u00e9sident d\u00e9l\u00e9gu\u00e9 du Hafia \u00ab L&rsquo;Acad\u00e9mie KPC est un mod\u00e8le sur le plan de formation \u00bb","datePublished":"2022-06-26T20:30:21+00:00","mainEntityOfPage":{"@id":"https:\/\/oeilsportif.info\/index.php\/ifra-flex-dieng-president-delegue-du-hafia-lacademie-kpc-est-un-modele-sur-le-plan-de-formation\/"},"wordCount":196,"image":{"@id":"https:\/\/oeilsportif.info\/index.php\/ifra-flex-dieng-president-delegue-du-hafia-lacademie-kpc-est-un-modele-sur-le-plan-de-formation\/#primaryimage"},"thumbnailUrl":"https:\/\/i0.wp.com\/oeilsportif.info\/wp-content\/uploads\/2022\/06\/Screenshot_20220625-141821_Gallery.jpg?fit=1080%2C1439&ssl=1","articleSection":["Football"],"inLanguage":"fr-FR"},{"@type":"WebPage","@id":"https:\/\/oeilsportif.info\/index.php\/ifra-flex-dieng-president-delegue-du-hafia-lacademie-kpc-est-un-modele-sur-le-plan-de-formation\/","url":"https:\/\/oeilsportif.info\/index.php\/ifra-flex-dieng-president-delegue-du-hafia-lacademie-kpc-est-un-modele-sur-le-plan-de-formation\/","name":"Ifra Flex Dieng, Pr\u00e9sident d\u00e9l\u00e9gu\u00e9 du Hafia \u00ab L'Acad\u00e9mie KPC est un mod\u00e8le sur le plan de formation \u00bb - le regard du sportif","isPartOf":{"@id":"https:\/\/oeilsportif.info\/#website"},"primaryImageOfPage":{"@id":"https:\/\/oeilsportif.info\/index.php\/ifra-flex-dieng-president-delegue-du-hafia-lacademie-kpc-est-un-modele-sur-le-plan-de-formation\/#primaryimage"},"image":{"@id":"https:\/\/oeilsportif.info\/index.php\/ifra-flex-dieng-president-delegue-du-hafia-lacademie-kpc-est-un-modele-sur-le-plan-de-formation\/#primaryimage"},"thumbnailUrl":"https:\/\/i0.wp.com\/oeilsportif.info\/wp-content\/uploads\/2022\/06\/Screenshot_20220625-141821_Gallery.jpg?fit=1080%2C1439&ssl=1","datePublished":"2022-06-26T20:30:21+00:00","author":{"@id":"https:\/\/oeilsportif.info\/#\/schema\/person\/cfbded294aa6095f7d96608d7905e9a1"},"inLanguage":"fr-FR","potentialAction":[{"@type":"ReadAction","target":["https:\/\/oeilsportif.info\/index.php\/ifra-flex-dieng-president-delegue-du-hafia-lacademie-kpc-est-un-modele-sur-le-plan-de-formation\/"]}]},{"@type":"ImageObject","inLanguage":"fr-FR","@id":"https:\/\/oeilsportif.info\/index.php\/ifra-flex-dieng-president-delegue-du-hafia-lacademie-kpc-est-un-modele-sur-le-plan-de-formation\/#primaryimage","url":"https:\/\/i0.wp.com\/oeilsportif.info\/wp-content\/uploads\/2022\/06\/Screenshot_20220625-141821_Gallery.jpg?fit=1080%2C1439&ssl=1","contentUrl":"https:\/\/i0.wp.com\/oeilsportif.info\/wp-content\/uploads\/2022\/06\/Screenshot_20220625-141821_Gallery.jpg?fit=1080%2C1439&ssl=1","width":1080,"height":1439},{"@type":"WebSite","@id":"https:\/\/oeilsportif.info\/#website","url":"https:\/\/oeilsportif.info\/","name":"le regard du sportif","description":"","potentialAction":[{"@type":"SearchAction","target":{"@type":"EntryPoint","urlTemplate":"https:\/\/oeilsportif.info\/?s={search_term_string}"},"query-input":{"@type":"PropertyValueSpecification","valueRequired":true,"valueName":"search_term_string"}}],"inLanguage":"fr-FR"},{"@type":"Person","@id":"https:\/\/oeilsportif.info\/#\/schema\/person\/cfbded294aa6095f7d96608d7905e9a1","name":"L'Equipe de la R\u00e9daction","image":{"@type":"ImageObject","inLanguage":"fr-FR","@id":"https:\/\/oeilsportif.info\/wp-content\/uploads\/2025\/07\/cropped-cropped-logo-os-96x96.jpeg","url":"https:\/\/oeilsportif.info\/wp-content\/uploads\/2025\/07\/cropped-cropped-logo-os-96x96.jpeg","contentUrl":"https:\/\/oeilsportif.info\/wp-content\/uploads\/2025\/07\/cropped-cropped-logo-os-96x96.jpeg","caption":"L'Equipe de la R\u00e9daction"},"url":"https:\/\/oeilsportif.info\/index.php\/author\/tawel\/"}]}},"jetpack_publicize_connections":[],"jetpack_featured_media_url":"https:\/\/i0.wp.com\/oeilsportif.info\/wp-content\/uploads\/2022\/06\/Screenshot_20220625-141821_Gallery.jpg?fit=1080%2C1439&ssl=1","jetpack-related-posts":[],"jetpack_sharing_enabled":true,"jetpack_likes_enabled":true,"jetpack_shortlink":"https:\/\/wp.me\/pgFE77-hf","_links":{"self":[{"href":"https:\/\/oeilsportif.info\/index.php\/wp-json\/wp\/v2\/posts\/1069","targetHints":{"allow":["GET"]}}],"collection":[{"href":"https:\/\/oeilsportif.info\/index.php\/wp-json\/wp\/v2\/posts"}],"about":[{"href":"https:\/\/oeilsportif.info\/index.php\/wp-json\/wp\/v2\/types\/post"}],"author":[{"embeddable":true,"href":"https:\/\/oeilsportif.info\/index.php\/wp-json\/wp\/v2\/users\/2"}],"replies":[{"embeddable":true,"href":"https:\/\/oeilsportif.info\/index.php\/wp-json\/wp\/v2\/comments?post=1069"}],"version-history":[{"count":0,"href":"https:\/\/oeilsportif.info\/index.php\/wp-json\/wp\/v2\/posts\/1069\/revisions"}],"wp:featuredmedia":[{"embeddable":true,"href":"https:\/\/oeilsportif.info\/index.php\/wp-json\/wp\/v2\/media\/1070"}],"wp:attachment":[{"href":"https:\/\/oeilsportif.info\/index.php\/wp-json\/wp\/v2\/media?parent=1069"}],"wp:term":[{"taxonomy":"category","embeddable":true,"href":"https:\/\/oeilsportif.info\/index.php\/wp-json\/wp\/v2\/categories?post=1069"},{"taxonomy":"post_tag","embeddable":true,"href":"https:\/\/oeilsportif.info\/index.php\/wp-json\/wp\/v2\/tags?post=1069"}],"curies":[{"name":"wp","href":"https:\/\/api.w.org\/{rel}","templated":true}]}}