{"id":1066,"date":"2022-06-26T15:45:28","date_gmt":"2022-06-26T15:45:28","guid":{"rendered":"https:\/\/oeilsportif.info\/index.php\/?p=1066"},"modified":"2022-06-26T15:45:28","modified_gmt":"2022-06-26T15:45:28","slug":"les-academiciens-de-kpc-rentrent-en-vacances-scolaires-2021-2022","status":"publish","type":"post","link":"https:\/\/oeilsportif.info\/index.php\/les-academiciens-de-kpc-rentrent-en-vacances-scolaires-2021-2022\/","title":{"rendered":"Les acad\u00e9miciens de KPC rentrent en vacances scolaires 2021-2022 !"},"content":{"rendered":"<p><strong>Ce samedi 25 juin 2022, apr\u00e8s une saison tr\u00e8s intense et bien accomplie tant sur le plan sportif et \u00e9ducatif, les responsables de l&rsquo;Acad\u00e9mie Football-KPC ont officiellement donn\u00e9 vacances \u00e0 leurs \u00e9l\u00e8ves, pour l&rsquo;exercice 2021-2022.<\/strong><\/p>\n<p>La c\u00e9r\u00e9monie s&rsquo;est d\u00e9roul\u00e9e dans la sous-pr\u00e9fecture de Khorira, pr\u00e9fecture de Dubr\u00e9ka en pr\u00e9sence de plusieurs personnalit\u00e9s; des parents des acad\u00e9miciens, des autorit\u00e9s sportives et du Fondateur, Monsieur Kerfalla Camara KPC.<\/p>\n<p>D&rsquo;apr\u00e8s Thierry Guillou, Directeur Sportif de l&rsquo;Acad\u00e9mie Football-KPC, d\u00e8s la prochaine rentr\u00e9e, tous les pensionnaires de l\u2019Acad\u00e9mie Football-KPC encore log\u00e9s dans la cit\u00e9 de Wariyah \u00e0 Lambanyi devraient d\u00e9m\u00e9nager au Centre de Formation de Khorira dans la pr\u00e9fecture de Dubr\u00e9ka. L\u00e0, ces joueurs b\u00e9n\u00e9ficieront des infrastructures ad\u00e9quates pour la formation.<\/p>\n<p>Pour le Pr\u00e9sident KPC, les jeunes \u00e9l\u00e8ves de son acad\u00e9mie recevront un enseignement aussi bien scolaire que sportif. En les soumettant \u00e0 toutes les mati\u00e8res au cours de la formation, pour les aider \u00e0 construire leur propre identit\u00e9, celui d\u2019un homme complet et utile pour la soci\u00e9t\u00e9.<\/p>\n<p>Signalons que, pendant tout le s\u00e9jour dans les installations de l\u2019Acad\u00e9mie, les pensionnaires ont \u00e9t\u00e9 pris en charge \u00e0 100% par le Pr\u00e9sident Kerfalla Camara KPC \u00e0 savoir : l&rsquo;h\u00e9bergement, la restauration, la scolarit\u00e9, les soins m\u00e9dicaux&#8230;<\/p>\n<p><strong>Mohamed Tawel Camara<\/strong><\/p>\n","protected":false},"excerpt":{"rendered":"<p>Ce samedi 25 juin 2022, apr\u00e8s une saison tr\u00e8s intense et bien accomplie tant sur le plan sportif et \u00e9ducatif, les responsables de l&rsquo;Acad\u00e9mie Football-KPC ont officiellement donn\u00e9 vacances \u00e0 leurs \u00e9l\u00e8ves, pour l&rsquo;exercice 2021-2022. La c\u00e9r\u00e9monie s&rsquo;est d\u00e9roul\u00e9e dans la sous-pr\u00e9fecture de Khorira, pr\u00e9fecture de Dubr\u00e9ka en pr\u00e9sence de plusieurs personnalit\u00e9s; des parents des [&hellip;]<\/p>\n","protected":false},"author":2,"featured_media":1067,"comment_status":"closed","ping_status":"open","sticky":false,"template":"","format":"standard","meta":{"_jetpack_memberships_contains_paid_content":false,"footnotes":"","jetpack_publicize_message":"","jetpack_publicize_feature_enabled":true,"jetpack_social_post_already_shared":true,"jetpack_social_options":{"image_generator_settings":{"template":"highway","default_image_id":0,"font":"","enabled":false},"version":2}},"categories":[5],"tags":[],"class_list":{"0":"post-1066","1":"post","2":"type-post","3":"status-publish","4":"format-standard","5":"has-post-thumbnail","7":"category-football"},"yoast_head":"<!-- This site is optimized with the Yoast SEO plugin v27.5 - https:\/\/yoast.com\/product\/yoast-seo-wordpress\/ -->\n<title>Les acad\u00e9miciens de KPC rentrent en vacances scolaires 2021-2022 ! - le regard du sportif<\/title>\n<meta name=\"robots\" content=\"index, follow, max-snippet:-1, max-image-preview:large, max-video-preview:-1\" \/>\n<link rel=\"canonical\" href=\"https:\/\/oeilsportif.info\/index.php\/les-academiciens-de-kpc-rentrent-en-vacances-scolaires-2021-2022\/\" \/>\n<meta property=\"og:locale\" content=\"fr_FR\" \/>\n<meta property=\"og:type\" content=\"article\" \/>\n<meta property=\"og:title\" content=\"Les acad\u00e9miciens de KPC rentrent en vacances scolaires 2021-2022 ! - le regard du sportif\" \/>\n<meta property=\"og:description\" content=\"Ce samedi 25 juin 2022, apr\u00e8s une saison tr\u00e8s intense et bien accomplie tant sur le plan sportif et \u00e9ducatif, les responsables de l&rsquo;Acad\u00e9mie Football-KPC ont officiellement donn\u00e9 vacances \u00e0 leurs \u00e9l\u00e8ves, pour l&rsquo;exercice 2021-2022. La c\u00e9r\u00e9monie s&rsquo;est d\u00e9roul\u00e9e dans la sous-pr\u00e9fecture de Khorira, pr\u00e9fecture de Dubr\u00e9ka en pr\u00e9sence de plusieurs personnalit\u00e9s; des parents des [&hellip;]\" \/>\n<meta property=\"og:url\" content=\"https:\/\/oeilsportif.info\/index.php\/les-academiciens-de-kpc-rentrent-en-vacances-scolaires-2021-2022\/\" \/>\n<meta property=\"og:site_name\" content=\"le regard du sportif\" \/>\n<meta property=\"article:published_time\" content=\"2022-06-26T15:45:28+00:00\" \/>\n<meta property=\"og:image\" content=\"https:\/\/oeilsportif.info\/wp-content\/uploads\/2022\/06\/FB_IMG_1656196996874.jpg\" \/>\n\t<meta property=\"og:image:width\" content=\"1080\" \/>\n\t<meta property=\"og:image:height\" content=\"720\" \/>\n\t<meta property=\"og:image:type\" content=\"image\/jpeg\" \/>\n<meta name=\"author\" content=\"L&#039;Equipe de la R\u00e9daction\" \/>\n<meta name=\"twitter:label1\" content=\"\u00c9crit par\" \/>\n\t<meta name=\"twitter:data1\" content=\"L&#039;Equipe de la R\u00e9daction\" \/>\n\t<meta name=\"twitter:label2\" content=\"Dur\u00e9e de lecture estim\u00e9e\" \/>\n\t<meta name=\"twitter:data2\" content=\"2 minutes\" \/>\n<script type=\"application\/ld+json\" class=\"yoast-schema-graph\">{\"@context\":\"https:\\\/\\\/schema.org\",\"@graph\":[{\"@type\":\"Article\",\"@id\":\"https:\\\/\\\/oeilsportif.info\\\/index.php\\\/les-academiciens-de-kpc-rentrent-en-vacances-scolaires-2021-2022\\\/#article\",\"isPartOf\":{\"@id\":\"https:\\\/\\\/oeilsportif.info\\\/index.php\\\/les-academiciens-de-kpc-rentrent-en-vacances-scolaires-2021-2022\\\/\"},\"author\":{\"name\":\"L'Equipe de la R\u00e9daction\",\"@id\":\"https:\\\/\\\/oeilsportif.info\\\/#\\\/schema\\\/person\\\/cfbded294aa6095f7d96608d7905e9a1\"},\"headline\":\"Les acad\u00e9miciens de KPC rentrent en vacances scolaires 2021-2022 !\",\"datePublished\":\"2022-06-26T15:45:28+00:00\",\"mainEntityOfPage\":{\"@id\":\"https:\\\/\\\/oeilsportif.info\\\/index.php\\\/les-academiciens-de-kpc-rentrent-en-vacances-scolaires-2021-2022\\\/\"},\"wordCount\":250,\"image\":{\"@id\":\"https:\\\/\\\/oeilsportif.info\\\/index.php\\\/les-academiciens-de-kpc-rentrent-en-vacances-scolaires-2021-2022\\\/#primaryimage\"},\"thumbnailUrl\":\"https:\\\/\\\/i0.wp.com\\\/oeilsportif.info\\\/wp-content\\\/uploads\\\/2022\\\/06\\\/FB_IMG_1656196996874.jpg?fit=1080%2C720&ssl=1\",\"articleSection\":[\"Football\"],\"inLanguage\":\"fr-FR\"},{\"@type\":\"WebPage\",\"@id\":\"https:\\\/\\\/oeilsportif.info\\\/index.php\\\/les-academiciens-de-kpc-rentrent-en-vacances-scolaires-2021-2022\\\/\",\"url\":\"https:\\\/\\\/oeilsportif.info\\\/index.php\\\/les-academiciens-de-kpc-rentrent-en-vacances-scolaires-2021-2022\\\/\",\"name\":\"Les acad\u00e9miciens de KPC rentrent en vacances scolaires 2021-2022 ! - le regard du sportif\",\"isPartOf\":{\"@id\":\"https:\\\/\\\/oeilsportif.info\\\/#website\"},\"primaryImageOfPage\":{\"@id\":\"https:\\\/\\\/oeilsportif.info\\\/index.php\\\/les-academiciens-de-kpc-rentrent-en-vacances-scolaires-2021-2022\\\/#primaryimage\"},\"image\":{\"@id\":\"https:\\\/\\\/oeilsportif.info\\\/index.php\\\/les-academiciens-de-kpc-rentrent-en-vacances-scolaires-2021-2022\\\/#primaryimage\"},\"thumbnailUrl\":\"https:\\\/\\\/i0.wp.com\\\/oeilsportif.info\\\/wp-content\\\/uploads\\\/2022\\\/06\\\/FB_IMG_1656196996874.jpg?fit=1080%2C720&ssl=1\",\"datePublished\":\"2022-06-26T15:45:28+00:00\",\"author\":{\"@id\":\"https:\\\/\\\/oeilsportif.info\\\/#\\\/schema\\\/person\\\/cfbded294aa6095f7d96608d7905e9a1\"},\"inLanguage\":\"fr-FR\",\"potentialAction\":[{\"@type\":\"ReadAction\",\"target\":[\"https:\\\/\\\/oeilsportif.info\\\/index.php\\\/les-academiciens-de-kpc-rentrent-en-vacances-scolaires-2021-2022\\\/\"]}]},{\"@type\":\"ImageObject\",\"inLanguage\":\"fr-FR\",\"@id\":\"https:\\\/\\\/oeilsportif.info\\\/index.php\\\/les-academiciens-de-kpc-rentrent-en-vacances-scolaires-2021-2022\\\/#primaryimage\",\"url\":\"https:\\\/\\\/i0.wp.com\\\/oeilsportif.info\\\/wp-content\\\/uploads\\\/2022\\\/06\\\/FB_IMG_1656196996874.jpg?fit=1080%2C720&ssl=1\",\"contentUrl\":\"https:\\\/\\\/i0.wp.com\\\/oeilsportif.info\\\/wp-content\\\/uploads\\\/2022\\\/06\\\/FB_IMG_1656196996874.jpg?fit=1080%2C720&ssl=1\",\"width\":1080,\"height\":720},{\"@type\":\"WebSite\",\"@id\":\"https:\\\/\\\/oeilsportif.info\\\/#website\",\"url\":\"https:\\\/\\\/oeilsportif.info\\\/\",\"name\":\"le regard du sportif\",\"description\":\"\",\"potentialAction\":[{\"@type\":\"SearchAction\",\"target\":{\"@type\":\"EntryPoint\",\"urlTemplate\":\"https:\\\/\\\/oeilsportif.info\\\/?s={search_term_string}\"},\"query-input\":{\"@type\":\"PropertyValueSpecification\",\"valueRequired\":true,\"valueName\":\"search_term_string\"}}],\"inLanguage\":\"fr-FR\"},{\"@type\":\"Person\",\"@id\":\"https:\\\/\\\/oeilsportif.info\\\/#\\\/schema\\\/person\\\/cfbded294aa6095f7d96608d7905e9a1\",\"name\":\"L'Equipe de la R\u00e9daction\",\"image\":{\"@type\":\"ImageObject\",\"inLanguage\":\"fr-FR\",\"@id\":\"https:\\\/\\\/oeilsportif.info\\\/wp-content\\\/uploads\\\/2025\\\/07\\\/cropped-cropped-logo-os-96x96.jpeg\",\"url\":\"https:\\\/\\\/oeilsportif.info\\\/wp-content\\\/uploads\\\/2025\\\/07\\\/cropped-cropped-logo-os-96x96.jpeg\",\"contentUrl\":\"https:\\\/\\\/oeilsportif.info\\\/wp-content\\\/uploads\\\/2025\\\/07\\\/cropped-cropped-logo-os-96x96.jpeg\",\"caption\":\"L'Equipe de la R\u00e9daction\"},\"url\":\"https:\\\/\\\/oeilsportif.info\\\/index.php\\\/author\\\/tawel\\\/\"}]}<\/script>\n<!-- \/ Yoast SEO plugin. -->","yoast_head_json":{"title":"Les acad\u00e9miciens de KPC rentrent en vacances scolaires 2021-2022 ! - le regard du sportif","robots":{"index":"index","follow":"follow","max-snippet":"max-snippet:-1","max-image-preview":"max-image-preview:large","max-video-preview":"max-video-preview:-1"},"canonical":"https:\/\/oeilsportif.info\/index.php\/les-academiciens-de-kpc-rentrent-en-vacances-scolaires-2021-2022\/","og_locale":"fr_FR","og_type":"article","og_title":"Les acad\u00e9miciens de KPC rentrent en vacances scolaires 2021-2022 ! - le regard du sportif","og_description":"Ce samedi 25 juin 2022, apr\u00e8s une saison tr\u00e8s intense et bien accomplie tant sur le plan sportif et \u00e9ducatif, les responsables de l&rsquo;Acad\u00e9mie Football-KPC ont officiellement donn\u00e9 vacances \u00e0 leurs \u00e9l\u00e8ves, pour l&rsquo;exercice 2021-2022. La c\u00e9r\u00e9monie s&rsquo;est d\u00e9roul\u00e9e dans la sous-pr\u00e9fecture de Khorira, pr\u00e9fecture de Dubr\u00e9ka en pr\u00e9sence de plusieurs personnalit\u00e9s; des parents des [&hellip;]","og_url":"https:\/\/oeilsportif.info\/index.php\/les-academiciens-de-kpc-rentrent-en-vacances-scolaires-2021-2022\/","og_site_name":"le regard du sportif","article_published_time":"2022-06-26T15:45:28+00:00","og_image":[{"width":1080,"height":720,"url":"https:\/\/oeilsportif.info\/wp-content\/uploads\/2022\/06\/FB_IMG_1656196996874.jpg","type":"image\/jpeg"}],"author":"L'Equipe de la R\u00e9daction","twitter_misc":{"\u00c9crit par":"L'Equipe de la R\u00e9daction","Dur\u00e9e de lecture estim\u00e9e":"2 minutes"},"schema":{"@context":"https:\/\/schema.org","@graph":[{"@type":"Article","@id":"https:\/\/oeilsportif.info\/index.php\/les-academiciens-de-kpc-rentrent-en-vacances-scolaires-2021-2022\/#article","isPartOf":{"@id":"https:\/\/oeilsportif.info\/index.php\/les-academiciens-de-kpc-rentrent-en-vacances-scolaires-2021-2022\/"},"author":{"name":"L'Equipe de la R\u00e9daction","@id":"https:\/\/oeilsportif.info\/#\/schema\/person\/cfbded294aa6095f7d96608d7905e9a1"},"headline":"Les acad\u00e9miciens de KPC rentrent en vacances scolaires 2021-2022 !","datePublished":"2022-06-26T15:45:28+00:00","mainEntityOfPage":{"@id":"https:\/\/oeilsportif.info\/index.php\/les-academiciens-de-kpc-rentrent-en-vacances-scolaires-2021-2022\/"},"wordCount":250,"image":{"@id":"https:\/\/oeilsportif.info\/index.php\/les-academiciens-de-kpc-rentrent-en-vacances-scolaires-2021-2022\/#primaryimage"},"thumbnailUrl":"https:\/\/i0.wp.com\/oeilsportif.info\/wp-content\/uploads\/2022\/06\/FB_IMG_1656196996874.jpg?fit=1080%2C720&ssl=1","articleSection":["Football"],"inLanguage":"fr-FR"},{"@type":"WebPage","@id":"https:\/\/oeilsportif.info\/index.php\/les-academiciens-de-kpc-rentrent-en-vacances-scolaires-2021-2022\/","url":"https:\/\/oeilsportif.info\/index.php\/les-academiciens-de-kpc-rentrent-en-vacances-scolaires-2021-2022\/","name":"Les acad\u00e9miciens de KPC rentrent en vacances scolaires 2021-2022 ! - le regard du sportif","isPartOf":{"@id":"https:\/\/oeilsportif.info\/#website"},"primaryImageOfPage":{"@id":"https:\/\/oeilsportif.info\/index.php\/les-academiciens-de-kpc-rentrent-en-vacances-scolaires-2021-2022\/#primaryimage"},"image":{"@id":"https:\/\/oeilsportif.info\/index.php\/les-academiciens-de-kpc-rentrent-en-vacances-scolaires-2021-2022\/#primaryimage"},"thumbnailUrl":"https:\/\/i0.wp.com\/oeilsportif.info\/wp-content\/uploads\/2022\/06\/FB_IMG_1656196996874.jpg?fit=1080%2C720&ssl=1","datePublished":"2022-06-26T15:45:28+00:00","author":{"@id":"https:\/\/oeilsportif.info\/#\/schema\/person\/cfbded294aa6095f7d96608d7905e9a1"},"inLanguage":"fr-FR","potentialAction":[{"@type":"ReadAction","target":["https:\/\/oeilsportif.info\/index.php\/les-academiciens-de-kpc-rentrent-en-vacances-scolaires-2021-2022\/"]}]},{"@type":"ImageObject","inLanguage":"fr-FR","@id":"https:\/\/oeilsportif.info\/index.php\/les-academiciens-de-kpc-rentrent-en-vacances-scolaires-2021-2022\/#primaryimage","url":"https:\/\/i0.wp.com\/oeilsportif.info\/wp-content\/uploads\/2022\/06\/FB_IMG_1656196996874.jpg?fit=1080%2C720&ssl=1","contentUrl":"https:\/\/i0.wp.com\/oeilsportif.info\/wp-content\/uploads\/2022\/06\/FB_IMG_1656196996874.jpg?fit=1080%2C720&ssl=1","width":1080,"height":720},{"@type":"WebSite","@id":"https:\/\/oeilsportif.info\/#website","url":"https:\/\/oeilsportif.info\/","name":"le regard du sportif","description":"","potentialAction":[{"@type":"SearchAction","target":{"@type":"EntryPoint","urlTemplate":"https:\/\/oeilsportif.info\/?s={search_term_string}"},"query-input":{"@type":"PropertyValueSpecification","valueRequired":true,"valueName":"search_term_string"}}],"inLanguage":"fr-FR"},{"@type":"Person","@id":"https:\/\/oeilsportif.info\/#\/schema\/person\/cfbded294aa6095f7d96608d7905e9a1","name":"L'Equipe de la R\u00e9daction","image":{"@type":"ImageObject","inLanguage":"fr-FR","@id":"https:\/\/oeilsportif.info\/wp-content\/uploads\/2025\/07\/cropped-cropped-logo-os-96x96.jpeg","url":"https:\/\/oeilsportif.info\/wp-content\/uploads\/2025\/07\/cropped-cropped-logo-os-96x96.jpeg","contentUrl":"https:\/\/oeilsportif.info\/wp-content\/uploads\/2025\/07\/cropped-cropped-logo-os-96x96.jpeg","caption":"L'Equipe de la R\u00e9daction"},"url":"https:\/\/oeilsportif.info\/index.php\/author\/tawel\/"}]}},"jetpack_publicize_connections":[],"jetpack_featured_media_url":"https:\/\/i0.wp.com\/oeilsportif.info\/wp-content\/uploads\/2022\/06\/FB_IMG_1656196996874.jpg?fit=1080%2C720&ssl=1","jetpack-related-posts":[],"jetpack_sharing_enabled":true,"jetpack_likes_enabled":true,"jetpack_shortlink":"https:\/\/wp.me\/pgFE77-hc","_links":{"self":[{"href":"https:\/\/oeilsportif.info\/index.php\/wp-json\/wp\/v2\/posts\/1066","targetHints":{"allow":["GET"]}}],"collection":[{"href":"https:\/\/oeilsportif.info\/index.php\/wp-json\/wp\/v2\/posts"}],"about":[{"href":"https:\/\/oeilsportif.info\/index.php\/wp-json\/wp\/v2\/types\/post"}],"author":[{"embeddable":true,"href":"https:\/\/oeilsportif.info\/index.php\/wp-json\/wp\/v2\/users\/2"}],"replies":[{"embeddable":true,"href":"https:\/\/oeilsportif.info\/index.php\/wp-json\/wp\/v2\/comments?post=1066"}],"version-history":[{"count":0,"href":"https:\/\/oeilsportif.info\/index.php\/wp-json\/wp\/v2\/posts\/1066\/revisions"}],"wp:featuredmedia":[{"embeddable":true,"href":"https:\/\/oeilsportif.info\/index.php\/wp-json\/wp\/v2\/media\/1067"}],"wp:attachment":[{"href":"https:\/\/oeilsportif.info\/index.php\/wp-json\/wp\/v2\/media?parent=1066"}],"wp:term":[{"taxonomy":"category","embeddable":true,"href":"https:\/\/oeilsportif.info\/index.php\/wp-json\/wp\/v2\/categories?post=1066"},{"taxonomy":"post_tag","embeddable":true,"href":"https:\/\/oeilsportif.info\/index.php\/wp-json\/wp\/v2\/tags?post=1066"}],"curies":[{"name":"wp","href":"https:\/\/api.w.org\/{rel}","templated":true}]}}