{"id":1059,"date":"2022-06-23T09:58:01","date_gmt":"2022-06-23T09:58:01","guid":{"rendered":"https:\/\/oeilsportif.info\/index.php\/?p=1059"},"modified":"2022-06-23T09:58:01","modified_gmt":"2022-06-23T09:58:01","slug":"membres-statutaires-fgf-mieux-vaut-faire-entendre-raison-au-conor-que-de-vouloir-engager-un-bras-de-fer-edito","status":"publish","type":"post","link":"https:\/\/oeilsportif.info\/index.php\/membres-statutaires-fgf-mieux-vaut-faire-entendre-raison-au-conor-que-de-vouloir-engager-un-bras-de-fer-edito\/","title":{"rendered":"Membres statutaires FGF : mieux vaut faire entendre raison au Conor que de vouloir engager un bras de fer ! (\u00c9dito)"},"content":{"rendered":"<p><strong>Comme nous enseigne cette expression \u00ab mieux vaut convaincre au lieu d\u2019employer la force \u00bb. Car, dit-on, la force n\u2019a jamais positivement r\u00e9solu un probl\u00e8me moins encore quoi qu\u2019il arrive n\u2019engendrera m\u00eame une alternative possible. H\u00e9las, elle ne fera qu\u2019empirer\u2026 D\u2019o\u00f9 l\u2019importance de savoir faire face \u00e0 une situation donn\u00e9e. Peu importe votre position qu\u2019elle soit favorable ou l\u2019inverse.<\/strong><\/p>\n<p>Les membres statutaires de la f\u00e9d\u00e9ration guin\u00e9enne de football continuent toujours \u00e0 brandir des menaces contre le comit\u00e9 de Normalisation de la FGF install\u00e9 par la FIFA il y a pr\u00e8s de six mois. Peut-\u00eatre qu\u2019ils sont dans leur droit, mais si cela s\u2019av\u00e8re, il sera aussi honn\u00eate d\u2019admettre qu\u2019ils manquent au m\u00eame moment le sens de la p\u00e9dagogie respectable au plus haut point dans leur d\u00e9marche, du moins c\u2019est ce que je crois.<\/p>\n<p>Pour une prompte sortie de crise\u2026<\/p>\n<p>D\u2019abord il faut dire que dans l\u2019optique de trouver une solution prompte aux maux dont souffrent le football guin\u00e9en, il serait souhaitable que le comit\u00e9 de normalisation ait la volont\u00e9 de recevoir r\u00e9guli\u00e8rement et d\u2019\u00e9couter les membres statutaires dont la plupart \u00e9tant pr\u00e9sidents de clubs se saignent parfois \u00e0 blanc pour faire fonctionner leur \u00e9curie sans contrepartie financi\u00e8re et sans soutien de l&rsquo;\u00c9tat, pour le bonheur du football local. Ne serait-ce qu\u2019une fois dans un mois, si c\u2019\u00e9tait le cas, de son installation jusqu\u2019\u00e0 date, le Conor aurait pu recevoir 6 fois ces derniers. Mais un des membres statutaires en l\u2019occurrence Maturin Bangoura du CI Kamsar a laiss\u00e9 entendre publiquement Lundi dernier, 20 Juin 2022 dans \u00ab Nostalgie Sport \u00bb que la pr\u00e9sidente du Conor Mariama Sy Diallo et son \u00e9quipe ne les a re\u00e7us qu\u2019une seule fois depuis et toujours. Il a aussi ajout\u00e9 qu\u2019eux membres statutaires ont adress\u00e9 des m\u00e9mos dans lesquelles ils ont fait des propositions au comit\u00e9 de normalisation, mais leurs \u00e9crits restent comme une lettre morte, sans retour \u00e0 l\u2019envoyeur.<\/p>\n<p>Compte tenu de tout cela, les membres statutaires de la FEGUIFOOT estimeraient \u00e0 la lecture de la situation en face \u00eatre dans un flou total sur le chronogramme du Conor, ou encore le comit\u00e9 de normalisation semble n\u2019avoir pas de consid\u00e9ration \u00e0 leur \u00e9gard. Ils sont donc \u00e0 juste titre logiquement, je pense ainsi, dans leur plein droit de faire de mouvements, oui, mais pas des menaces qui pourront malheureusement faire croire par exemple \u00e0 la FIFA qu\u2019il y a toujours probl\u00e8me dans le football local. Ce qui serait une raison ou une n\u00e9cessit\u00e9 de prolonger avec une longue dur\u00e9e le mandat du Conor FGF. Les membres statutaires n\u2019auront alors cons\u00e9cutivement que leurs yeux \u00e0 l\u2019image d\u2019un crocodile qui souffre de la faim pour observer le d\u00e9roulement de la sc\u00e8ne de gouvernance en continu du Conor. Il est encore grand temps de pouvoir l\u2019\u00e9viter !<\/p>\n<p>Pourquoi faut-il \u00e9viter des menaces\u2026<\/p>\n<p>Surtout des menaces telles que d\u00e9cider de ne pas fournir de joueurs \u00e0 l\u2019\u00e9quipe nationale locale pour les \u00e9liminatoires du CHAN 2023, faire en sorte qu\u2019il n\u2019y ait pas de championnat national au compte de la saison prochaine\u2026 et en faire d\u2019une communication m\u00e9diatique en plus en faire d&rsquo;un orgueil inutile, constituent des errements qui devraient \u00eatre bannis du plan ex\u00e9cutoire des membres statutaires de notre faiti\u00e8re du ballon rond sur le plan local, \u00e0 mon humble perception de la chose.<\/p>\n<p>Sinon en d\u00e9cidant ainsi, ils offrent probablement sans le savoir au Conor de courir sa chance et de faire savoir \u00e0 la communaut\u00e9 du football mondial notamment la FIFA que les probl\u00e8mes dont souffrent le football guin\u00e9en, auront besoin d\u2019un mandat cons\u00e9quent pour pouvoir les r\u00e9soudre enti\u00e8rement ou du moins les minimiser davantage. Et les membres statutaires le savent tous quand la F\u00e9d\u00e9ration Internationale de football Association d\u00e9cide, ce sera sans appel, en tout dans des cas pareils.<\/p>\n<p>Enfin, il importe de dire clairement aux membres statutaires qui sont, \u00e0 dire vrai, \u00e0 l&rsquo;origine de la crise qui mine avec regret ce milieu aujourd\u2019hui, que le Comit\u00e9 de Normalisation n\u2019a de compte \u00e0 rendre, en ce que je sache, qu\u2019\u00e0 la FIFA pas \u00e0 eux moins encore \u00e0 X ou Y personne. Car, c\u2019est la FIFA qui l\u2019a commis \u00e0 la t\u00e2che de g\u00e9rer les affaires courantes, de toiletter les textes et d\u2019organiser une \u00e9lection transparente \u00e0 l\u2019issue de laquelle un bureau ex\u00e9cutif sera \u00e9lu \u00e0 la t\u00eate de la f\u00e9d\u00e9ration guin\u00e9enne de football.<\/p>\n<p>N\u2019oublions surtout pas qu\u2019autant de fois qu\u2019on continuera \u00e0 brandir des menaces s\u00e9rieuses contre le Conor, autant de fois la FIFA peut d\u00e9cider de prolonger le mandat du Comit\u00e9 de Normalisation de la FGF.<\/p>\n<p>Ne dit-on pas que \u00ab\u00a0celui qui entend se le tienne pour dit\u00a0\u00bb.<\/p>\n<p>Sportivement v\u00f4tre.<\/p>\n<p><strong>\u00c9dito fait par Hamidou Kibola, journaliste sportif \u00e0 africasport.org<\/strong><\/p>\n<p><strong>Ce texte est tir\u00e9 du site africasport.org<\/strong><\/p>\n","protected":false},"excerpt":{"rendered":"<p>Comme nous enseigne cette expression \u00ab mieux vaut convaincre au lieu d\u2019employer la force \u00bb. Car, dit-on, la force n\u2019a jamais positivement r\u00e9solu un probl\u00e8me moins encore quoi qu\u2019il arrive n\u2019engendrera m\u00eame une alternative possible. H\u00e9las, elle ne fera qu\u2019empirer\u2026 D\u2019o\u00f9 l\u2019importance de savoir faire face \u00e0 une situation donn\u00e9e. Peu importe votre position qu\u2019elle [&hellip;]<\/p>\n","protected":false},"author":2,"featured_media":1060,"comment_status":"closed","ping_status":"open","sticky":false,"template":"","format":"standard","meta":{"_jetpack_memberships_contains_paid_content":false,"footnotes":"","jetpack_publicize_message":"","jetpack_publicize_feature_enabled":true,"jetpack_social_post_already_shared":true,"jetpack_social_options":{"image_generator_settings":{"template":"highway","default_image_id":0,"font":"","enabled":false},"version":2}},"categories":[5],"tags":[],"class_list":{"0":"post-1059","1":"post","2":"type-post","3":"status-publish","4":"format-standard","5":"has-post-thumbnail","7":"category-football"},"yoast_head":"<!-- This site is optimized with the Yoast SEO plugin v27.5 - https:\/\/yoast.com\/product\/yoast-seo-wordpress\/ -->\n<title>Membres statutaires FGF : mieux vaut faire entendre raison au Conor que de vouloir engager un bras de fer ! (\u00c9dito) - le regard du sportif<\/title>\n<meta name=\"robots\" content=\"index, follow, max-snippet:-1, max-image-preview:large, max-video-preview:-1\" \/>\n<link rel=\"canonical\" href=\"https:\/\/oeilsportif.info\/index.php\/membres-statutaires-fgf-mieux-vaut-faire-entendre-raison-au-conor-que-de-vouloir-engager-un-bras-de-fer-edito\/\" \/>\n<meta property=\"og:locale\" content=\"fr_FR\" \/>\n<meta property=\"og:type\" content=\"article\" \/>\n<meta property=\"og:title\" content=\"Membres statutaires FGF : mieux vaut faire entendre raison au Conor que de vouloir engager un bras de fer ! (\u00c9dito) - le regard du sportif\" \/>\n<meta property=\"og:description\" content=\"Comme nous enseigne cette expression \u00ab mieux vaut convaincre au lieu d\u2019employer la force \u00bb. Car, dit-on, la force n\u2019a jamais positivement r\u00e9solu un probl\u00e8me moins encore quoi qu\u2019il arrive n\u2019engendrera m\u00eame une alternative possible. H\u00e9las, elle ne fera qu\u2019empirer\u2026 D\u2019o\u00f9 l\u2019importance de savoir faire face \u00e0 une situation donn\u00e9e. Peu importe votre position qu\u2019elle [&hellip;]\" \/>\n<meta property=\"og:url\" content=\"https:\/\/oeilsportif.info\/index.php\/membres-statutaires-fgf-mieux-vaut-faire-entendre-raison-au-conor-que-de-vouloir-engager-un-bras-de-fer-edito\/\" \/>\n<meta property=\"og:site_name\" content=\"le regard du sportif\" \/>\n<meta property=\"article:published_time\" content=\"2022-06-23T09:58:01+00:00\" \/>\n<meta property=\"og:image\" content=\"https:\/\/oeilsportif.info\/wp-content\/uploads\/2022\/06\/FB_IMG_1655978158605.jpg\" \/>\n\t<meta property=\"og:image:width\" content=\"720\" \/>\n\t<meta property=\"og:image:height\" content=\"960\" \/>\n\t<meta property=\"og:image:type\" content=\"image\/jpeg\" \/>\n<meta name=\"author\" content=\"L&#039;Equipe de la R\u00e9daction\" \/>\n<meta name=\"twitter:label1\" content=\"\u00c9crit par\" \/>\n\t<meta name=\"twitter:data1\" content=\"L&#039;Equipe de la R\u00e9daction\" \/>\n\t<meta name=\"twitter:label2\" content=\"Dur\u00e9e de lecture estim\u00e9e\" \/>\n\t<meta name=\"twitter:data2\" content=\"4 minutes\" \/>\n<script type=\"application\/ld+json\" class=\"yoast-schema-graph\">{\"@context\":\"https:\\\/\\\/schema.org\",\"@graph\":[{\"@type\":\"Article\",\"@id\":\"https:\\\/\\\/oeilsportif.info\\\/index.php\\\/membres-statutaires-fgf-mieux-vaut-faire-entendre-raison-au-conor-que-de-vouloir-engager-un-bras-de-fer-edito\\\/#article\",\"isPartOf\":{\"@id\":\"https:\\\/\\\/oeilsportif.info\\\/index.php\\\/membres-statutaires-fgf-mieux-vaut-faire-entendre-raison-au-conor-que-de-vouloir-engager-un-bras-de-fer-edito\\\/\"},\"author\":{\"name\":\"L'Equipe de la R\u00e9daction\",\"@id\":\"https:\\\/\\\/oeilsportif.info\\\/#\\\/schema\\\/person\\\/cfbded294aa6095f7d96608d7905e9a1\"},\"headline\":\"Membres statutaires FGF : mieux vaut faire entendre raison au Conor que de vouloir engager un bras de fer ! (\u00c9dito)\",\"datePublished\":\"2022-06-23T09:58:01+00:00\",\"mainEntityOfPage\":{\"@id\":\"https:\\\/\\\/oeilsportif.info\\\/index.php\\\/membres-statutaires-fgf-mieux-vaut-faire-entendre-raison-au-conor-que-de-vouloir-engager-un-bras-de-fer-edito\\\/\"},\"wordCount\":872,\"image\":{\"@id\":\"https:\\\/\\\/oeilsportif.info\\\/index.php\\\/membres-statutaires-fgf-mieux-vaut-faire-entendre-raison-au-conor-que-de-vouloir-engager-un-bras-de-fer-edito\\\/#primaryimage\"},\"thumbnailUrl\":\"https:\\\/\\\/i0.wp.com\\\/oeilsportif.info\\\/wp-content\\\/uploads\\\/2022\\\/06\\\/FB_IMG_1655978158605.jpg?fit=720%2C960&ssl=1\",\"articleSection\":[\"Football\"],\"inLanguage\":\"fr-FR\"},{\"@type\":\"WebPage\",\"@id\":\"https:\\\/\\\/oeilsportif.info\\\/index.php\\\/membres-statutaires-fgf-mieux-vaut-faire-entendre-raison-au-conor-que-de-vouloir-engager-un-bras-de-fer-edito\\\/\",\"url\":\"https:\\\/\\\/oeilsportif.info\\\/index.php\\\/membres-statutaires-fgf-mieux-vaut-faire-entendre-raison-au-conor-que-de-vouloir-engager-un-bras-de-fer-edito\\\/\",\"name\":\"Membres statutaires FGF : mieux vaut faire entendre raison au Conor que de vouloir engager un bras de fer ! (\u00c9dito) - le regard du sportif\",\"isPartOf\":{\"@id\":\"https:\\\/\\\/oeilsportif.info\\\/#website\"},\"primaryImageOfPage\":{\"@id\":\"https:\\\/\\\/oeilsportif.info\\\/index.php\\\/membres-statutaires-fgf-mieux-vaut-faire-entendre-raison-au-conor-que-de-vouloir-engager-un-bras-de-fer-edito\\\/#primaryimage\"},\"image\":{\"@id\":\"https:\\\/\\\/oeilsportif.info\\\/index.php\\\/membres-statutaires-fgf-mieux-vaut-faire-entendre-raison-au-conor-que-de-vouloir-engager-un-bras-de-fer-edito\\\/#primaryimage\"},\"thumbnailUrl\":\"https:\\\/\\\/i0.wp.com\\\/oeilsportif.info\\\/wp-content\\\/uploads\\\/2022\\\/06\\\/FB_IMG_1655978158605.jpg?fit=720%2C960&ssl=1\",\"datePublished\":\"2022-06-23T09:58:01+00:00\",\"author\":{\"@id\":\"https:\\\/\\\/oeilsportif.info\\\/#\\\/schema\\\/person\\\/cfbded294aa6095f7d96608d7905e9a1\"},\"inLanguage\":\"fr-FR\",\"potentialAction\":[{\"@type\":\"ReadAction\",\"target\":[\"https:\\\/\\\/oeilsportif.info\\\/index.php\\\/membres-statutaires-fgf-mieux-vaut-faire-entendre-raison-au-conor-que-de-vouloir-engager-un-bras-de-fer-edito\\\/\"]}]},{\"@type\":\"ImageObject\",\"inLanguage\":\"fr-FR\",\"@id\":\"https:\\\/\\\/oeilsportif.info\\\/index.php\\\/membres-statutaires-fgf-mieux-vaut-faire-entendre-raison-au-conor-que-de-vouloir-engager-un-bras-de-fer-edito\\\/#primaryimage\",\"url\":\"https:\\\/\\\/i0.wp.com\\\/oeilsportif.info\\\/wp-content\\\/uploads\\\/2022\\\/06\\\/FB_IMG_1655978158605.jpg?fit=720%2C960&ssl=1\",\"contentUrl\":\"https:\\\/\\\/i0.wp.com\\\/oeilsportif.info\\\/wp-content\\\/uploads\\\/2022\\\/06\\\/FB_IMG_1655978158605.jpg?fit=720%2C960&ssl=1\",\"width\":720,\"height\":960},{\"@type\":\"WebSite\",\"@id\":\"https:\\\/\\\/oeilsportif.info\\\/#website\",\"url\":\"https:\\\/\\\/oeilsportif.info\\\/\",\"name\":\"le regard du sportif\",\"description\":\"\",\"potentialAction\":[{\"@type\":\"SearchAction\",\"target\":{\"@type\":\"EntryPoint\",\"urlTemplate\":\"https:\\\/\\\/oeilsportif.info\\\/?s={search_term_string}\"},\"query-input\":{\"@type\":\"PropertyValueSpecification\",\"valueRequired\":true,\"valueName\":\"search_term_string\"}}],\"inLanguage\":\"fr-FR\"},{\"@type\":\"Person\",\"@id\":\"https:\\\/\\\/oeilsportif.info\\\/#\\\/schema\\\/person\\\/cfbded294aa6095f7d96608d7905e9a1\",\"name\":\"L'Equipe de la R\u00e9daction\",\"image\":{\"@type\":\"ImageObject\",\"inLanguage\":\"fr-FR\",\"@id\":\"https:\\\/\\\/oeilsportif.info\\\/wp-content\\\/uploads\\\/2025\\\/07\\\/cropped-cropped-logo-os-96x96.jpeg\",\"url\":\"https:\\\/\\\/oeilsportif.info\\\/wp-content\\\/uploads\\\/2025\\\/07\\\/cropped-cropped-logo-os-96x96.jpeg\",\"contentUrl\":\"https:\\\/\\\/oeilsportif.info\\\/wp-content\\\/uploads\\\/2025\\\/07\\\/cropped-cropped-logo-os-96x96.jpeg\",\"caption\":\"L'Equipe de la R\u00e9daction\"},\"url\":\"https:\\\/\\\/oeilsportif.info\\\/index.php\\\/author\\\/tawel\\\/\"}]}<\/script>\n<!-- \/ Yoast SEO plugin. -->","yoast_head_json":{"title":"Membres statutaires FGF : mieux vaut faire entendre raison au Conor que de vouloir engager un bras de fer ! (\u00c9dito) - le regard du sportif","robots":{"index":"index","follow":"follow","max-snippet":"max-snippet:-1","max-image-preview":"max-image-preview:large","max-video-preview":"max-video-preview:-1"},"canonical":"https:\/\/oeilsportif.info\/index.php\/membres-statutaires-fgf-mieux-vaut-faire-entendre-raison-au-conor-que-de-vouloir-engager-un-bras-de-fer-edito\/","og_locale":"fr_FR","og_type":"article","og_title":"Membres statutaires FGF : mieux vaut faire entendre raison au Conor que de vouloir engager un bras de fer ! (\u00c9dito) - le regard du sportif","og_description":"Comme nous enseigne cette expression \u00ab mieux vaut convaincre au lieu d\u2019employer la force \u00bb. Car, dit-on, la force n\u2019a jamais positivement r\u00e9solu un probl\u00e8me moins encore quoi qu\u2019il arrive n\u2019engendrera m\u00eame une alternative possible. H\u00e9las, elle ne fera qu\u2019empirer\u2026 D\u2019o\u00f9 l\u2019importance de savoir faire face \u00e0 une situation donn\u00e9e. Peu importe votre position qu\u2019elle [&hellip;]","og_url":"https:\/\/oeilsportif.info\/index.php\/membres-statutaires-fgf-mieux-vaut-faire-entendre-raison-au-conor-que-de-vouloir-engager-un-bras-de-fer-edito\/","og_site_name":"le regard du sportif","article_published_time":"2022-06-23T09:58:01+00:00","og_image":[{"width":720,"height":960,"url":"https:\/\/oeilsportif.info\/wp-content\/uploads\/2022\/06\/FB_IMG_1655978158605.jpg","type":"image\/jpeg"}],"author":"L'Equipe de la R\u00e9daction","twitter_misc":{"\u00c9crit par":"L'Equipe de la R\u00e9daction","Dur\u00e9e de lecture estim\u00e9e":"4 minutes"},"schema":{"@context":"https:\/\/schema.org","@graph":[{"@type":"Article","@id":"https:\/\/oeilsportif.info\/index.php\/membres-statutaires-fgf-mieux-vaut-faire-entendre-raison-au-conor-que-de-vouloir-engager-un-bras-de-fer-edito\/#article","isPartOf":{"@id":"https:\/\/oeilsportif.info\/index.php\/membres-statutaires-fgf-mieux-vaut-faire-entendre-raison-au-conor-que-de-vouloir-engager-un-bras-de-fer-edito\/"},"author":{"name":"L'Equipe de la R\u00e9daction","@id":"https:\/\/oeilsportif.info\/#\/schema\/person\/cfbded294aa6095f7d96608d7905e9a1"},"headline":"Membres statutaires FGF : mieux vaut faire entendre raison au Conor que de vouloir engager un bras de fer ! (\u00c9dito)","datePublished":"2022-06-23T09:58:01+00:00","mainEntityOfPage":{"@id":"https:\/\/oeilsportif.info\/index.php\/membres-statutaires-fgf-mieux-vaut-faire-entendre-raison-au-conor-que-de-vouloir-engager-un-bras-de-fer-edito\/"},"wordCount":872,"image":{"@id":"https:\/\/oeilsportif.info\/index.php\/membres-statutaires-fgf-mieux-vaut-faire-entendre-raison-au-conor-que-de-vouloir-engager-un-bras-de-fer-edito\/#primaryimage"},"thumbnailUrl":"https:\/\/i0.wp.com\/oeilsportif.info\/wp-content\/uploads\/2022\/06\/FB_IMG_1655978158605.jpg?fit=720%2C960&ssl=1","articleSection":["Football"],"inLanguage":"fr-FR"},{"@type":"WebPage","@id":"https:\/\/oeilsportif.info\/index.php\/membres-statutaires-fgf-mieux-vaut-faire-entendre-raison-au-conor-que-de-vouloir-engager-un-bras-de-fer-edito\/","url":"https:\/\/oeilsportif.info\/index.php\/membres-statutaires-fgf-mieux-vaut-faire-entendre-raison-au-conor-que-de-vouloir-engager-un-bras-de-fer-edito\/","name":"Membres statutaires FGF : mieux vaut faire entendre raison au Conor que de vouloir engager un bras de fer ! (\u00c9dito) - le regard du sportif","isPartOf":{"@id":"https:\/\/oeilsportif.info\/#website"},"primaryImageOfPage":{"@id":"https:\/\/oeilsportif.info\/index.php\/membres-statutaires-fgf-mieux-vaut-faire-entendre-raison-au-conor-que-de-vouloir-engager-un-bras-de-fer-edito\/#primaryimage"},"image":{"@id":"https:\/\/oeilsportif.info\/index.php\/membres-statutaires-fgf-mieux-vaut-faire-entendre-raison-au-conor-que-de-vouloir-engager-un-bras-de-fer-edito\/#primaryimage"},"thumbnailUrl":"https:\/\/i0.wp.com\/oeilsportif.info\/wp-content\/uploads\/2022\/06\/FB_IMG_1655978158605.jpg?fit=720%2C960&ssl=1","datePublished":"2022-06-23T09:58:01+00:00","author":{"@id":"https:\/\/oeilsportif.info\/#\/schema\/person\/cfbded294aa6095f7d96608d7905e9a1"},"inLanguage":"fr-FR","potentialAction":[{"@type":"ReadAction","target":["https:\/\/oeilsportif.info\/index.php\/membres-statutaires-fgf-mieux-vaut-faire-entendre-raison-au-conor-que-de-vouloir-engager-un-bras-de-fer-edito\/"]}]},{"@type":"ImageObject","inLanguage":"fr-FR","@id":"https:\/\/oeilsportif.info\/index.php\/membres-statutaires-fgf-mieux-vaut-faire-entendre-raison-au-conor-que-de-vouloir-engager-un-bras-de-fer-edito\/#primaryimage","url":"https:\/\/i0.wp.com\/oeilsportif.info\/wp-content\/uploads\/2022\/06\/FB_IMG_1655978158605.jpg?fit=720%2C960&ssl=1","contentUrl":"https:\/\/i0.wp.com\/oeilsportif.info\/wp-content\/uploads\/2022\/06\/FB_IMG_1655978158605.jpg?fit=720%2C960&ssl=1","width":720,"height":960},{"@type":"WebSite","@id":"https:\/\/oeilsportif.info\/#website","url":"https:\/\/oeilsportif.info\/","name":"le regard du sportif","description":"","potentialAction":[{"@type":"SearchAction","target":{"@type":"EntryPoint","urlTemplate":"https:\/\/oeilsportif.info\/?s={search_term_string}"},"query-input":{"@type":"PropertyValueSpecification","valueRequired":true,"valueName":"search_term_string"}}],"inLanguage":"fr-FR"},{"@type":"Person","@id":"https:\/\/oeilsportif.info\/#\/schema\/person\/cfbded294aa6095f7d96608d7905e9a1","name":"L'Equipe de la R\u00e9daction","image":{"@type":"ImageObject","inLanguage":"fr-FR","@id":"https:\/\/oeilsportif.info\/wp-content\/uploads\/2025\/07\/cropped-cropped-logo-os-96x96.jpeg","url":"https:\/\/oeilsportif.info\/wp-content\/uploads\/2025\/07\/cropped-cropped-logo-os-96x96.jpeg","contentUrl":"https:\/\/oeilsportif.info\/wp-content\/uploads\/2025\/07\/cropped-cropped-logo-os-96x96.jpeg","caption":"L'Equipe de la R\u00e9daction"},"url":"https:\/\/oeilsportif.info\/index.php\/author\/tawel\/"}]}},"jetpack_publicize_connections":[],"jetpack_featured_media_url":"https:\/\/i0.wp.com\/oeilsportif.info\/wp-content\/uploads\/2022\/06\/FB_IMG_1655978158605.jpg?fit=720%2C960&ssl=1","jetpack-related-posts":[],"jetpack_sharing_enabled":true,"jetpack_likes_enabled":true,"jetpack_shortlink":"https:\/\/wp.me\/pgFE77-h5","_links":{"self":[{"href":"https:\/\/oeilsportif.info\/index.php\/wp-json\/wp\/v2\/posts\/1059","targetHints":{"allow":["GET"]}}],"collection":[{"href":"https:\/\/oeilsportif.info\/index.php\/wp-json\/wp\/v2\/posts"}],"about":[{"href":"https:\/\/oeilsportif.info\/index.php\/wp-json\/wp\/v2\/types\/post"}],"author":[{"embeddable":true,"href":"https:\/\/oeilsportif.info\/index.php\/wp-json\/wp\/v2\/users\/2"}],"replies":[{"embeddable":true,"href":"https:\/\/oeilsportif.info\/index.php\/wp-json\/wp\/v2\/comments?post=1059"}],"version-history":[{"count":0,"href":"https:\/\/oeilsportif.info\/index.php\/wp-json\/wp\/v2\/posts\/1059\/revisions"}],"wp:featuredmedia":[{"embeddable":true,"href":"https:\/\/oeilsportif.info\/index.php\/wp-json\/wp\/v2\/media\/1060"}],"wp:attachment":[{"href":"https:\/\/oeilsportif.info\/index.php\/wp-json\/wp\/v2\/media?parent=1059"}],"wp:term":[{"taxonomy":"category","embeddable":true,"href":"https:\/\/oeilsportif.info\/index.php\/wp-json\/wp\/v2\/categories?post=1059"},{"taxonomy":"post_tag","embeddable":true,"href":"https:\/\/oeilsportif.info\/index.php\/wp-json\/wp\/v2\/tags?post=1059"}],"curies":[{"name":"wp","href":"https:\/\/api.w.org\/{rel}","templated":true}]}}