{"id":1055,"date":"2022-06-22T21:31:05","date_gmt":"2022-06-22T21:31:05","guid":{"rendered":"https:\/\/oeilsportif.info\/index.php\/?p=1055"},"modified":"2022-06-22T22:31:04","modified_gmt":"2022-06-22T22:31:04","slug":"ifra-dieng-president-delegue","status":"publish","type":"post","link":"https:\/\/oeilsportif.info\/index.php\/ifra-dieng-president-delegue\/","title":{"rendered":"Ifra Dieng  Pr\u00e9sident d\u00e9l\u00e9gu\u00e9 :   &lt;&gt;"},"content":{"rendered":"<p><strong>Apr\u00e8s sa prise de fonction mardi \u00e0 la suite de sa passation de service, le nouveau pr\u00e9sident d\u00e9l\u00e9gu\u00e9 du Hafia FC a rencontr\u00e9 le staff administratif et le staff technique de l&rsquo;\u00e9quipe premi\u00e8re et l&rsquo;\u00e9quipe r\u00e9serve du Hafia FC ce mercredi 22 juin 2022 au si\u00e8ge du club \u00e0 Nongo.<\/strong><\/p>\n<p>Apr\u00e8s les pr\u00e9sentations d&rsquo;usages, le pr\u00e9sident d\u00e9l\u00e9gu\u00e9 du Hafia FC est revenu sur sa connaissance large du football et sa proximit\u00e9 avec le Hafia FC o\u00f9 il a plusieurs amis. Et si je suis l\u00e0, le pr\u00e9sident KPC estime qu&rsquo;on peut apporter quelque chose au r\u00e9sultat a-t-il ajout\u00e9. Celui qui a quitt\u00e9 c&rsquo;est un fr\u00e8re, avant de poursuivre <strong>: &lt;&lt; Dans ma fa\u00e7on de faire, ce que je n&rsquo;aime pas, c&rsquo;est quand on se dit des choses qu&rsquo;on doit faire et qu&rsquo;\u00e0 l&rsquo;arriv\u00e9e, ce n&rsquo;est pas fait. Deuxi\u00e8mement, c&rsquo;est la sinc\u00e9rit\u00e9 dans le travail. C&rsquo;est \u00e0 dire faire ce qui doit \u00eatre fait, que de rapporter les gens (&#8230;). Il est clair, si on est pas uni en tant que responsables ou encadreurs cava se faire sentir sur le r\u00e9sultat de l&rsquo;\u00e9quipe. J&rsquo;ai appris que c&rsquo;est le management participatif qui r\u00e9ussit le mieux&#8230; Je compte sur vous, vous pouvez compter sur moi. On est des amis mais, que chacun fasse ce qu&rsquo;il doit faire. Je vous prie, soyons une \u00e9quipe. On est ouvert \u00e0 tous. Donnons nous la main, tout est li\u00e9 \u00e0 \u00e7a. Si on n&rsquo;est pas uni, on ira nulle part (&#8230;).<\/strong><\/p>\n<p><strong>S\u00e9kouna Camara<\/strong><\/p>\n","protected":false},"excerpt":{"rendered":"<p>Apr\u00e8s sa prise de fonction mardi \u00e0 la suite de sa passation de service, le nouveau pr\u00e9sident d\u00e9l\u00e9gu\u00e9 du Hafia FC a rencontr\u00e9 le staff administratif et le staff technique de l&rsquo;\u00e9quipe premi\u00e8re et l&rsquo;\u00e9quipe r\u00e9serve du Hafia FC ce mercredi 22 juin 2022 au si\u00e8ge du club \u00e0 Nongo. Apr\u00e8s les pr\u00e9sentations d&rsquo;usages, le [&hellip;]<\/p>\n","protected":false},"author":2,"featured_media":1056,"comment_status":"closed","ping_status":"open","sticky":false,"template":"","format":"standard","meta":{"_jetpack_memberships_contains_paid_content":false,"footnotes":"","jetpack_publicize_message":"","jetpack_publicize_feature_enabled":true,"jetpack_social_post_already_shared":true,"jetpack_social_options":{"image_generator_settings":{"template":"highway","default_image_id":0,"font":"","enabled":false},"version":2}},"categories":[5],"tags":[],"class_list":{"0":"post-1055","1":"post","2":"type-post","3":"status-publish","4":"format-standard","5":"has-post-thumbnail","7":"category-football"},"yoast_head":"<!-- This site is optimized with the Yoast SEO plugin v27.5 - https:\/\/yoast.com\/product\/yoast-seo-wordpress\/ -->\n<title>Ifra Dieng Pr\u00e9sident d\u00e9l\u00e9gu\u00e9 :  &lt;&gt; - le regard du sportif<\/title>\n<meta name=\"robots\" content=\"index, follow, max-snippet:-1, max-image-preview:large, max-video-preview:-1\" \/>\n<link rel=\"canonical\" href=\"https:\/\/oeilsportif.info\/index.php\/ifra-dieng-president-delegue\/\" \/>\n<meta property=\"og:locale\" content=\"fr_FR\" \/>\n<meta property=\"og:type\" content=\"article\" \/>\n<meta property=\"og:title\" content=\"Ifra Dieng Pr\u00e9sident d\u00e9l\u00e9gu\u00e9 :  &lt;&gt; - le regard du sportif\" \/>\n<meta property=\"og:description\" content=\"Apr\u00e8s sa prise de fonction mardi \u00e0 la suite de sa passation de service, le nouveau pr\u00e9sident d\u00e9l\u00e9gu\u00e9 du Hafia FC a rencontr\u00e9 le staff administratif et le staff technique de l&rsquo;\u00e9quipe premi\u00e8re et l&rsquo;\u00e9quipe r\u00e9serve du Hafia FC ce mercredi 22 juin 2022 au si\u00e8ge du club \u00e0 Nongo. Apr\u00e8s les pr\u00e9sentations d&rsquo;usages, le [&hellip;]\" \/>\n<meta property=\"og:url\" content=\"https:\/\/oeilsportif.info\/index.php\/ifra-dieng-president-delegue\/\" \/>\n<meta property=\"og:site_name\" content=\"le regard du sportif\" \/>\n<meta property=\"article:published_time\" content=\"2022-06-22T21:31:05+00:00\" \/>\n<meta property=\"article:modified_time\" content=\"2022-06-22T22:31:04+00:00\" \/>\n<meta property=\"og:image\" content=\"https:\/\/oeilsportif.info\/wp-content\/uploads\/2022\/06\/received_373019121480827.jpeg\" \/>\n\t<meta property=\"og:image:width\" content=\"1960\" \/>\n\t<meta property=\"og:image:height\" content=\"1407\" \/>\n\t<meta property=\"og:image:type\" content=\"image\/jpeg\" \/>\n<meta name=\"author\" content=\"L&#039;Equipe de la R\u00e9daction\" \/>\n<meta name=\"twitter:label1\" content=\"\u00c9crit par\" \/>\n\t<meta name=\"twitter:data1\" content=\"L&#039;Equipe de la R\u00e9daction\" \/>\n\t<meta name=\"twitter:label2\" content=\"Dur\u00e9e de lecture estim\u00e9e\" \/>\n\t<meta name=\"twitter:data2\" content=\"2 minutes\" \/>\n<script type=\"application\/ld+json\" class=\"yoast-schema-graph\">{\"@context\":\"https:\\\/\\\/schema.org\",\"@graph\":[{\"@type\":\"Article\",\"@id\":\"https:\\\/\\\/oeilsportif.info\\\/index.php\\\/ifra-dieng-president-delegue\\\/#article\",\"isPartOf\":{\"@id\":\"https:\\\/\\\/oeilsportif.info\\\/index.php\\\/ifra-dieng-president-delegue\\\/\"},\"author\":{\"name\":\"L'Equipe de la R\u00e9daction\",\"@id\":\"https:\\\/\\\/oeilsportif.info\\\/#\\\/schema\\\/person\\\/cfbded294aa6095f7d96608d7905e9a1\"},\"headline\":\"Ifra Dieng Pr\u00e9sident d\u00e9l\u00e9gu\u00e9 : &lt;&gt;\",\"datePublished\":\"2022-06-22T21:31:05+00:00\",\"dateModified\":\"2022-06-22T22:31:04+00:00\",\"mainEntityOfPage\":{\"@id\":\"https:\\\/\\\/oeilsportif.info\\\/index.php\\\/ifra-dieng-president-delegue\\\/\"},\"wordCount\":285,\"image\":{\"@id\":\"https:\\\/\\\/oeilsportif.info\\\/index.php\\\/ifra-dieng-president-delegue\\\/#primaryimage\"},\"thumbnailUrl\":\"https:\\\/\\\/i0.wp.com\\\/oeilsportif.info\\\/wp-content\\\/uploads\\\/2022\\\/06\\\/received_373019121480827.jpeg?fit=1960%2C1407&ssl=1\",\"articleSection\":[\"Football\"],\"inLanguage\":\"fr-FR\"},{\"@type\":\"WebPage\",\"@id\":\"https:\\\/\\\/oeilsportif.info\\\/index.php\\\/ifra-dieng-president-delegue\\\/\",\"url\":\"https:\\\/\\\/oeilsportif.info\\\/index.php\\\/ifra-dieng-president-delegue\\\/\",\"name\":\"Ifra Dieng Pr\u00e9sident d\u00e9l\u00e9gu\u00e9 : &lt;&gt; - le regard du sportif\",\"isPartOf\":{\"@id\":\"https:\\\/\\\/oeilsportif.info\\\/#website\"},\"primaryImageOfPage\":{\"@id\":\"https:\\\/\\\/oeilsportif.info\\\/index.php\\\/ifra-dieng-president-delegue\\\/#primaryimage\"},\"image\":{\"@id\":\"https:\\\/\\\/oeilsportif.info\\\/index.php\\\/ifra-dieng-president-delegue\\\/#primaryimage\"},\"thumbnailUrl\":\"https:\\\/\\\/i0.wp.com\\\/oeilsportif.info\\\/wp-content\\\/uploads\\\/2022\\\/06\\\/received_373019121480827.jpeg?fit=1960%2C1407&ssl=1\",\"datePublished\":\"2022-06-22T21:31:05+00:00\",\"dateModified\":\"2022-06-22T22:31:04+00:00\",\"author\":{\"@id\":\"https:\\\/\\\/oeilsportif.info\\\/#\\\/schema\\\/person\\\/cfbded294aa6095f7d96608d7905e9a1\"},\"inLanguage\":\"fr-FR\",\"potentialAction\":[{\"@type\":\"ReadAction\",\"target\":[\"https:\\\/\\\/oeilsportif.info\\\/index.php\\\/ifra-dieng-president-delegue\\\/\"]}]},{\"@type\":\"ImageObject\",\"inLanguage\":\"fr-FR\",\"@id\":\"https:\\\/\\\/oeilsportif.info\\\/index.php\\\/ifra-dieng-president-delegue\\\/#primaryimage\",\"url\":\"https:\\\/\\\/i0.wp.com\\\/oeilsportif.info\\\/wp-content\\\/uploads\\\/2022\\\/06\\\/received_373019121480827.jpeg?fit=1960%2C1407&ssl=1\",\"contentUrl\":\"https:\\\/\\\/i0.wp.com\\\/oeilsportif.info\\\/wp-content\\\/uploads\\\/2022\\\/06\\\/received_373019121480827.jpeg?fit=1960%2C1407&ssl=1\",\"width\":1960,\"height\":1407},{\"@type\":\"WebSite\",\"@id\":\"https:\\\/\\\/oeilsportif.info\\\/#website\",\"url\":\"https:\\\/\\\/oeilsportif.info\\\/\",\"name\":\"le regard du sportif\",\"description\":\"\",\"potentialAction\":[{\"@type\":\"SearchAction\",\"target\":{\"@type\":\"EntryPoint\",\"urlTemplate\":\"https:\\\/\\\/oeilsportif.info\\\/?s={search_term_string}\"},\"query-input\":{\"@type\":\"PropertyValueSpecification\",\"valueRequired\":true,\"valueName\":\"search_term_string\"}}],\"inLanguage\":\"fr-FR\"},{\"@type\":\"Person\",\"@id\":\"https:\\\/\\\/oeilsportif.info\\\/#\\\/schema\\\/person\\\/cfbded294aa6095f7d96608d7905e9a1\",\"name\":\"L'Equipe de la R\u00e9daction\",\"image\":{\"@type\":\"ImageObject\",\"inLanguage\":\"fr-FR\",\"@id\":\"https:\\\/\\\/oeilsportif.info\\\/wp-content\\\/uploads\\\/2025\\\/07\\\/cropped-cropped-logo-os-96x96.jpeg\",\"url\":\"https:\\\/\\\/oeilsportif.info\\\/wp-content\\\/uploads\\\/2025\\\/07\\\/cropped-cropped-logo-os-96x96.jpeg\",\"contentUrl\":\"https:\\\/\\\/oeilsportif.info\\\/wp-content\\\/uploads\\\/2025\\\/07\\\/cropped-cropped-logo-os-96x96.jpeg\",\"caption\":\"L'Equipe de la R\u00e9daction\"},\"url\":\"https:\\\/\\\/oeilsportif.info\\\/index.php\\\/author\\\/tawel\\\/\"}]}<\/script>\n<!-- \/ Yoast SEO plugin. -->","yoast_head_json":{"title":"Ifra Dieng Pr\u00e9sident d\u00e9l\u00e9gu\u00e9 :  &lt;&gt; - le regard du sportif","robots":{"index":"index","follow":"follow","max-snippet":"max-snippet:-1","max-image-preview":"max-image-preview:large","max-video-preview":"max-video-preview:-1"},"canonical":"https:\/\/oeilsportif.info\/index.php\/ifra-dieng-president-delegue\/","og_locale":"fr_FR","og_type":"article","og_title":"Ifra Dieng Pr\u00e9sident d\u00e9l\u00e9gu\u00e9 :  &lt;&gt; - le regard du sportif","og_description":"Apr\u00e8s sa prise de fonction mardi \u00e0 la suite de sa passation de service, le nouveau pr\u00e9sident d\u00e9l\u00e9gu\u00e9 du Hafia FC a rencontr\u00e9 le staff administratif et le staff technique de l&rsquo;\u00e9quipe premi\u00e8re et l&rsquo;\u00e9quipe r\u00e9serve du Hafia FC ce mercredi 22 juin 2022 au si\u00e8ge du club \u00e0 Nongo. Apr\u00e8s les pr\u00e9sentations d&rsquo;usages, le [&hellip;]","og_url":"https:\/\/oeilsportif.info\/index.php\/ifra-dieng-president-delegue\/","og_site_name":"le regard du sportif","article_published_time":"2022-06-22T21:31:05+00:00","article_modified_time":"2022-06-22T22:31:04+00:00","og_image":[{"width":1960,"height":1407,"url":"https:\/\/oeilsportif.info\/wp-content\/uploads\/2022\/06\/received_373019121480827.jpeg","type":"image\/jpeg"}],"author":"L'Equipe de la R\u00e9daction","twitter_misc":{"\u00c9crit par":"L'Equipe de la R\u00e9daction","Dur\u00e9e de lecture estim\u00e9e":"2 minutes"},"schema":{"@context":"https:\/\/schema.org","@graph":[{"@type":"Article","@id":"https:\/\/oeilsportif.info\/index.php\/ifra-dieng-president-delegue\/#article","isPartOf":{"@id":"https:\/\/oeilsportif.info\/index.php\/ifra-dieng-president-delegue\/"},"author":{"name":"L'Equipe de la R\u00e9daction","@id":"https:\/\/oeilsportif.info\/#\/schema\/person\/cfbded294aa6095f7d96608d7905e9a1"},"headline":"Ifra Dieng Pr\u00e9sident d\u00e9l\u00e9gu\u00e9 : &lt;&gt;","datePublished":"2022-06-22T21:31:05+00:00","dateModified":"2022-06-22T22:31:04+00:00","mainEntityOfPage":{"@id":"https:\/\/oeilsportif.info\/index.php\/ifra-dieng-president-delegue\/"},"wordCount":285,"image":{"@id":"https:\/\/oeilsportif.info\/index.php\/ifra-dieng-president-delegue\/#primaryimage"},"thumbnailUrl":"https:\/\/i0.wp.com\/oeilsportif.info\/wp-content\/uploads\/2022\/06\/received_373019121480827.jpeg?fit=1960%2C1407&ssl=1","articleSection":["Football"],"inLanguage":"fr-FR"},{"@type":"WebPage","@id":"https:\/\/oeilsportif.info\/index.php\/ifra-dieng-president-delegue\/","url":"https:\/\/oeilsportif.info\/index.php\/ifra-dieng-president-delegue\/","name":"Ifra Dieng Pr\u00e9sident d\u00e9l\u00e9gu\u00e9 : &lt;&gt; - le regard du sportif","isPartOf":{"@id":"https:\/\/oeilsportif.info\/#website"},"primaryImageOfPage":{"@id":"https:\/\/oeilsportif.info\/index.php\/ifra-dieng-president-delegue\/#primaryimage"},"image":{"@id":"https:\/\/oeilsportif.info\/index.php\/ifra-dieng-president-delegue\/#primaryimage"},"thumbnailUrl":"https:\/\/i0.wp.com\/oeilsportif.info\/wp-content\/uploads\/2022\/06\/received_373019121480827.jpeg?fit=1960%2C1407&ssl=1","datePublished":"2022-06-22T21:31:05+00:00","dateModified":"2022-06-22T22:31:04+00:00","author":{"@id":"https:\/\/oeilsportif.info\/#\/schema\/person\/cfbded294aa6095f7d96608d7905e9a1"},"inLanguage":"fr-FR","potentialAction":[{"@type":"ReadAction","target":["https:\/\/oeilsportif.info\/index.php\/ifra-dieng-president-delegue\/"]}]},{"@type":"ImageObject","inLanguage":"fr-FR","@id":"https:\/\/oeilsportif.info\/index.php\/ifra-dieng-president-delegue\/#primaryimage","url":"https:\/\/i0.wp.com\/oeilsportif.info\/wp-content\/uploads\/2022\/06\/received_373019121480827.jpeg?fit=1960%2C1407&ssl=1","contentUrl":"https:\/\/i0.wp.com\/oeilsportif.info\/wp-content\/uploads\/2022\/06\/received_373019121480827.jpeg?fit=1960%2C1407&ssl=1","width":1960,"height":1407},{"@type":"WebSite","@id":"https:\/\/oeilsportif.info\/#website","url":"https:\/\/oeilsportif.info\/","name":"le regard du sportif","description":"","potentialAction":[{"@type":"SearchAction","target":{"@type":"EntryPoint","urlTemplate":"https:\/\/oeilsportif.info\/?s={search_term_string}"},"query-input":{"@type":"PropertyValueSpecification","valueRequired":true,"valueName":"search_term_string"}}],"inLanguage":"fr-FR"},{"@type":"Person","@id":"https:\/\/oeilsportif.info\/#\/schema\/person\/cfbded294aa6095f7d96608d7905e9a1","name":"L'Equipe de la R\u00e9daction","image":{"@type":"ImageObject","inLanguage":"fr-FR","@id":"https:\/\/oeilsportif.info\/wp-content\/uploads\/2025\/07\/cropped-cropped-logo-os-96x96.jpeg","url":"https:\/\/oeilsportif.info\/wp-content\/uploads\/2025\/07\/cropped-cropped-logo-os-96x96.jpeg","contentUrl":"https:\/\/oeilsportif.info\/wp-content\/uploads\/2025\/07\/cropped-cropped-logo-os-96x96.jpeg","caption":"L'Equipe de la R\u00e9daction"},"url":"https:\/\/oeilsportif.info\/index.php\/author\/tawel\/"}]}},"jetpack_publicize_connections":[],"jetpack_featured_media_url":"https:\/\/i0.wp.com\/oeilsportif.info\/wp-content\/uploads\/2022\/06\/received_373019121480827.jpeg?fit=1960%2C1407&ssl=1","jetpack-related-posts":[],"jetpack_sharing_enabled":true,"jetpack_likes_enabled":true,"jetpack_shortlink":"https:\/\/wp.me\/pgFE77-h1","_links":{"self":[{"href":"https:\/\/oeilsportif.info\/index.php\/wp-json\/wp\/v2\/posts\/1055","targetHints":{"allow":["GET"]}}],"collection":[{"href":"https:\/\/oeilsportif.info\/index.php\/wp-json\/wp\/v2\/posts"}],"about":[{"href":"https:\/\/oeilsportif.info\/index.php\/wp-json\/wp\/v2\/types\/post"}],"author":[{"embeddable":true,"href":"https:\/\/oeilsportif.info\/index.php\/wp-json\/wp\/v2\/users\/2"}],"replies":[{"embeddable":true,"href":"https:\/\/oeilsportif.info\/index.php\/wp-json\/wp\/v2\/comments?post=1055"}],"version-history":[{"count":0,"href":"https:\/\/oeilsportif.info\/index.php\/wp-json\/wp\/v2\/posts\/1055\/revisions"}],"wp:featuredmedia":[{"embeddable":true,"href":"https:\/\/oeilsportif.info\/index.php\/wp-json\/wp\/v2\/media\/1056"}],"wp:attachment":[{"href":"https:\/\/oeilsportif.info\/index.php\/wp-json\/wp\/v2\/media?parent=1055"}],"wp:term":[{"taxonomy":"category","embeddable":true,"href":"https:\/\/oeilsportif.info\/index.php\/wp-json\/wp\/v2\/categories?post=1055"},{"taxonomy":"post_tag","embeddable":true,"href":"https:\/\/oeilsportif.info\/index.php\/wp-json\/wp\/v2\/tags?post=1055"}],"curies":[{"name":"wp","href":"https:\/\/api.w.org\/{rel}","templated":true}]}}