{"id":1049,"date":"2022-06-22T18:00:35","date_gmt":"2022-06-22T18:00:35","guid":{"rendered":"https:\/\/oeilsportif.info\/index.php\/?p=1049"},"modified":"2022-06-22T18:00:35","modified_gmt":"2022-06-22T18:00:35","slug":"mondial-u20-le-syli-junior-decroche-un-point-historique","status":"publish","type":"post","link":"https:\/\/oeilsportif.info\/index.php\/mondial-u20-le-syli-junior-decroche-un-point-historique\/","title":{"rendered":"Mondial U20 : le Syli Junior d\u00e9croche un point historique !"},"content":{"rendered":"<p><strong>Pour sa grande premi\u00e8re dans un championnat du monde, l\u2019\u00e9quipe f\u00e9minine Handball junior de la Guin\u00e9e a r\u00e9ussi \u00e0 d\u00e9crocher un point historique. Oppos\u00e9e \u00e0 l\u2019Iran, la Guin\u00e9e qui menait \u00e0 la pause a r\u00e9ussi \u00e0 obtenir un match nul au final (19-19).<\/strong><\/p>\n<p>D\u2019entr\u00e9e dans cette opposition tr\u00e8s plaisante, les filles de Jean Louis Leblond ont pris le devant. Tr\u00e8s entreprenant et en r\u00e9ussite, le Syli Junior a montr\u00e9 de belles choses offensivement et m\u00eame en d\u00e9fense. Gr\u00e2ce \u00e0 une envie de marquer de son empreinte sa toute premi\u00e8re sortie, les co\u00e9quipi\u00e8res de Sylla Yarie sont rentr\u00e9es aux vestiaires avec une avance de deux points (9-7).<\/p>\n<p>Au retour de la pause, les iraniennes men\u00e9es, ont commenc\u00e9 \u00e0 donner du fil \u00e0 retordre \u00e0 la d\u00e9fense guin\u00e9enne. En souffrance \u00e0 l\u2019entame de la seconde explication, les prot\u00e9g\u00e9es de Jean Louis Leblond ont prouv\u00e9 qu\u2019elles ont du r\u00e9pondant en r\u00e9pondant coup sur coup aux assauts iraniens. \u00c0 16-16 \u00e0 quelques minutes de la fin de la partie, guin\u00e9ennes et iraniennes ont r\u00e9ussi chacune \u00e0 inscrire trois points de plus. C\u2019est finalement sur un score de nul (19-19) que le coup de sifflet final a retentit.<\/p>\n<p>Un match nul qui refl\u00e8te l\u2019intensit\u00e9 que les deux \u00e9quipes ont mis dans cette opposition. \u00c0 l\u2019issue de cette belle rencontre, le Syli Handball Junior Dames d\u00e9croche un premier point historique dans un championnat du monde. Au compte de sa deuxi\u00e8me sortie, la Guin\u00e9e croisera le fer demain jeudi face \u00e0 la Su\u00e8de, une des \u00e9quipes favorites du tournoi.<\/p>\n<p><strong>FEGUIHAND\u00a0<\/strong><\/p>\n","protected":false},"excerpt":{"rendered":"<p>Pour sa grande premi\u00e8re dans un championnat du monde, l\u2019\u00e9quipe f\u00e9minine Handball junior de la Guin\u00e9e a r\u00e9ussi \u00e0 d\u00e9crocher un point historique. Oppos\u00e9e \u00e0 l\u2019Iran, la Guin\u00e9e qui menait \u00e0 la pause a r\u00e9ussi \u00e0 obtenir un match nul au final (19-19). D\u2019entr\u00e9e dans cette opposition tr\u00e8s plaisante, les filles de Jean Louis Leblond [&hellip;]<\/p>\n","protected":false},"author":2,"featured_media":1050,"comment_status":"closed","ping_status":"open","sticky":false,"template":"","format":"standard","meta":{"_jetpack_memberships_contains_paid_content":false,"footnotes":"","jetpack_publicize_message":"","jetpack_publicize_feature_enabled":true,"jetpack_social_post_already_shared":true,"jetpack_social_options":{"image_generator_settings":{"template":"highway","default_image_id":0,"font":"","enabled":false},"version":2}},"categories":[5],"tags":[],"class_list":{"0":"post-1049","1":"post","2":"type-post","3":"status-publish","4":"format-standard","5":"has-post-thumbnail","7":"category-football"},"yoast_head":"<!-- This site is optimized with the Yoast SEO plugin v27.5 - https:\/\/yoast.com\/product\/yoast-seo-wordpress\/ -->\n<title>Mondial U20 : le Syli Junior d\u00e9croche un point historique ! - le regard du sportif<\/title>\n<meta name=\"robots\" content=\"index, follow, max-snippet:-1, max-image-preview:large, max-video-preview:-1\" \/>\n<link rel=\"canonical\" href=\"https:\/\/oeilsportif.info\/index.php\/mondial-u20-le-syli-junior-decroche-un-point-historique\/\" \/>\n<meta property=\"og:locale\" content=\"fr_FR\" \/>\n<meta property=\"og:type\" content=\"article\" \/>\n<meta property=\"og:title\" content=\"Mondial U20 : le Syli Junior d\u00e9croche un point historique ! - le regard du sportif\" \/>\n<meta property=\"og:description\" content=\"Pour sa grande premi\u00e8re dans un championnat du monde, l\u2019\u00e9quipe f\u00e9minine Handball junior de la Guin\u00e9e a r\u00e9ussi \u00e0 d\u00e9crocher un point historique. Oppos\u00e9e \u00e0 l\u2019Iran, la Guin\u00e9e qui menait \u00e0 la pause a r\u00e9ussi \u00e0 obtenir un match nul au final (19-19). D\u2019entr\u00e9e dans cette opposition tr\u00e8s plaisante, les filles de Jean Louis Leblond [&hellip;]\" \/>\n<meta property=\"og:url\" content=\"https:\/\/oeilsportif.info\/index.php\/mondial-u20-le-syli-junior-decroche-un-point-historique\/\" \/>\n<meta property=\"og:site_name\" content=\"le regard du sportif\" \/>\n<meta property=\"article:published_time\" content=\"2022-06-22T18:00:35+00:00\" \/>\n<meta property=\"og:image\" content=\"https:\/\/oeilsportif.info\/wp-content\/uploads\/2022\/06\/FB_IMG_1655920507986.jpg\" \/>\n\t<meta property=\"og:image:width\" content=\"1080\" \/>\n\t<meta property=\"og:image:height\" content=\"1080\" \/>\n\t<meta property=\"og:image:type\" content=\"image\/jpeg\" \/>\n<meta name=\"author\" content=\"L&#039;Equipe de la R\u00e9daction\" \/>\n<meta name=\"twitter:label1\" content=\"\u00c9crit par\" \/>\n\t<meta name=\"twitter:data1\" content=\"L&#039;Equipe de la R\u00e9daction\" \/>\n\t<meta name=\"twitter:label2\" content=\"Dur\u00e9e de lecture estim\u00e9e\" \/>\n\t<meta name=\"twitter:data2\" content=\"2 minutes\" \/>\n<script type=\"application\/ld+json\" class=\"yoast-schema-graph\">{\"@context\":\"https:\\\/\\\/schema.org\",\"@graph\":[{\"@type\":\"Article\",\"@id\":\"https:\\\/\\\/oeilsportif.info\\\/index.php\\\/mondial-u20-le-syli-junior-decroche-un-point-historique\\\/#article\",\"isPartOf\":{\"@id\":\"https:\\\/\\\/oeilsportif.info\\\/index.php\\\/mondial-u20-le-syli-junior-decroche-un-point-historique\\\/\"},\"author\":{\"name\":\"L'Equipe de la R\u00e9daction\",\"@id\":\"https:\\\/\\\/oeilsportif.info\\\/#\\\/schema\\\/person\\\/cfbded294aa6095f7d96608d7905e9a1\"},\"headline\":\"Mondial U20 : le Syli Junior d\u00e9croche un point historique !\",\"datePublished\":\"2022-06-22T18:00:35+00:00\",\"mainEntityOfPage\":{\"@id\":\"https:\\\/\\\/oeilsportif.info\\\/index.php\\\/mondial-u20-le-syli-junior-decroche-un-point-historique\\\/\"},\"wordCount\":290,\"image\":{\"@id\":\"https:\\\/\\\/oeilsportif.info\\\/index.php\\\/mondial-u20-le-syli-junior-decroche-un-point-historique\\\/#primaryimage\"},\"thumbnailUrl\":\"https:\\\/\\\/i0.wp.com\\\/oeilsportif.info\\\/wp-content\\\/uploads\\\/2022\\\/06\\\/FB_IMG_1655920507986.jpg?fit=1080%2C1080&ssl=1\",\"articleSection\":[\"Football\"],\"inLanguage\":\"fr-FR\"},{\"@type\":\"WebPage\",\"@id\":\"https:\\\/\\\/oeilsportif.info\\\/index.php\\\/mondial-u20-le-syli-junior-decroche-un-point-historique\\\/\",\"url\":\"https:\\\/\\\/oeilsportif.info\\\/index.php\\\/mondial-u20-le-syli-junior-decroche-un-point-historique\\\/\",\"name\":\"Mondial U20 : le Syli Junior d\u00e9croche un point historique ! - le regard du sportif\",\"isPartOf\":{\"@id\":\"https:\\\/\\\/oeilsportif.info\\\/#website\"},\"primaryImageOfPage\":{\"@id\":\"https:\\\/\\\/oeilsportif.info\\\/index.php\\\/mondial-u20-le-syli-junior-decroche-un-point-historique\\\/#primaryimage\"},\"image\":{\"@id\":\"https:\\\/\\\/oeilsportif.info\\\/index.php\\\/mondial-u20-le-syli-junior-decroche-un-point-historique\\\/#primaryimage\"},\"thumbnailUrl\":\"https:\\\/\\\/i0.wp.com\\\/oeilsportif.info\\\/wp-content\\\/uploads\\\/2022\\\/06\\\/FB_IMG_1655920507986.jpg?fit=1080%2C1080&ssl=1\",\"datePublished\":\"2022-06-22T18:00:35+00:00\",\"author\":{\"@id\":\"https:\\\/\\\/oeilsportif.info\\\/#\\\/schema\\\/person\\\/cfbded294aa6095f7d96608d7905e9a1\"},\"inLanguage\":\"fr-FR\",\"potentialAction\":[{\"@type\":\"ReadAction\",\"target\":[\"https:\\\/\\\/oeilsportif.info\\\/index.php\\\/mondial-u20-le-syli-junior-decroche-un-point-historique\\\/\"]}]},{\"@type\":\"ImageObject\",\"inLanguage\":\"fr-FR\",\"@id\":\"https:\\\/\\\/oeilsportif.info\\\/index.php\\\/mondial-u20-le-syli-junior-decroche-un-point-historique\\\/#primaryimage\",\"url\":\"https:\\\/\\\/i0.wp.com\\\/oeilsportif.info\\\/wp-content\\\/uploads\\\/2022\\\/06\\\/FB_IMG_1655920507986.jpg?fit=1080%2C1080&ssl=1\",\"contentUrl\":\"https:\\\/\\\/i0.wp.com\\\/oeilsportif.info\\\/wp-content\\\/uploads\\\/2022\\\/06\\\/FB_IMG_1655920507986.jpg?fit=1080%2C1080&ssl=1\",\"width\":1080,\"height\":1080},{\"@type\":\"WebSite\",\"@id\":\"https:\\\/\\\/oeilsportif.info\\\/#website\",\"url\":\"https:\\\/\\\/oeilsportif.info\\\/\",\"name\":\"le regard du sportif\",\"description\":\"\",\"potentialAction\":[{\"@type\":\"SearchAction\",\"target\":{\"@type\":\"EntryPoint\",\"urlTemplate\":\"https:\\\/\\\/oeilsportif.info\\\/?s={search_term_string}\"},\"query-input\":{\"@type\":\"PropertyValueSpecification\",\"valueRequired\":true,\"valueName\":\"search_term_string\"}}],\"inLanguage\":\"fr-FR\"},{\"@type\":\"Person\",\"@id\":\"https:\\\/\\\/oeilsportif.info\\\/#\\\/schema\\\/person\\\/cfbded294aa6095f7d96608d7905e9a1\",\"name\":\"L'Equipe de la R\u00e9daction\",\"image\":{\"@type\":\"ImageObject\",\"inLanguage\":\"fr-FR\",\"@id\":\"https:\\\/\\\/oeilsportif.info\\\/wp-content\\\/uploads\\\/2025\\\/07\\\/cropped-cropped-logo-os-96x96.jpeg\",\"url\":\"https:\\\/\\\/oeilsportif.info\\\/wp-content\\\/uploads\\\/2025\\\/07\\\/cropped-cropped-logo-os-96x96.jpeg\",\"contentUrl\":\"https:\\\/\\\/oeilsportif.info\\\/wp-content\\\/uploads\\\/2025\\\/07\\\/cropped-cropped-logo-os-96x96.jpeg\",\"caption\":\"L'Equipe de la R\u00e9daction\"},\"url\":\"https:\\\/\\\/oeilsportif.info\\\/index.php\\\/author\\\/tawel\\\/\"}]}<\/script>\n<!-- \/ Yoast SEO plugin. -->","yoast_head_json":{"title":"Mondial U20 : le Syli Junior d\u00e9croche un point historique ! - le regard du sportif","robots":{"index":"index","follow":"follow","max-snippet":"max-snippet:-1","max-image-preview":"max-image-preview:large","max-video-preview":"max-video-preview:-1"},"canonical":"https:\/\/oeilsportif.info\/index.php\/mondial-u20-le-syli-junior-decroche-un-point-historique\/","og_locale":"fr_FR","og_type":"article","og_title":"Mondial U20 : le Syli Junior d\u00e9croche un point historique ! - le regard du sportif","og_description":"Pour sa grande premi\u00e8re dans un championnat du monde, l\u2019\u00e9quipe f\u00e9minine Handball junior de la Guin\u00e9e a r\u00e9ussi \u00e0 d\u00e9crocher un point historique. Oppos\u00e9e \u00e0 l\u2019Iran, la Guin\u00e9e qui menait \u00e0 la pause a r\u00e9ussi \u00e0 obtenir un match nul au final (19-19). D\u2019entr\u00e9e dans cette opposition tr\u00e8s plaisante, les filles de Jean Louis Leblond [&hellip;]","og_url":"https:\/\/oeilsportif.info\/index.php\/mondial-u20-le-syli-junior-decroche-un-point-historique\/","og_site_name":"le regard du sportif","article_published_time":"2022-06-22T18:00:35+00:00","og_image":[{"width":1080,"height":1080,"url":"https:\/\/oeilsportif.info\/wp-content\/uploads\/2022\/06\/FB_IMG_1655920507986.jpg","type":"image\/jpeg"}],"author":"L'Equipe de la R\u00e9daction","twitter_misc":{"\u00c9crit par":"L'Equipe de la R\u00e9daction","Dur\u00e9e de lecture estim\u00e9e":"2 minutes"},"schema":{"@context":"https:\/\/schema.org","@graph":[{"@type":"Article","@id":"https:\/\/oeilsportif.info\/index.php\/mondial-u20-le-syli-junior-decroche-un-point-historique\/#article","isPartOf":{"@id":"https:\/\/oeilsportif.info\/index.php\/mondial-u20-le-syli-junior-decroche-un-point-historique\/"},"author":{"name":"L'Equipe de la R\u00e9daction","@id":"https:\/\/oeilsportif.info\/#\/schema\/person\/cfbded294aa6095f7d96608d7905e9a1"},"headline":"Mondial U20 : le Syli Junior d\u00e9croche un point historique !","datePublished":"2022-06-22T18:00:35+00:00","mainEntityOfPage":{"@id":"https:\/\/oeilsportif.info\/index.php\/mondial-u20-le-syli-junior-decroche-un-point-historique\/"},"wordCount":290,"image":{"@id":"https:\/\/oeilsportif.info\/index.php\/mondial-u20-le-syli-junior-decroche-un-point-historique\/#primaryimage"},"thumbnailUrl":"https:\/\/i0.wp.com\/oeilsportif.info\/wp-content\/uploads\/2022\/06\/FB_IMG_1655920507986.jpg?fit=1080%2C1080&ssl=1","articleSection":["Football"],"inLanguage":"fr-FR"},{"@type":"WebPage","@id":"https:\/\/oeilsportif.info\/index.php\/mondial-u20-le-syli-junior-decroche-un-point-historique\/","url":"https:\/\/oeilsportif.info\/index.php\/mondial-u20-le-syli-junior-decroche-un-point-historique\/","name":"Mondial U20 : le Syli Junior d\u00e9croche un point historique ! - le regard du sportif","isPartOf":{"@id":"https:\/\/oeilsportif.info\/#website"},"primaryImageOfPage":{"@id":"https:\/\/oeilsportif.info\/index.php\/mondial-u20-le-syli-junior-decroche-un-point-historique\/#primaryimage"},"image":{"@id":"https:\/\/oeilsportif.info\/index.php\/mondial-u20-le-syli-junior-decroche-un-point-historique\/#primaryimage"},"thumbnailUrl":"https:\/\/i0.wp.com\/oeilsportif.info\/wp-content\/uploads\/2022\/06\/FB_IMG_1655920507986.jpg?fit=1080%2C1080&ssl=1","datePublished":"2022-06-22T18:00:35+00:00","author":{"@id":"https:\/\/oeilsportif.info\/#\/schema\/person\/cfbded294aa6095f7d96608d7905e9a1"},"inLanguage":"fr-FR","potentialAction":[{"@type":"ReadAction","target":["https:\/\/oeilsportif.info\/index.php\/mondial-u20-le-syli-junior-decroche-un-point-historique\/"]}]},{"@type":"ImageObject","inLanguage":"fr-FR","@id":"https:\/\/oeilsportif.info\/index.php\/mondial-u20-le-syli-junior-decroche-un-point-historique\/#primaryimage","url":"https:\/\/i0.wp.com\/oeilsportif.info\/wp-content\/uploads\/2022\/06\/FB_IMG_1655920507986.jpg?fit=1080%2C1080&ssl=1","contentUrl":"https:\/\/i0.wp.com\/oeilsportif.info\/wp-content\/uploads\/2022\/06\/FB_IMG_1655920507986.jpg?fit=1080%2C1080&ssl=1","width":1080,"height":1080},{"@type":"WebSite","@id":"https:\/\/oeilsportif.info\/#website","url":"https:\/\/oeilsportif.info\/","name":"le regard du sportif","description":"","potentialAction":[{"@type":"SearchAction","target":{"@type":"EntryPoint","urlTemplate":"https:\/\/oeilsportif.info\/?s={search_term_string}"},"query-input":{"@type":"PropertyValueSpecification","valueRequired":true,"valueName":"search_term_string"}}],"inLanguage":"fr-FR"},{"@type":"Person","@id":"https:\/\/oeilsportif.info\/#\/schema\/person\/cfbded294aa6095f7d96608d7905e9a1","name":"L'Equipe de la R\u00e9daction","image":{"@type":"ImageObject","inLanguage":"fr-FR","@id":"https:\/\/oeilsportif.info\/wp-content\/uploads\/2025\/07\/cropped-cropped-logo-os-96x96.jpeg","url":"https:\/\/oeilsportif.info\/wp-content\/uploads\/2025\/07\/cropped-cropped-logo-os-96x96.jpeg","contentUrl":"https:\/\/oeilsportif.info\/wp-content\/uploads\/2025\/07\/cropped-cropped-logo-os-96x96.jpeg","caption":"L'Equipe de la R\u00e9daction"},"url":"https:\/\/oeilsportif.info\/index.php\/author\/tawel\/"}]}},"jetpack_publicize_connections":[],"jetpack_featured_media_url":"https:\/\/i0.wp.com\/oeilsportif.info\/wp-content\/uploads\/2022\/06\/FB_IMG_1655920507986.jpg?fit=1080%2C1080&ssl=1","jetpack-related-posts":[],"jetpack_sharing_enabled":true,"jetpack_likes_enabled":true,"jetpack_shortlink":"https:\/\/wp.me\/pgFE77-gV","_links":{"self":[{"href":"https:\/\/oeilsportif.info\/index.php\/wp-json\/wp\/v2\/posts\/1049","targetHints":{"allow":["GET"]}}],"collection":[{"href":"https:\/\/oeilsportif.info\/index.php\/wp-json\/wp\/v2\/posts"}],"about":[{"href":"https:\/\/oeilsportif.info\/index.php\/wp-json\/wp\/v2\/types\/post"}],"author":[{"embeddable":true,"href":"https:\/\/oeilsportif.info\/index.php\/wp-json\/wp\/v2\/users\/2"}],"replies":[{"embeddable":true,"href":"https:\/\/oeilsportif.info\/index.php\/wp-json\/wp\/v2\/comments?post=1049"}],"version-history":[{"count":0,"href":"https:\/\/oeilsportif.info\/index.php\/wp-json\/wp\/v2\/posts\/1049\/revisions"}],"wp:featuredmedia":[{"embeddable":true,"href":"https:\/\/oeilsportif.info\/index.php\/wp-json\/wp\/v2\/media\/1050"}],"wp:attachment":[{"href":"https:\/\/oeilsportif.info\/index.php\/wp-json\/wp\/v2\/media?parent=1049"}],"wp:term":[{"taxonomy":"category","embeddable":true,"href":"https:\/\/oeilsportif.info\/index.php\/wp-json\/wp\/v2\/categories?post=1049"},{"taxonomy":"post_tag","embeddable":true,"href":"https:\/\/oeilsportif.info\/index.php\/wp-json\/wp\/v2\/tags?post=1049"}],"curies":[{"name":"wp","href":"https:\/\/api.w.org\/{rel}","templated":true}]}}