{"id":1040,"date":"2022-06-21T18:16:01","date_gmt":"2022-06-21T18:16:01","guid":{"rendered":"https:\/\/oeilsportif.info\/index.php\/?p=1040"},"modified":"2022-06-21T18:16:01","modified_gmt":"2022-06-21T18:16:01","slug":"can2023-pluie-inondations-en-cote-divoire-inquietude-sur-la-prochaine-can","status":"publish","type":"post","link":"https:\/\/oeilsportif.info\/index.php\/can2023-pluie-inondations-en-cote-divoire-inquietude-sur-la-prochaine-can\/","title":{"rendered":"CAN2023 : Pluie\/ Inondations en Cote d&rsquo;Ivoire: :Inquietude sur la prochaine CAN !"},"content":{"rendered":"<p><strong>Dans presque un an jour pour jour (du 23 juin au 23 juillet), la C\u00f4te d\u2019Ivoire accueillera la CAN 2023. Si l\u2019organisation de la comp\u00e9tition \u00e0 cette p\u00e9riode de l\u2019ann\u00e9e va limiter les conflits avec les clubs europ\u00e9ens, elle fait en revanche peser une vraie inqui\u00e9tude quant aux conditions m\u00e9t\u00e9orologiques<\/strong>.<\/p>\n<p>Les mois de juin-juillet correspondent en effet \u00e0 la saison des pluies au pays des El\u00e9phants, avec des pr\u00e9cipitations parfois diluviennes pendant 6 \u00e0 8 heures d\u2019affil\u00e9e\u2026<\/p>\n<p>Cela a encore \u00e9t\u00e9 le cas lundi lorsque des trombes d\u2019eau se sont abattues sur la capitale \u00e9conomique, entra\u00eenant l\u2019arr\u00eat du derby entre le Stade d\u2019Abidjan et l\u2019Africa Sports apr\u00e8s 24 minutes au Stade Robert Champroux. En parall\u00e8le, des vid\u00e9os circulent sur les r\u00e9seaux sociaux montrant ce mardi matin les principaux axes routiers d\u2019Abidjan compl\u00e8tement inond\u00e9s et inutilisables.<\/p>\n<p>Ces sc\u00e8nes sont forc\u00e9ment pr\u00e9occupantes \u00e0 un an de la CAN, mais la Conf\u00e9d\u00e9ration africaine de football (CAF) et les instances locales campent pour l\u2019heure sur leurs positions<\/p>\n<p>Un optimisme qui pour l&rsquo;instant contraste avec les images vues ces derni\u00e8res heures.<\/p>\n<p><strong>Avec AF !<\/strong><\/p>\n","protected":false},"excerpt":{"rendered":"<p>Dans presque un an jour pour jour (du 23 juin au 23 juillet), la C\u00f4te d\u2019Ivoire accueillera la CAN 2023. Si l\u2019organisation de la comp\u00e9tition \u00e0 cette p\u00e9riode de l\u2019ann\u00e9e va limiter les conflits avec les clubs europ\u00e9ens, elle fait en revanche peser une vraie inqui\u00e9tude quant aux conditions m\u00e9t\u00e9orologiques. Les mois de juin-juillet correspondent [&hellip;]<\/p>\n","protected":false},"author":2,"featured_media":1041,"comment_status":"closed","ping_status":"open","sticky":false,"template":"","format":"standard","meta":{"_jetpack_memberships_contains_paid_content":false,"footnotes":"","jetpack_publicize_message":"","jetpack_publicize_feature_enabled":true,"jetpack_social_post_already_shared":true,"jetpack_social_options":{"image_generator_settings":{"template":"highway","default_image_id":0,"font":"","enabled":false},"version":2}},"categories":[5],"tags":[],"class_list":{"0":"post-1040","1":"post","2":"type-post","3":"status-publish","4":"format-standard","5":"has-post-thumbnail","7":"category-football"},"yoast_head":"<!-- This site is optimized with the Yoast SEO plugin v27.5 - https:\/\/yoast.com\/product\/yoast-seo-wordpress\/ -->\n<title>CAN2023 : Pluie\/ Inondations en Cote d&#039;Ivoire: :Inquietude sur la prochaine CAN ! - le regard du sportif<\/title>\n<meta name=\"robots\" content=\"index, follow, max-snippet:-1, max-image-preview:large, max-video-preview:-1\" \/>\n<link rel=\"canonical\" href=\"https:\/\/oeilsportif.info\/index.php\/can2023-pluie-inondations-en-cote-divoire-inquietude-sur-la-prochaine-can\/\" \/>\n<meta property=\"og:locale\" content=\"fr_FR\" \/>\n<meta property=\"og:type\" content=\"article\" \/>\n<meta property=\"og:title\" content=\"CAN2023 : Pluie\/ Inondations en Cote d&#039;Ivoire: :Inquietude sur la prochaine CAN ! - le regard du sportif\" \/>\n<meta property=\"og:description\" content=\"Dans presque un an jour pour jour (du 23 juin au 23 juillet), la C\u00f4te d\u2019Ivoire accueillera la CAN 2023. Si l\u2019organisation de la comp\u00e9tition \u00e0 cette p\u00e9riode de l\u2019ann\u00e9e va limiter les conflits avec les clubs europ\u00e9ens, elle fait en revanche peser une vraie inqui\u00e9tude quant aux conditions m\u00e9t\u00e9orologiques. Les mois de juin-juillet correspondent [&hellip;]\" \/>\n<meta property=\"og:url\" content=\"https:\/\/oeilsportif.info\/index.php\/can2023-pluie-inondations-en-cote-divoire-inquietude-sur-la-prochaine-can\/\" \/>\n<meta property=\"og:site_name\" content=\"le regard du sportif\" \/>\n<meta property=\"article:published_time\" content=\"2022-06-21T18:16:01+00:00\" \/>\n<meta property=\"og:image\" content=\"https:\/\/oeilsportif.info\/wp-content\/uploads\/2022\/06\/FB_IMG_1655835193429.jpg\" \/>\n\t<meta property=\"og:image:width\" content=\"675\" \/>\n\t<meta property=\"og:image:height\" content=\"900\" \/>\n\t<meta property=\"og:image:type\" content=\"image\/jpeg\" \/>\n<meta name=\"author\" content=\"L&#039;Equipe de la R\u00e9daction\" \/>\n<meta name=\"twitter:label1\" content=\"\u00c9crit par\" \/>\n\t<meta name=\"twitter:data1\" content=\"L&#039;Equipe de la R\u00e9daction\" \/>\n\t<meta name=\"twitter:label2\" content=\"Dur\u00e9e de lecture estim\u00e9e\" \/>\n\t<meta name=\"twitter:data2\" content=\"1 minute\" \/>\n<script type=\"application\/ld+json\" class=\"yoast-schema-graph\">{\"@context\":\"https:\\\/\\\/schema.org\",\"@graph\":[{\"@type\":\"Article\",\"@id\":\"https:\\\/\\\/oeilsportif.info\\\/index.php\\\/can2023-pluie-inondations-en-cote-divoire-inquietude-sur-la-prochaine-can\\\/#article\",\"isPartOf\":{\"@id\":\"https:\\\/\\\/oeilsportif.info\\\/index.php\\\/can2023-pluie-inondations-en-cote-divoire-inquietude-sur-la-prochaine-can\\\/\"},\"author\":{\"name\":\"L'Equipe de la R\u00e9daction\",\"@id\":\"https:\\\/\\\/oeilsportif.info\\\/#\\\/schema\\\/person\\\/cfbded294aa6095f7d96608d7905e9a1\"},\"headline\":\"CAN2023 : Pluie\\\/ Inondations en Cote d&rsquo;Ivoire: :Inquietude sur la prochaine CAN !\",\"datePublished\":\"2022-06-21T18:16:01+00:00\",\"mainEntityOfPage\":{\"@id\":\"https:\\\/\\\/oeilsportif.info\\\/index.php\\\/can2023-pluie-inondations-en-cote-divoire-inquietude-sur-la-prochaine-can\\\/\"},\"wordCount\":216,\"image\":{\"@id\":\"https:\\\/\\\/oeilsportif.info\\\/index.php\\\/can2023-pluie-inondations-en-cote-divoire-inquietude-sur-la-prochaine-can\\\/#primaryimage\"},\"thumbnailUrl\":\"https:\\\/\\\/i0.wp.com\\\/oeilsportif.info\\\/wp-content\\\/uploads\\\/2022\\\/06\\\/FB_IMG_1655835193429.jpg?fit=675%2C900&ssl=1\",\"articleSection\":[\"Football\"],\"inLanguage\":\"fr-FR\"},{\"@type\":\"WebPage\",\"@id\":\"https:\\\/\\\/oeilsportif.info\\\/index.php\\\/can2023-pluie-inondations-en-cote-divoire-inquietude-sur-la-prochaine-can\\\/\",\"url\":\"https:\\\/\\\/oeilsportif.info\\\/index.php\\\/can2023-pluie-inondations-en-cote-divoire-inquietude-sur-la-prochaine-can\\\/\",\"name\":\"CAN2023 : Pluie\\\/ Inondations en Cote d'Ivoire: :Inquietude sur la prochaine CAN ! - le regard du sportif\",\"isPartOf\":{\"@id\":\"https:\\\/\\\/oeilsportif.info\\\/#website\"},\"primaryImageOfPage\":{\"@id\":\"https:\\\/\\\/oeilsportif.info\\\/index.php\\\/can2023-pluie-inondations-en-cote-divoire-inquietude-sur-la-prochaine-can\\\/#primaryimage\"},\"image\":{\"@id\":\"https:\\\/\\\/oeilsportif.info\\\/index.php\\\/can2023-pluie-inondations-en-cote-divoire-inquietude-sur-la-prochaine-can\\\/#primaryimage\"},\"thumbnailUrl\":\"https:\\\/\\\/i0.wp.com\\\/oeilsportif.info\\\/wp-content\\\/uploads\\\/2022\\\/06\\\/FB_IMG_1655835193429.jpg?fit=675%2C900&ssl=1\",\"datePublished\":\"2022-06-21T18:16:01+00:00\",\"author\":{\"@id\":\"https:\\\/\\\/oeilsportif.info\\\/#\\\/schema\\\/person\\\/cfbded294aa6095f7d96608d7905e9a1\"},\"inLanguage\":\"fr-FR\",\"potentialAction\":[{\"@type\":\"ReadAction\",\"target\":[\"https:\\\/\\\/oeilsportif.info\\\/index.php\\\/can2023-pluie-inondations-en-cote-divoire-inquietude-sur-la-prochaine-can\\\/\"]}]},{\"@type\":\"ImageObject\",\"inLanguage\":\"fr-FR\",\"@id\":\"https:\\\/\\\/oeilsportif.info\\\/index.php\\\/can2023-pluie-inondations-en-cote-divoire-inquietude-sur-la-prochaine-can\\\/#primaryimage\",\"url\":\"https:\\\/\\\/i0.wp.com\\\/oeilsportif.info\\\/wp-content\\\/uploads\\\/2022\\\/06\\\/FB_IMG_1655835193429.jpg?fit=675%2C900&ssl=1\",\"contentUrl\":\"https:\\\/\\\/i0.wp.com\\\/oeilsportif.info\\\/wp-content\\\/uploads\\\/2022\\\/06\\\/FB_IMG_1655835193429.jpg?fit=675%2C900&ssl=1\",\"width\":675,\"height\":900},{\"@type\":\"WebSite\",\"@id\":\"https:\\\/\\\/oeilsportif.info\\\/#website\",\"url\":\"https:\\\/\\\/oeilsportif.info\\\/\",\"name\":\"le regard du sportif\",\"description\":\"\",\"potentialAction\":[{\"@type\":\"SearchAction\",\"target\":{\"@type\":\"EntryPoint\",\"urlTemplate\":\"https:\\\/\\\/oeilsportif.info\\\/?s={search_term_string}\"},\"query-input\":{\"@type\":\"PropertyValueSpecification\",\"valueRequired\":true,\"valueName\":\"search_term_string\"}}],\"inLanguage\":\"fr-FR\"},{\"@type\":\"Person\",\"@id\":\"https:\\\/\\\/oeilsportif.info\\\/#\\\/schema\\\/person\\\/cfbded294aa6095f7d96608d7905e9a1\",\"name\":\"L'Equipe de la R\u00e9daction\",\"image\":{\"@type\":\"ImageObject\",\"inLanguage\":\"fr-FR\",\"@id\":\"https:\\\/\\\/oeilsportif.info\\\/wp-content\\\/uploads\\\/2025\\\/07\\\/cropped-cropped-logo-os-96x96.jpeg\",\"url\":\"https:\\\/\\\/oeilsportif.info\\\/wp-content\\\/uploads\\\/2025\\\/07\\\/cropped-cropped-logo-os-96x96.jpeg\",\"contentUrl\":\"https:\\\/\\\/oeilsportif.info\\\/wp-content\\\/uploads\\\/2025\\\/07\\\/cropped-cropped-logo-os-96x96.jpeg\",\"caption\":\"L'Equipe de la R\u00e9daction\"},\"url\":\"https:\\\/\\\/oeilsportif.info\\\/index.php\\\/author\\\/tawel\\\/\"}]}<\/script>\n<!-- \/ Yoast SEO plugin. -->","yoast_head_json":{"title":"CAN2023 : Pluie\/ Inondations en Cote d'Ivoire: :Inquietude sur la prochaine CAN ! - le regard du sportif","robots":{"index":"index","follow":"follow","max-snippet":"max-snippet:-1","max-image-preview":"max-image-preview:large","max-video-preview":"max-video-preview:-1"},"canonical":"https:\/\/oeilsportif.info\/index.php\/can2023-pluie-inondations-en-cote-divoire-inquietude-sur-la-prochaine-can\/","og_locale":"fr_FR","og_type":"article","og_title":"CAN2023 : Pluie\/ Inondations en Cote d'Ivoire: :Inquietude sur la prochaine CAN ! - le regard du sportif","og_description":"Dans presque un an jour pour jour (du 23 juin au 23 juillet), la C\u00f4te d\u2019Ivoire accueillera la CAN 2023. Si l\u2019organisation de la comp\u00e9tition \u00e0 cette p\u00e9riode de l\u2019ann\u00e9e va limiter les conflits avec les clubs europ\u00e9ens, elle fait en revanche peser une vraie inqui\u00e9tude quant aux conditions m\u00e9t\u00e9orologiques. Les mois de juin-juillet correspondent [&hellip;]","og_url":"https:\/\/oeilsportif.info\/index.php\/can2023-pluie-inondations-en-cote-divoire-inquietude-sur-la-prochaine-can\/","og_site_name":"le regard du sportif","article_published_time":"2022-06-21T18:16:01+00:00","og_image":[{"width":675,"height":900,"url":"https:\/\/oeilsportif.info\/wp-content\/uploads\/2022\/06\/FB_IMG_1655835193429.jpg","type":"image\/jpeg"}],"author":"L'Equipe de la R\u00e9daction","twitter_misc":{"\u00c9crit par":"L'Equipe de la R\u00e9daction","Dur\u00e9e de lecture estim\u00e9e":"1 minute"},"schema":{"@context":"https:\/\/schema.org","@graph":[{"@type":"Article","@id":"https:\/\/oeilsportif.info\/index.php\/can2023-pluie-inondations-en-cote-divoire-inquietude-sur-la-prochaine-can\/#article","isPartOf":{"@id":"https:\/\/oeilsportif.info\/index.php\/can2023-pluie-inondations-en-cote-divoire-inquietude-sur-la-prochaine-can\/"},"author":{"name":"L'Equipe de la R\u00e9daction","@id":"https:\/\/oeilsportif.info\/#\/schema\/person\/cfbded294aa6095f7d96608d7905e9a1"},"headline":"CAN2023 : Pluie\/ Inondations en Cote d&rsquo;Ivoire: :Inquietude sur la prochaine CAN !","datePublished":"2022-06-21T18:16:01+00:00","mainEntityOfPage":{"@id":"https:\/\/oeilsportif.info\/index.php\/can2023-pluie-inondations-en-cote-divoire-inquietude-sur-la-prochaine-can\/"},"wordCount":216,"image":{"@id":"https:\/\/oeilsportif.info\/index.php\/can2023-pluie-inondations-en-cote-divoire-inquietude-sur-la-prochaine-can\/#primaryimage"},"thumbnailUrl":"https:\/\/i0.wp.com\/oeilsportif.info\/wp-content\/uploads\/2022\/06\/FB_IMG_1655835193429.jpg?fit=675%2C900&ssl=1","articleSection":["Football"],"inLanguage":"fr-FR"},{"@type":"WebPage","@id":"https:\/\/oeilsportif.info\/index.php\/can2023-pluie-inondations-en-cote-divoire-inquietude-sur-la-prochaine-can\/","url":"https:\/\/oeilsportif.info\/index.php\/can2023-pluie-inondations-en-cote-divoire-inquietude-sur-la-prochaine-can\/","name":"CAN2023 : Pluie\/ Inondations en Cote d'Ivoire: :Inquietude sur la prochaine CAN ! - le regard du sportif","isPartOf":{"@id":"https:\/\/oeilsportif.info\/#website"},"primaryImageOfPage":{"@id":"https:\/\/oeilsportif.info\/index.php\/can2023-pluie-inondations-en-cote-divoire-inquietude-sur-la-prochaine-can\/#primaryimage"},"image":{"@id":"https:\/\/oeilsportif.info\/index.php\/can2023-pluie-inondations-en-cote-divoire-inquietude-sur-la-prochaine-can\/#primaryimage"},"thumbnailUrl":"https:\/\/i0.wp.com\/oeilsportif.info\/wp-content\/uploads\/2022\/06\/FB_IMG_1655835193429.jpg?fit=675%2C900&ssl=1","datePublished":"2022-06-21T18:16:01+00:00","author":{"@id":"https:\/\/oeilsportif.info\/#\/schema\/person\/cfbded294aa6095f7d96608d7905e9a1"},"inLanguage":"fr-FR","potentialAction":[{"@type":"ReadAction","target":["https:\/\/oeilsportif.info\/index.php\/can2023-pluie-inondations-en-cote-divoire-inquietude-sur-la-prochaine-can\/"]}]},{"@type":"ImageObject","inLanguage":"fr-FR","@id":"https:\/\/oeilsportif.info\/index.php\/can2023-pluie-inondations-en-cote-divoire-inquietude-sur-la-prochaine-can\/#primaryimage","url":"https:\/\/i0.wp.com\/oeilsportif.info\/wp-content\/uploads\/2022\/06\/FB_IMG_1655835193429.jpg?fit=675%2C900&ssl=1","contentUrl":"https:\/\/i0.wp.com\/oeilsportif.info\/wp-content\/uploads\/2022\/06\/FB_IMG_1655835193429.jpg?fit=675%2C900&ssl=1","width":675,"height":900},{"@type":"WebSite","@id":"https:\/\/oeilsportif.info\/#website","url":"https:\/\/oeilsportif.info\/","name":"le regard du sportif","description":"","potentialAction":[{"@type":"SearchAction","target":{"@type":"EntryPoint","urlTemplate":"https:\/\/oeilsportif.info\/?s={search_term_string}"},"query-input":{"@type":"PropertyValueSpecification","valueRequired":true,"valueName":"search_term_string"}}],"inLanguage":"fr-FR"},{"@type":"Person","@id":"https:\/\/oeilsportif.info\/#\/schema\/person\/cfbded294aa6095f7d96608d7905e9a1","name":"L'Equipe de la R\u00e9daction","image":{"@type":"ImageObject","inLanguage":"fr-FR","@id":"https:\/\/oeilsportif.info\/wp-content\/uploads\/2025\/07\/cropped-cropped-logo-os-96x96.jpeg","url":"https:\/\/oeilsportif.info\/wp-content\/uploads\/2025\/07\/cropped-cropped-logo-os-96x96.jpeg","contentUrl":"https:\/\/oeilsportif.info\/wp-content\/uploads\/2025\/07\/cropped-cropped-logo-os-96x96.jpeg","caption":"L'Equipe de la R\u00e9daction"},"url":"https:\/\/oeilsportif.info\/index.php\/author\/tawel\/"}]}},"jetpack_publicize_connections":[],"jetpack_featured_media_url":"https:\/\/i0.wp.com\/oeilsportif.info\/wp-content\/uploads\/2022\/06\/FB_IMG_1655835193429.jpg?fit=675%2C900&ssl=1","jetpack-related-posts":[],"jetpack_sharing_enabled":true,"jetpack_likes_enabled":true,"jetpack_shortlink":"https:\/\/wp.me\/pgFE77-gM","_links":{"self":[{"href":"https:\/\/oeilsportif.info\/index.php\/wp-json\/wp\/v2\/posts\/1040","targetHints":{"allow":["GET"]}}],"collection":[{"href":"https:\/\/oeilsportif.info\/index.php\/wp-json\/wp\/v2\/posts"}],"about":[{"href":"https:\/\/oeilsportif.info\/index.php\/wp-json\/wp\/v2\/types\/post"}],"author":[{"embeddable":true,"href":"https:\/\/oeilsportif.info\/index.php\/wp-json\/wp\/v2\/users\/2"}],"replies":[{"embeddable":true,"href":"https:\/\/oeilsportif.info\/index.php\/wp-json\/wp\/v2\/comments?post=1040"}],"version-history":[{"count":0,"href":"https:\/\/oeilsportif.info\/index.php\/wp-json\/wp\/v2\/posts\/1040\/revisions"}],"wp:featuredmedia":[{"embeddable":true,"href":"https:\/\/oeilsportif.info\/index.php\/wp-json\/wp\/v2\/media\/1041"}],"wp:attachment":[{"href":"https:\/\/oeilsportif.info\/index.php\/wp-json\/wp\/v2\/media?parent=1040"}],"wp:term":[{"taxonomy":"category","embeddable":true,"href":"https:\/\/oeilsportif.info\/index.php\/wp-json\/wp\/v2\/categories?post=1040"},{"taxonomy":"post_tag","embeddable":true,"href":"https:\/\/oeilsportif.info\/index.php\/wp-json\/wp\/v2\/tags?post=1040"}],"curies":[{"name":"wp","href":"https:\/\/api.w.org\/{rel}","templated":true}]}}