{"id":1034,"date":"2022-06-21T18:02:47","date_gmt":"2022-06-21T18:02:47","guid":{"rendered":"https:\/\/oeilsportif.info\/index.php\/?p=1034"},"modified":"2022-06-21T18:02:47","modified_gmt":"2022-06-21T18:02:47","slug":"mondial-u20-le-syli-handball-fait-sa-mise-en-place","status":"publish","type":"post","link":"https:\/\/oeilsportif.info\/index.php\/mondial-u20-le-syli-handball-fait-sa-mise-en-place\/","title":{"rendered":"Mondial U20 : Le Syli Handball fait sa mise en place !"},"content":{"rendered":"<p><strong>Le Championnat du Monde Fe\u0301minins Juniors de\u0301marre ce mercredi 22 juin 2022 en Slove\u0301nie, ou\u0300 se trouve le Syli Handball. A la veille de son match contre l\u2019Iran, l\u2019e\u0301quipe guine\u0301enne a effectue\u0301 sa mise en place dans la salle du gymnase de Rogaska Slatina.<\/strong><\/p>\n<p>Le coach Jean Louis Leblond et ses filles ont choisi l\u2019heure du match pour les derniers re\u0301glages avant le coup d\u2019envoi de cette compe\u0301tition qui connai\u0302tra la participation des meilleures nations de Handball chez les jeunes dames.<\/p>\n<p>Bintou Oulare\u0301 est de retour dans le groupe apre\u0300s des jours passe\u0301s a\u0300 l\u2019infirmerie. Elle a montre\u0301 de belles choses lors de l\u2019entrai\u0302nement collectif de ce mercredi matin.<\/p>\n<p>Une projection vide\u0301o des rencontres de l\u2019Iran est programme\u0301e ce soir a\u0300 l\u2019ho\u0302tel du Syli Handball en Slove\u0301nie.<\/p>\n<p>La de\u0301le\u0301gation guine\u0301enne est loge\u0301e au Grand Hotel Donat Superior.<\/p>\n<p><strong>Source : FEGUIHAND\u00a0<\/strong><\/p>\n","protected":false},"excerpt":{"rendered":"<p>Le Championnat du Monde Fe\u0301minins Juniors de\u0301marre ce mercredi 22 juin 2022 en Slove\u0301nie, ou\u0300 se trouve le Syli Handball. A la veille de son match contre l\u2019Iran, l\u2019e\u0301quipe guine\u0301enne a effectue\u0301 sa mise en place dans la salle du gymnase de Rogaska Slatina. Le coach Jean Louis Leblond et ses filles ont choisi l\u2019heure [&hellip;]<\/p>\n","protected":false},"author":2,"featured_media":1035,"comment_status":"closed","ping_status":"open","sticky":false,"template":"","format":"standard","meta":{"_jetpack_memberships_contains_paid_content":false,"footnotes":"","jetpack_publicize_message":"","jetpack_publicize_feature_enabled":true,"jetpack_social_post_already_shared":true,"jetpack_social_options":{"image_generator_settings":{"template":"highway","default_image_id":0,"font":"","enabled":false},"version":2}},"categories":[6],"tags":[],"class_list":{"0":"post-1034","1":"post","2":"type-post","3":"status-publish","4":"format-standard","5":"has-post-thumbnail","7":"category-handball"},"yoast_head":"<!-- This site is optimized with the Yoast SEO plugin v27.5 - https:\/\/yoast.com\/product\/yoast-seo-wordpress\/ -->\n<title>Mondial U20 : Le Syli Handball fait sa mise en place ! - le regard du sportif<\/title>\n<meta name=\"robots\" content=\"index, follow, max-snippet:-1, max-image-preview:large, max-video-preview:-1\" \/>\n<link rel=\"canonical\" href=\"https:\/\/oeilsportif.info\/index.php\/mondial-u20-le-syli-handball-fait-sa-mise-en-place\/\" \/>\n<meta property=\"og:locale\" content=\"fr_FR\" \/>\n<meta property=\"og:type\" content=\"article\" \/>\n<meta property=\"og:title\" content=\"Mondial U20 : Le Syli Handball fait sa mise en place ! - le regard du sportif\" \/>\n<meta property=\"og:description\" content=\"Le Championnat du Monde Fe\u0301minins Juniors de\u0301marre ce mercredi 22 juin 2022 en Slove\u0301nie, ou\u0300 se trouve le Syli Handball. A la veille de son match contre l\u2019Iran, l\u2019e\u0301quipe guine\u0301enne a effectue\u0301 sa mise en place dans la salle du gymnase de Rogaska Slatina. Le coach Jean Louis Leblond et ses filles ont choisi l\u2019heure [&hellip;]\" \/>\n<meta property=\"og:url\" content=\"https:\/\/oeilsportif.info\/index.php\/mondial-u20-le-syli-handball-fait-sa-mise-en-place\/\" \/>\n<meta property=\"og:site_name\" content=\"le regard du sportif\" \/>\n<meta property=\"article:published_time\" content=\"2022-06-21T18:02:47+00:00\" \/>\n<meta property=\"og:image\" content=\"https:\/\/oeilsportif.info\/wp-content\/uploads\/2022\/06\/FB_IMG_1655834462718.jpg\" \/>\n\t<meta property=\"og:image:width\" content=\"1080\" \/>\n\t<meta property=\"og:image:height\" content=\"808\" \/>\n\t<meta property=\"og:image:type\" content=\"image\/jpeg\" \/>\n<meta name=\"author\" content=\"L&#039;Equipe de la R\u00e9daction\" \/>\n<meta name=\"twitter:label1\" content=\"\u00c9crit par\" \/>\n\t<meta name=\"twitter:data1\" content=\"L&#039;Equipe de la R\u00e9daction\" \/>\n\t<meta name=\"twitter:label2\" content=\"Dur\u00e9e de lecture estim\u00e9e\" \/>\n\t<meta name=\"twitter:data2\" content=\"1 minute\" \/>\n<script type=\"application\/ld+json\" class=\"yoast-schema-graph\">{\"@context\":\"https:\\\/\\\/schema.org\",\"@graph\":[{\"@type\":\"Article\",\"@id\":\"https:\\\/\\\/oeilsportif.info\\\/index.php\\\/mondial-u20-le-syli-handball-fait-sa-mise-en-place\\\/#article\",\"isPartOf\":{\"@id\":\"https:\\\/\\\/oeilsportif.info\\\/index.php\\\/mondial-u20-le-syli-handball-fait-sa-mise-en-place\\\/\"},\"author\":{\"name\":\"L'Equipe de la R\u00e9daction\",\"@id\":\"https:\\\/\\\/oeilsportif.info\\\/#\\\/schema\\\/person\\\/cfbded294aa6095f7d96608d7905e9a1\"},\"headline\":\"Mondial U20 : Le Syli Handball fait sa mise en place !\",\"datePublished\":\"2022-06-21T18:02:47+00:00\",\"mainEntityOfPage\":{\"@id\":\"https:\\\/\\\/oeilsportif.info\\\/index.php\\\/mondial-u20-le-syli-handball-fait-sa-mise-en-place\\\/\"},\"wordCount\":174,\"image\":{\"@id\":\"https:\\\/\\\/oeilsportif.info\\\/index.php\\\/mondial-u20-le-syli-handball-fait-sa-mise-en-place\\\/#primaryimage\"},\"thumbnailUrl\":\"https:\\\/\\\/i0.wp.com\\\/oeilsportif.info\\\/wp-content\\\/uploads\\\/2022\\\/06\\\/FB_IMG_1655834462718.jpg?fit=1080%2C808&ssl=1\",\"articleSection\":[\"Handball\"],\"inLanguage\":\"fr-FR\"},{\"@type\":\"WebPage\",\"@id\":\"https:\\\/\\\/oeilsportif.info\\\/index.php\\\/mondial-u20-le-syli-handball-fait-sa-mise-en-place\\\/\",\"url\":\"https:\\\/\\\/oeilsportif.info\\\/index.php\\\/mondial-u20-le-syli-handball-fait-sa-mise-en-place\\\/\",\"name\":\"Mondial U20 : Le Syli Handball fait sa mise en place ! - le regard du sportif\",\"isPartOf\":{\"@id\":\"https:\\\/\\\/oeilsportif.info\\\/#website\"},\"primaryImageOfPage\":{\"@id\":\"https:\\\/\\\/oeilsportif.info\\\/index.php\\\/mondial-u20-le-syli-handball-fait-sa-mise-en-place\\\/#primaryimage\"},\"image\":{\"@id\":\"https:\\\/\\\/oeilsportif.info\\\/index.php\\\/mondial-u20-le-syli-handball-fait-sa-mise-en-place\\\/#primaryimage\"},\"thumbnailUrl\":\"https:\\\/\\\/i0.wp.com\\\/oeilsportif.info\\\/wp-content\\\/uploads\\\/2022\\\/06\\\/FB_IMG_1655834462718.jpg?fit=1080%2C808&ssl=1\",\"datePublished\":\"2022-06-21T18:02:47+00:00\",\"author\":{\"@id\":\"https:\\\/\\\/oeilsportif.info\\\/#\\\/schema\\\/person\\\/cfbded294aa6095f7d96608d7905e9a1\"},\"inLanguage\":\"fr-FR\",\"potentialAction\":[{\"@type\":\"ReadAction\",\"target\":[\"https:\\\/\\\/oeilsportif.info\\\/index.php\\\/mondial-u20-le-syli-handball-fait-sa-mise-en-place\\\/\"]}]},{\"@type\":\"ImageObject\",\"inLanguage\":\"fr-FR\",\"@id\":\"https:\\\/\\\/oeilsportif.info\\\/index.php\\\/mondial-u20-le-syli-handball-fait-sa-mise-en-place\\\/#primaryimage\",\"url\":\"https:\\\/\\\/i0.wp.com\\\/oeilsportif.info\\\/wp-content\\\/uploads\\\/2022\\\/06\\\/FB_IMG_1655834462718.jpg?fit=1080%2C808&ssl=1\",\"contentUrl\":\"https:\\\/\\\/i0.wp.com\\\/oeilsportif.info\\\/wp-content\\\/uploads\\\/2022\\\/06\\\/FB_IMG_1655834462718.jpg?fit=1080%2C808&ssl=1\",\"width\":1080,\"height\":808},{\"@type\":\"WebSite\",\"@id\":\"https:\\\/\\\/oeilsportif.info\\\/#website\",\"url\":\"https:\\\/\\\/oeilsportif.info\\\/\",\"name\":\"le regard du sportif\",\"description\":\"\",\"potentialAction\":[{\"@type\":\"SearchAction\",\"target\":{\"@type\":\"EntryPoint\",\"urlTemplate\":\"https:\\\/\\\/oeilsportif.info\\\/?s={search_term_string}\"},\"query-input\":{\"@type\":\"PropertyValueSpecification\",\"valueRequired\":true,\"valueName\":\"search_term_string\"}}],\"inLanguage\":\"fr-FR\"},{\"@type\":\"Person\",\"@id\":\"https:\\\/\\\/oeilsportif.info\\\/#\\\/schema\\\/person\\\/cfbded294aa6095f7d96608d7905e9a1\",\"name\":\"L'Equipe de la R\u00e9daction\",\"image\":{\"@type\":\"ImageObject\",\"inLanguage\":\"fr-FR\",\"@id\":\"https:\\\/\\\/oeilsportif.info\\\/wp-content\\\/uploads\\\/2025\\\/07\\\/cropped-cropped-logo-os-96x96.jpeg\",\"url\":\"https:\\\/\\\/oeilsportif.info\\\/wp-content\\\/uploads\\\/2025\\\/07\\\/cropped-cropped-logo-os-96x96.jpeg\",\"contentUrl\":\"https:\\\/\\\/oeilsportif.info\\\/wp-content\\\/uploads\\\/2025\\\/07\\\/cropped-cropped-logo-os-96x96.jpeg\",\"caption\":\"L'Equipe de la R\u00e9daction\"},\"url\":\"https:\\\/\\\/oeilsportif.info\\\/index.php\\\/author\\\/tawel\\\/\"}]}<\/script>\n<!-- \/ Yoast SEO plugin. -->","yoast_head_json":{"title":"Mondial U20 : Le Syli Handball fait sa mise en place ! - le regard du sportif","robots":{"index":"index","follow":"follow","max-snippet":"max-snippet:-1","max-image-preview":"max-image-preview:large","max-video-preview":"max-video-preview:-1"},"canonical":"https:\/\/oeilsportif.info\/index.php\/mondial-u20-le-syli-handball-fait-sa-mise-en-place\/","og_locale":"fr_FR","og_type":"article","og_title":"Mondial U20 : Le Syli Handball fait sa mise en place ! - le regard du sportif","og_description":"Le Championnat du Monde Fe\u0301minins Juniors de\u0301marre ce mercredi 22 juin 2022 en Slove\u0301nie, ou\u0300 se trouve le Syli Handball. A la veille de son match contre l\u2019Iran, l\u2019e\u0301quipe guine\u0301enne a effectue\u0301 sa mise en place dans la salle du gymnase de Rogaska Slatina. Le coach Jean Louis Leblond et ses filles ont choisi l\u2019heure [&hellip;]","og_url":"https:\/\/oeilsportif.info\/index.php\/mondial-u20-le-syli-handball-fait-sa-mise-en-place\/","og_site_name":"le regard du sportif","article_published_time":"2022-06-21T18:02:47+00:00","og_image":[{"width":1080,"height":808,"url":"https:\/\/oeilsportif.info\/wp-content\/uploads\/2022\/06\/FB_IMG_1655834462718.jpg","type":"image\/jpeg"}],"author":"L'Equipe de la R\u00e9daction","twitter_misc":{"\u00c9crit par":"L'Equipe de la R\u00e9daction","Dur\u00e9e de lecture estim\u00e9e":"1 minute"},"schema":{"@context":"https:\/\/schema.org","@graph":[{"@type":"Article","@id":"https:\/\/oeilsportif.info\/index.php\/mondial-u20-le-syli-handball-fait-sa-mise-en-place\/#article","isPartOf":{"@id":"https:\/\/oeilsportif.info\/index.php\/mondial-u20-le-syli-handball-fait-sa-mise-en-place\/"},"author":{"name":"L'Equipe de la R\u00e9daction","@id":"https:\/\/oeilsportif.info\/#\/schema\/person\/cfbded294aa6095f7d96608d7905e9a1"},"headline":"Mondial U20 : Le Syli Handball fait sa mise en place !","datePublished":"2022-06-21T18:02:47+00:00","mainEntityOfPage":{"@id":"https:\/\/oeilsportif.info\/index.php\/mondial-u20-le-syli-handball-fait-sa-mise-en-place\/"},"wordCount":174,"image":{"@id":"https:\/\/oeilsportif.info\/index.php\/mondial-u20-le-syli-handball-fait-sa-mise-en-place\/#primaryimage"},"thumbnailUrl":"https:\/\/i0.wp.com\/oeilsportif.info\/wp-content\/uploads\/2022\/06\/FB_IMG_1655834462718.jpg?fit=1080%2C808&ssl=1","articleSection":["Handball"],"inLanguage":"fr-FR"},{"@type":"WebPage","@id":"https:\/\/oeilsportif.info\/index.php\/mondial-u20-le-syli-handball-fait-sa-mise-en-place\/","url":"https:\/\/oeilsportif.info\/index.php\/mondial-u20-le-syli-handball-fait-sa-mise-en-place\/","name":"Mondial U20 : Le Syli Handball fait sa mise en place ! - le regard du sportif","isPartOf":{"@id":"https:\/\/oeilsportif.info\/#website"},"primaryImageOfPage":{"@id":"https:\/\/oeilsportif.info\/index.php\/mondial-u20-le-syli-handball-fait-sa-mise-en-place\/#primaryimage"},"image":{"@id":"https:\/\/oeilsportif.info\/index.php\/mondial-u20-le-syli-handball-fait-sa-mise-en-place\/#primaryimage"},"thumbnailUrl":"https:\/\/i0.wp.com\/oeilsportif.info\/wp-content\/uploads\/2022\/06\/FB_IMG_1655834462718.jpg?fit=1080%2C808&ssl=1","datePublished":"2022-06-21T18:02:47+00:00","author":{"@id":"https:\/\/oeilsportif.info\/#\/schema\/person\/cfbded294aa6095f7d96608d7905e9a1"},"inLanguage":"fr-FR","potentialAction":[{"@type":"ReadAction","target":["https:\/\/oeilsportif.info\/index.php\/mondial-u20-le-syli-handball-fait-sa-mise-en-place\/"]}]},{"@type":"ImageObject","inLanguage":"fr-FR","@id":"https:\/\/oeilsportif.info\/index.php\/mondial-u20-le-syli-handball-fait-sa-mise-en-place\/#primaryimage","url":"https:\/\/i0.wp.com\/oeilsportif.info\/wp-content\/uploads\/2022\/06\/FB_IMG_1655834462718.jpg?fit=1080%2C808&ssl=1","contentUrl":"https:\/\/i0.wp.com\/oeilsportif.info\/wp-content\/uploads\/2022\/06\/FB_IMG_1655834462718.jpg?fit=1080%2C808&ssl=1","width":1080,"height":808},{"@type":"WebSite","@id":"https:\/\/oeilsportif.info\/#website","url":"https:\/\/oeilsportif.info\/","name":"le regard du sportif","description":"","potentialAction":[{"@type":"SearchAction","target":{"@type":"EntryPoint","urlTemplate":"https:\/\/oeilsportif.info\/?s={search_term_string}"},"query-input":{"@type":"PropertyValueSpecification","valueRequired":true,"valueName":"search_term_string"}}],"inLanguage":"fr-FR"},{"@type":"Person","@id":"https:\/\/oeilsportif.info\/#\/schema\/person\/cfbded294aa6095f7d96608d7905e9a1","name":"L'Equipe de la R\u00e9daction","image":{"@type":"ImageObject","inLanguage":"fr-FR","@id":"https:\/\/oeilsportif.info\/wp-content\/uploads\/2025\/07\/cropped-cropped-logo-os-96x96.jpeg","url":"https:\/\/oeilsportif.info\/wp-content\/uploads\/2025\/07\/cropped-cropped-logo-os-96x96.jpeg","contentUrl":"https:\/\/oeilsportif.info\/wp-content\/uploads\/2025\/07\/cropped-cropped-logo-os-96x96.jpeg","caption":"L'Equipe de la R\u00e9daction"},"url":"https:\/\/oeilsportif.info\/index.php\/author\/tawel\/"}]}},"jetpack_publicize_connections":[],"jetpack_featured_media_url":"https:\/\/i0.wp.com\/oeilsportif.info\/wp-content\/uploads\/2022\/06\/FB_IMG_1655834462718.jpg?fit=1080%2C808&ssl=1","jetpack-related-posts":[],"jetpack_sharing_enabled":true,"jetpack_likes_enabled":true,"jetpack_shortlink":"https:\/\/wp.me\/pgFE77-gG","_links":{"self":[{"href":"https:\/\/oeilsportif.info\/index.php\/wp-json\/wp\/v2\/posts\/1034","targetHints":{"allow":["GET"]}}],"collection":[{"href":"https:\/\/oeilsportif.info\/index.php\/wp-json\/wp\/v2\/posts"}],"about":[{"href":"https:\/\/oeilsportif.info\/index.php\/wp-json\/wp\/v2\/types\/post"}],"author":[{"embeddable":true,"href":"https:\/\/oeilsportif.info\/index.php\/wp-json\/wp\/v2\/users\/2"}],"replies":[{"embeddable":true,"href":"https:\/\/oeilsportif.info\/index.php\/wp-json\/wp\/v2\/comments?post=1034"}],"version-history":[{"count":0,"href":"https:\/\/oeilsportif.info\/index.php\/wp-json\/wp\/v2\/posts\/1034\/revisions"}],"wp:featuredmedia":[{"embeddable":true,"href":"https:\/\/oeilsportif.info\/index.php\/wp-json\/wp\/v2\/media\/1035"}],"wp:attachment":[{"href":"https:\/\/oeilsportif.info\/index.php\/wp-json\/wp\/v2\/media?parent=1034"}],"wp:term":[{"taxonomy":"category","embeddable":true,"href":"https:\/\/oeilsportif.info\/index.php\/wp-json\/wp\/v2\/categories?post=1034"},{"taxonomy":"post_tag","embeddable":true,"href":"https:\/\/oeilsportif.info\/index.php\/wp-json\/wp\/v2\/tags?post=1034"}],"curies":[{"name":"wp","href":"https:\/\/api.w.org\/{rel}","templated":true}]}}