{"id":1028,"date":"2022-06-20T20:45:53","date_gmt":"2022-06-20T20:45:53","guid":{"rendered":"https:\/\/oeilsportif.info\/index.php\/?p=1028"},"modified":"2022-06-20T20:45:53","modified_gmt":"2022-06-20T20:45:53","slug":"rumeur-mercato-haller-pour-remplacer-haaland-a-dortmund","status":"publish","type":"post","link":"https:\/\/oeilsportif.info\/index.php\/rumeur-mercato-haller-pour-remplacer-haaland-a-dortmund\/","title":{"rendered":"Rumeur Mercato : Haller pour remplacer Haaland \u00e0 Dortmund !"},"content":{"rendered":"<p>Selon la presse n\u00e9erlandaise, le Borussia Dortmund aurait fait une premi\u00e8re offre \u00e0 hauteur de 33 M\u20ac pour s\u2019attacher les services de l\u2019attaquant ivoirien S\u00e9bastien Haller.<br \/>\nPour palier le d\u00e9part de Erling Haaland partie \u00e0 Manchester city, le BVB songerait de recruter l&rsquo;international Ivoirien de l&rsquo;Ajax Amsterdam.<\/p>\n<p>Ses performances avec le club amstellodamois cette saison auraient \u00e9videmment \u00e9t\u00e9 remarqu\u00e9es par le BVB .<\/p>\n<p><strong>Thierno Yaya Diallo<\/strong><\/p>\n","protected":false},"excerpt":{"rendered":"<p>Selon la presse n\u00e9erlandaise, le Borussia Dortmund aurait fait une premi\u00e8re offre \u00e0 hauteur de 33 M\u20ac pour s\u2019attacher les services de l\u2019attaquant ivoirien S\u00e9bastien Haller. Pour palier le d\u00e9part de Erling Haaland partie \u00e0 Manchester city, le BVB songerait de recruter l&rsquo;international Ivoirien de l&rsquo;Ajax Amsterdam. Ses performances avec le club amstellodamois cette saison [&hellip;]<\/p>\n","protected":false},"author":2,"featured_media":1029,"comment_status":"closed","ping_status":"open","sticky":false,"template":"","format":"standard","meta":{"_jetpack_memberships_contains_paid_content":false,"footnotes":"","jetpack_publicize_message":"","jetpack_publicize_feature_enabled":true,"jetpack_social_post_already_shared":true,"jetpack_social_options":{"image_generator_settings":{"template":"highway","default_image_id":0,"font":"","enabled":false},"version":2}},"categories":[5],"tags":[],"class_list":{"0":"post-1028","1":"post","2":"type-post","3":"status-publish","4":"format-standard","5":"has-post-thumbnail","7":"category-football"},"yoast_head":"<!-- This site is optimized with the Yoast SEO plugin v27.5 - https:\/\/yoast.com\/product\/yoast-seo-wordpress\/ -->\n<title>Rumeur Mercato : Haller pour remplacer Haaland \u00e0 Dortmund ! - le regard du sportif<\/title>\n<meta name=\"robots\" content=\"index, follow, max-snippet:-1, max-image-preview:large, max-video-preview:-1\" \/>\n<link rel=\"canonical\" href=\"https:\/\/oeilsportif.info\/index.php\/rumeur-mercato-haller-pour-remplacer-haaland-a-dortmund\/\" \/>\n<meta property=\"og:locale\" content=\"fr_FR\" \/>\n<meta property=\"og:type\" content=\"article\" \/>\n<meta property=\"og:title\" content=\"Rumeur Mercato : Haller pour remplacer Haaland \u00e0 Dortmund ! - le regard du sportif\" \/>\n<meta property=\"og:description\" content=\"Selon la presse n\u00e9erlandaise, le Borussia Dortmund aurait fait une premi\u00e8re offre \u00e0 hauteur de 33 M\u20ac pour s\u2019attacher les services de l\u2019attaquant ivoirien S\u00e9bastien Haller. Pour palier le d\u00e9part de Erling Haaland partie \u00e0 Manchester city, le BVB songerait de recruter l&rsquo;international Ivoirien de l&rsquo;Ajax Amsterdam. Ses performances avec le club amstellodamois cette saison [&hellip;]\" \/>\n<meta property=\"og:url\" content=\"https:\/\/oeilsportif.info\/index.php\/rumeur-mercato-haller-pour-remplacer-haaland-a-dortmund\/\" \/>\n<meta property=\"og:site_name\" content=\"le regard du sportif\" \/>\n<meta property=\"article:published_time\" content=\"2022-06-20T20:45:53+00:00\" \/>\n<meta property=\"og:image\" content=\"https:\/\/oeilsportif.info\/wp-content\/uploads\/2022\/06\/received_3323227807921799.jpeg\" \/>\n\t<meta property=\"og:image:width\" content=\"750\" \/>\n\t<meta property=\"og:image:height\" content=\"500\" \/>\n\t<meta property=\"og:image:type\" content=\"image\/jpeg\" \/>\n<meta name=\"author\" content=\"L&#039;Equipe de la R\u00e9daction\" \/>\n<meta name=\"twitter:label1\" content=\"\u00c9crit par\" \/>\n\t<meta name=\"twitter:data1\" content=\"L&#039;Equipe de la R\u00e9daction\" \/>\n\t<meta name=\"twitter:label2\" content=\"Dur\u00e9e de lecture estim\u00e9e\" \/>\n\t<meta name=\"twitter:data2\" content=\"1 minute\" \/>\n<script type=\"application\/ld+json\" class=\"yoast-schema-graph\">{\"@context\":\"https:\\\/\\\/schema.org\",\"@graph\":[{\"@type\":\"Article\",\"@id\":\"https:\\\/\\\/oeilsportif.info\\\/index.php\\\/rumeur-mercato-haller-pour-remplacer-haaland-a-dortmund\\\/#article\",\"isPartOf\":{\"@id\":\"https:\\\/\\\/oeilsportif.info\\\/index.php\\\/rumeur-mercato-haller-pour-remplacer-haaland-a-dortmund\\\/\"},\"author\":{\"name\":\"L'Equipe de la R\u00e9daction\",\"@id\":\"https:\\\/\\\/oeilsportif.info\\\/#\\\/schema\\\/person\\\/cfbded294aa6095f7d96608d7905e9a1\"},\"headline\":\"Rumeur Mercato : Haller pour remplacer Haaland \u00e0 Dortmund !\",\"datePublished\":\"2022-06-20T20:45:53+00:00\",\"mainEntityOfPage\":{\"@id\":\"https:\\\/\\\/oeilsportif.info\\\/index.php\\\/rumeur-mercato-haller-pour-remplacer-haaland-a-dortmund\\\/\"},\"wordCount\":78,\"image\":{\"@id\":\"https:\\\/\\\/oeilsportif.info\\\/index.php\\\/rumeur-mercato-haller-pour-remplacer-haaland-a-dortmund\\\/#primaryimage\"},\"thumbnailUrl\":\"https:\\\/\\\/i0.wp.com\\\/oeilsportif.info\\\/wp-content\\\/uploads\\\/2022\\\/06\\\/received_3323227807921799.jpeg?fit=750%2C500&ssl=1\",\"articleSection\":[\"Football\"],\"inLanguage\":\"fr-FR\"},{\"@type\":\"WebPage\",\"@id\":\"https:\\\/\\\/oeilsportif.info\\\/index.php\\\/rumeur-mercato-haller-pour-remplacer-haaland-a-dortmund\\\/\",\"url\":\"https:\\\/\\\/oeilsportif.info\\\/index.php\\\/rumeur-mercato-haller-pour-remplacer-haaland-a-dortmund\\\/\",\"name\":\"Rumeur Mercato : Haller pour remplacer Haaland \u00e0 Dortmund ! - le regard du sportif\",\"isPartOf\":{\"@id\":\"https:\\\/\\\/oeilsportif.info\\\/#website\"},\"primaryImageOfPage\":{\"@id\":\"https:\\\/\\\/oeilsportif.info\\\/index.php\\\/rumeur-mercato-haller-pour-remplacer-haaland-a-dortmund\\\/#primaryimage\"},\"image\":{\"@id\":\"https:\\\/\\\/oeilsportif.info\\\/index.php\\\/rumeur-mercato-haller-pour-remplacer-haaland-a-dortmund\\\/#primaryimage\"},\"thumbnailUrl\":\"https:\\\/\\\/i0.wp.com\\\/oeilsportif.info\\\/wp-content\\\/uploads\\\/2022\\\/06\\\/received_3323227807921799.jpeg?fit=750%2C500&ssl=1\",\"datePublished\":\"2022-06-20T20:45:53+00:00\",\"author\":{\"@id\":\"https:\\\/\\\/oeilsportif.info\\\/#\\\/schema\\\/person\\\/cfbded294aa6095f7d96608d7905e9a1\"},\"inLanguage\":\"fr-FR\",\"potentialAction\":[{\"@type\":\"ReadAction\",\"target\":[\"https:\\\/\\\/oeilsportif.info\\\/index.php\\\/rumeur-mercato-haller-pour-remplacer-haaland-a-dortmund\\\/\"]}]},{\"@type\":\"ImageObject\",\"inLanguage\":\"fr-FR\",\"@id\":\"https:\\\/\\\/oeilsportif.info\\\/index.php\\\/rumeur-mercato-haller-pour-remplacer-haaland-a-dortmund\\\/#primaryimage\",\"url\":\"https:\\\/\\\/i0.wp.com\\\/oeilsportif.info\\\/wp-content\\\/uploads\\\/2022\\\/06\\\/received_3323227807921799.jpeg?fit=750%2C500&ssl=1\",\"contentUrl\":\"https:\\\/\\\/i0.wp.com\\\/oeilsportif.info\\\/wp-content\\\/uploads\\\/2022\\\/06\\\/received_3323227807921799.jpeg?fit=750%2C500&ssl=1\",\"width\":750,\"height\":500},{\"@type\":\"WebSite\",\"@id\":\"https:\\\/\\\/oeilsportif.info\\\/#website\",\"url\":\"https:\\\/\\\/oeilsportif.info\\\/\",\"name\":\"le regard du sportif\",\"description\":\"\",\"potentialAction\":[{\"@type\":\"SearchAction\",\"target\":{\"@type\":\"EntryPoint\",\"urlTemplate\":\"https:\\\/\\\/oeilsportif.info\\\/?s={search_term_string}\"},\"query-input\":{\"@type\":\"PropertyValueSpecification\",\"valueRequired\":true,\"valueName\":\"search_term_string\"}}],\"inLanguage\":\"fr-FR\"},{\"@type\":\"Person\",\"@id\":\"https:\\\/\\\/oeilsportif.info\\\/#\\\/schema\\\/person\\\/cfbded294aa6095f7d96608d7905e9a1\",\"name\":\"L'Equipe de la R\u00e9daction\",\"image\":{\"@type\":\"ImageObject\",\"inLanguage\":\"fr-FR\",\"@id\":\"https:\\\/\\\/oeilsportif.info\\\/wp-content\\\/uploads\\\/2025\\\/07\\\/cropped-cropped-logo-os-96x96.jpeg\",\"url\":\"https:\\\/\\\/oeilsportif.info\\\/wp-content\\\/uploads\\\/2025\\\/07\\\/cropped-cropped-logo-os-96x96.jpeg\",\"contentUrl\":\"https:\\\/\\\/oeilsportif.info\\\/wp-content\\\/uploads\\\/2025\\\/07\\\/cropped-cropped-logo-os-96x96.jpeg\",\"caption\":\"L'Equipe de la R\u00e9daction\"},\"url\":\"https:\\\/\\\/oeilsportif.info\\\/index.php\\\/author\\\/tawel\\\/\"}]}<\/script>\n<!-- \/ Yoast SEO plugin. -->","yoast_head_json":{"title":"Rumeur Mercato : Haller pour remplacer Haaland \u00e0 Dortmund ! - le regard du sportif","robots":{"index":"index","follow":"follow","max-snippet":"max-snippet:-1","max-image-preview":"max-image-preview:large","max-video-preview":"max-video-preview:-1"},"canonical":"https:\/\/oeilsportif.info\/index.php\/rumeur-mercato-haller-pour-remplacer-haaland-a-dortmund\/","og_locale":"fr_FR","og_type":"article","og_title":"Rumeur Mercato : Haller pour remplacer Haaland \u00e0 Dortmund ! - le regard du sportif","og_description":"Selon la presse n\u00e9erlandaise, le Borussia Dortmund aurait fait une premi\u00e8re offre \u00e0 hauteur de 33 M\u20ac pour s\u2019attacher les services de l\u2019attaquant ivoirien S\u00e9bastien Haller. Pour palier le d\u00e9part de Erling Haaland partie \u00e0 Manchester city, le BVB songerait de recruter l&rsquo;international Ivoirien de l&rsquo;Ajax Amsterdam. Ses performances avec le club amstellodamois cette saison [&hellip;]","og_url":"https:\/\/oeilsportif.info\/index.php\/rumeur-mercato-haller-pour-remplacer-haaland-a-dortmund\/","og_site_name":"le regard du sportif","article_published_time":"2022-06-20T20:45:53+00:00","og_image":[{"width":750,"height":500,"url":"https:\/\/oeilsportif.info\/wp-content\/uploads\/2022\/06\/received_3323227807921799.jpeg","type":"image\/jpeg"}],"author":"L'Equipe de la R\u00e9daction","twitter_misc":{"\u00c9crit par":"L'Equipe de la R\u00e9daction","Dur\u00e9e de lecture estim\u00e9e":"1 minute"},"schema":{"@context":"https:\/\/schema.org","@graph":[{"@type":"Article","@id":"https:\/\/oeilsportif.info\/index.php\/rumeur-mercato-haller-pour-remplacer-haaland-a-dortmund\/#article","isPartOf":{"@id":"https:\/\/oeilsportif.info\/index.php\/rumeur-mercato-haller-pour-remplacer-haaland-a-dortmund\/"},"author":{"name":"L'Equipe de la R\u00e9daction","@id":"https:\/\/oeilsportif.info\/#\/schema\/person\/cfbded294aa6095f7d96608d7905e9a1"},"headline":"Rumeur Mercato : Haller pour remplacer Haaland \u00e0 Dortmund !","datePublished":"2022-06-20T20:45:53+00:00","mainEntityOfPage":{"@id":"https:\/\/oeilsportif.info\/index.php\/rumeur-mercato-haller-pour-remplacer-haaland-a-dortmund\/"},"wordCount":78,"image":{"@id":"https:\/\/oeilsportif.info\/index.php\/rumeur-mercato-haller-pour-remplacer-haaland-a-dortmund\/#primaryimage"},"thumbnailUrl":"https:\/\/i0.wp.com\/oeilsportif.info\/wp-content\/uploads\/2022\/06\/received_3323227807921799.jpeg?fit=750%2C500&ssl=1","articleSection":["Football"],"inLanguage":"fr-FR"},{"@type":"WebPage","@id":"https:\/\/oeilsportif.info\/index.php\/rumeur-mercato-haller-pour-remplacer-haaland-a-dortmund\/","url":"https:\/\/oeilsportif.info\/index.php\/rumeur-mercato-haller-pour-remplacer-haaland-a-dortmund\/","name":"Rumeur Mercato : Haller pour remplacer Haaland \u00e0 Dortmund ! - le regard du sportif","isPartOf":{"@id":"https:\/\/oeilsportif.info\/#website"},"primaryImageOfPage":{"@id":"https:\/\/oeilsportif.info\/index.php\/rumeur-mercato-haller-pour-remplacer-haaland-a-dortmund\/#primaryimage"},"image":{"@id":"https:\/\/oeilsportif.info\/index.php\/rumeur-mercato-haller-pour-remplacer-haaland-a-dortmund\/#primaryimage"},"thumbnailUrl":"https:\/\/i0.wp.com\/oeilsportif.info\/wp-content\/uploads\/2022\/06\/received_3323227807921799.jpeg?fit=750%2C500&ssl=1","datePublished":"2022-06-20T20:45:53+00:00","author":{"@id":"https:\/\/oeilsportif.info\/#\/schema\/person\/cfbded294aa6095f7d96608d7905e9a1"},"inLanguage":"fr-FR","potentialAction":[{"@type":"ReadAction","target":["https:\/\/oeilsportif.info\/index.php\/rumeur-mercato-haller-pour-remplacer-haaland-a-dortmund\/"]}]},{"@type":"ImageObject","inLanguage":"fr-FR","@id":"https:\/\/oeilsportif.info\/index.php\/rumeur-mercato-haller-pour-remplacer-haaland-a-dortmund\/#primaryimage","url":"https:\/\/i0.wp.com\/oeilsportif.info\/wp-content\/uploads\/2022\/06\/received_3323227807921799.jpeg?fit=750%2C500&ssl=1","contentUrl":"https:\/\/i0.wp.com\/oeilsportif.info\/wp-content\/uploads\/2022\/06\/received_3323227807921799.jpeg?fit=750%2C500&ssl=1","width":750,"height":500},{"@type":"WebSite","@id":"https:\/\/oeilsportif.info\/#website","url":"https:\/\/oeilsportif.info\/","name":"le regard du sportif","description":"","potentialAction":[{"@type":"SearchAction","target":{"@type":"EntryPoint","urlTemplate":"https:\/\/oeilsportif.info\/?s={search_term_string}"},"query-input":{"@type":"PropertyValueSpecification","valueRequired":true,"valueName":"search_term_string"}}],"inLanguage":"fr-FR"},{"@type":"Person","@id":"https:\/\/oeilsportif.info\/#\/schema\/person\/cfbded294aa6095f7d96608d7905e9a1","name":"L'Equipe de la R\u00e9daction","image":{"@type":"ImageObject","inLanguage":"fr-FR","@id":"https:\/\/oeilsportif.info\/wp-content\/uploads\/2025\/07\/cropped-cropped-logo-os-96x96.jpeg","url":"https:\/\/oeilsportif.info\/wp-content\/uploads\/2025\/07\/cropped-cropped-logo-os-96x96.jpeg","contentUrl":"https:\/\/oeilsportif.info\/wp-content\/uploads\/2025\/07\/cropped-cropped-logo-os-96x96.jpeg","caption":"L'Equipe de la R\u00e9daction"},"url":"https:\/\/oeilsportif.info\/index.php\/author\/tawel\/"}]}},"jetpack_publicize_connections":[],"jetpack_featured_media_url":"https:\/\/i0.wp.com\/oeilsportif.info\/wp-content\/uploads\/2022\/06\/received_3323227807921799.jpeg?fit=750%2C500&ssl=1","jetpack-related-posts":[],"jetpack_sharing_enabled":true,"jetpack_likes_enabled":true,"jetpack_shortlink":"https:\/\/wp.me\/pgFE77-gA","_links":{"self":[{"href":"https:\/\/oeilsportif.info\/index.php\/wp-json\/wp\/v2\/posts\/1028","targetHints":{"allow":["GET"]}}],"collection":[{"href":"https:\/\/oeilsportif.info\/index.php\/wp-json\/wp\/v2\/posts"}],"about":[{"href":"https:\/\/oeilsportif.info\/index.php\/wp-json\/wp\/v2\/types\/post"}],"author":[{"embeddable":true,"href":"https:\/\/oeilsportif.info\/index.php\/wp-json\/wp\/v2\/users\/2"}],"replies":[{"embeddable":true,"href":"https:\/\/oeilsportif.info\/index.php\/wp-json\/wp\/v2\/comments?post=1028"}],"version-history":[{"count":0,"href":"https:\/\/oeilsportif.info\/index.php\/wp-json\/wp\/v2\/posts\/1028\/revisions"}],"wp:featuredmedia":[{"embeddable":true,"href":"https:\/\/oeilsportif.info\/index.php\/wp-json\/wp\/v2\/media\/1029"}],"wp:attachment":[{"href":"https:\/\/oeilsportif.info\/index.php\/wp-json\/wp\/v2\/media?parent=1028"}],"wp:term":[{"taxonomy":"category","embeddable":true,"href":"https:\/\/oeilsportif.info\/index.php\/wp-json\/wp\/v2\/categories?post=1028"},{"taxonomy":"post_tag","embeddable":true,"href":"https:\/\/oeilsportif.info\/index.php\/wp-json\/wp\/v2\/tags?post=1028"}],"curies":[{"name":"wp","href":"https:\/\/api.w.org\/{rel}","templated":true}]}}