{"id":1025,"date":"2022-06-20T20:36:14","date_gmt":"2022-06-20T20:36:14","guid":{"rendered":"https:\/\/oeilsportif.info\/index.php\/?p=1025"},"modified":"2022-06-20T20:36:14","modified_gmt":"2022-06-20T20:36:14","slug":"as-roma-le-guineen-amadou-diawara-exclu-de-la-pre-saison","status":"publish","type":"post","link":"https:\/\/oeilsportif.info\/index.php\/as-roma-le-guineen-amadou-diawara-exclu-de-la-pre-saison\/","title":{"rendered":"AS Roma : le guin\u00e9en Amadou Diawara exclu de la pr\u00e9-saison !"},"content":{"rendered":"<p><strong>Le milieu de terrain de la Roma Amadou Diawara a \u00e9t\u00e9 conseill\u00e9 par le club de la capitale de se trouver une nouvelle \u00e9quipe apr\u00e8s que le joueur ait rejet\u00e9 plusieurs offres plus t\u00f4t en janvier.<\/strong><\/p>\n<p>Le Corriere dello Sport rapporte que les Giallorossi, dirig\u00e9s par Jos\u00e9 Mourinho, pr\u00e9voient d&rsquo;exclure Diawara de l&rsquo;entra\u00eenement de pr\u00e9-saison. Le jeune homme de 24 ans a r\u00e9cemment chang\u00e9 d&rsquo;agent, son entourage actuel s&rsquo;est vu confier la t\u00e2che d&rsquo;\u00e9loigner Diawara de la capitale italienne.<\/p>\n<p>La Roma ne le consid\u00e8re pas comme faisant partie du projet du club et sa vente reste l&rsquo;une des principales priorit\u00e9s du club pour l&rsquo;\u00e9t\u00e9.<\/p>\n<p><strong>Thierno Yaya Diallo<\/strong><\/p>\n","protected":false},"excerpt":{"rendered":"<p>Le milieu de terrain de la Roma Amadou Diawara a \u00e9t\u00e9 conseill\u00e9 par le club de la capitale de se trouver une nouvelle \u00e9quipe apr\u00e8s que le joueur ait rejet\u00e9 plusieurs offres plus t\u00f4t en janvier. Le Corriere dello Sport rapporte que les Giallorossi, dirig\u00e9s par Jos\u00e9 Mourinho, pr\u00e9voient d&rsquo;exclure Diawara de l&rsquo;entra\u00eenement de pr\u00e9-saison. [&hellip;]<\/p>\n","protected":false},"author":2,"featured_media":1026,"comment_status":"closed","ping_status":"open","sticky":false,"template":"","format":"standard","meta":{"_jetpack_memberships_contains_paid_content":false,"footnotes":"","jetpack_publicize_message":"","jetpack_publicize_feature_enabled":true,"jetpack_social_post_already_shared":true,"jetpack_social_options":{"image_generator_settings":{"template":"highway","default_image_id":0,"font":"","enabled":false},"version":2}},"categories":[5],"tags":[],"class_list":{"0":"post-1025","1":"post","2":"type-post","3":"status-publish","4":"format-standard","5":"has-post-thumbnail","7":"category-football"},"yoast_head":"<!-- This site is optimized with the Yoast SEO plugin v27.5 - https:\/\/yoast.com\/product\/yoast-seo-wordpress\/ -->\n<title>AS Roma : le guin\u00e9en Amadou Diawara exclu de la pr\u00e9-saison ! - le regard du sportif<\/title>\n<meta name=\"robots\" content=\"index, follow, max-snippet:-1, max-image-preview:large, max-video-preview:-1\" \/>\n<link rel=\"canonical\" href=\"https:\/\/oeilsportif.info\/index.php\/as-roma-le-guineen-amadou-diawara-exclu-de-la-pre-saison\/\" \/>\n<meta property=\"og:locale\" content=\"fr_FR\" \/>\n<meta property=\"og:type\" content=\"article\" \/>\n<meta property=\"og:title\" content=\"AS Roma : le guin\u00e9en Amadou Diawara exclu de la pr\u00e9-saison ! - le regard du sportif\" \/>\n<meta property=\"og:description\" content=\"Le milieu de terrain de la Roma Amadou Diawara a \u00e9t\u00e9 conseill\u00e9 par le club de la capitale de se trouver une nouvelle \u00e9quipe apr\u00e8s que le joueur ait rejet\u00e9 plusieurs offres plus t\u00f4t en janvier. Le Corriere dello Sport rapporte que les Giallorossi, dirig\u00e9s par Jos\u00e9 Mourinho, pr\u00e9voient d&rsquo;exclure Diawara de l&rsquo;entra\u00eenement de pr\u00e9-saison. [&hellip;]\" \/>\n<meta property=\"og:url\" content=\"https:\/\/oeilsportif.info\/index.php\/as-roma-le-guineen-amadou-diawara-exclu-de-la-pre-saison\/\" \/>\n<meta property=\"og:site_name\" content=\"le regard du sportif\" \/>\n<meta property=\"article:published_time\" content=\"2022-06-20T20:36:14+00:00\" \/>\n<meta property=\"og:image\" content=\"https:\/\/oeilsportif.info\/wp-content\/uploads\/2022\/06\/received_1116969195549763.jpeg\" \/>\n\t<meta property=\"og:image:width\" content=\"720\" \/>\n\t<meta property=\"og:image:height\" content=\"480\" \/>\n\t<meta property=\"og:image:type\" content=\"image\/jpeg\" \/>\n<meta name=\"author\" content=\"L&#039;Equipe de la R\u00e9daction\" \/>\n<meta name=\"twitter:label1\" content=\"\u00c9crit par\" \/>\n\t<meta name=\"twitter:data1\" content=\"L&#039;Equipe de la R\u00e9daction\" \/>\n\t<meta name=\"twitter:label2\" content=\"Dur\u00e9e de lecture estim\u00e9e\" \/>\n\t<meta name=\"twitter:data2\" content=\"1 minute\" \/>\n<script type=\"application\/ld+json\" class=\"yoast-schema-graph\">{\"@context\":\"https:\\\/\\\/schema.org\",\"@graph\":[{\"@type\":\"Article\",\"@id\":\"https:\\\/\\\/oeilsportif.info\\\/index.php\\\/as-roma-le-guineen-amadou-diawara-exclu-de-la-pre-saison\\\/#article\",\"isPartOf\":{\"@id\":\"https:\\\/\\\/oeilsportif.info\\\/index.php\\\/as-roma-le-guineen-amadou-diawara-exclu-de-la-pre-saison\\\/\"},\"author\":{\"name\":\"L'Equipe de la R\u00e9daction\",\"@id\":\"https:\\\/\\\/oeilsportif.info\\\/#\\\/schema\\\/person\\\/cfbded294aa6095f7d96608d7905e9a1\"},\"headline\":\"AS Roma : le guin\u00e9en Amadou Diawara exclu de la pr\u00e9-saison !\",\"datePublished\":\"2022-06-20T20:36:14+00:00\",\"mainEntityOfPage\":{\"@id\":\"https:\\\/\\\/oeilsportif.info\\\/index.php\\\/as-roma-le-guineen-amadou-diawara-exclu-de-la-pre-saison\\\/\"},\"wordCount\":135,\"image\":{\"@id\":\"https:\\\/\\\/oeilsportif.info\\\/index.php\\\/as-roma-le-guineen-amadou-diawara-exclu-de-la-pre-saison\\\/#primaryimage\"},\"thumbnailUrl\":\"https:\\\/\\\/i0.wp.com\\\/oeilsportif.info\\\/wp-content\\\/uploads\\\/2022\\\/06\\\/received_1116969195549763.jpeg?fit=720%2C480&ssl=1\",\"articleSection\":[\"Football\"],\"inLanguage\":\"fr-FR\"},{\"@type\":\"WebPage\",\"@id\":\"https:\\\/\\\/oeilsportif.info\\\/index.php\\\/as-roma-le-guineen-amadou-diawara-exclu-de-la-pre-saison\\\/\",\"url\":\"https:\\\/\\\/oeilsportif.info\\\/index.php\\\/as-roma-le-guineen-amadou-diawara-exclu-de-la-pre-saison\\\/\",\"name\":\"AS Roma : le guin\u00e9en Amadou Diawara exclu de la pr\u00e9-saison ! - le regard du sportif\",\"isPartOf\":{\"@id\":\"https:\\\/\\\/oeilsportif.info\\\/#website\"},\"primaryImageOfPage\":{\"@id\":\"https:\\\/\\\/oeilsportif.info\\\/index.php\\\/as-roma-le-guineen-amadou-diawara-exclu-de-la-pre-saison\\\/#primaryimage\"},\"image\":{\"@id\":\"https:\\\/\\\/oeilsportif.info\\\/index.php\\\/as-roma-le-guineen-amadou-diawara-exclu-de-la-pre-saison\\\/#primaryimage\"},\"thumbnailUrl\":\"https:\\\/\\\/i0.wp.com\\\/oeilsportif.info\\\/wp-content\\\/uploads\\\/2022\\\/06\\\/received_1116969195549763.jpeg?fit=720%2C480&ssl=1\",\"datePublished\":\"2022-06-20T20:36:14+00:00\",\"author\":{\"@id\":\"https:\\\/\\\/oeilsportif.info\\\/#\\\/schema\\\/person\\\/cfbded294aa6095f7d96608d7905e9a1\"},\"inLanguage\":\"fr-FR\",\"potentialAction\":[{\"@type\":\"ReadAction\",\"target\":[\"https:\\\/\\\/oeilsportif.info\\\/index.php\\\/as-roma-le-guineen-amadou-diawara-exclu-de-la-pre-saison\\\/\"]}]},{\"@type\":\"ImageObject\",\"inLanguage\":\"fr-FR\",\"@id\":\"https:\\\/\\\/oeilsportif.info\\\/index.php\\\/as-roma-le-guineen-amadou-diawara-exclu-de-la-pre-saison\\\/#primaryimage\",\"url\":\"https:\\\/\\\/i0.wp.com\\\/oeilsportif.info\\\/wp-content\\\/uploads\\\/2022\\\/06\\\/received_1116969195549763.jpeg?fit=720%2C480&ssl=1\",\"contentUrl\":\"https:\\\/\\\/i0.wp.com\\\/oeilsportif.info\\\/wp-content\\\/uploads\\\/2022\\\/06\\\/received_1116969195549763.jpeg?fit=720%2C480&ssl=1\",\"width\":720,\"height\":480},{\"@type\":\"WebSite\",\"@id\":\"https:\\\/\\\/oeilsportif.info\\\/#website\",\"url\":\"https:\\\/\\\/oeilsportif.info\\\/\",\"name\":\"le regard du sportif\",\"description\":\"\",\"potentialAction\":[{\"@type\":\"SearchAction\",\"target\":{\"@type\":\"EntryPoint\",\"urlTemplate\":\"https:\\\/\\\/oeilsportif.info\\\/?s={search_term_string}\"},\"query-input\":{\"@type\":\"PropertyValueSpecification\",\"valueRequired\":true,\"valueName\":\"search_term_string\"}}],\"inLanguage\":\"fr-FR\"},{\"@type\":\"Person\",\"@id\":\"https:\\\/\\\/oeilsportif.info\\\/#\\\/schema\\\/person\\\/cfbded294aa6095f7d96608d7905e9a1\",\"name\":\"L'Equipe de la R\u00e9daction\",\"image\":{\"@type\":\"ImageObject\",\"inLanguage\":\"fr-FR\",\"@id\":\"https:\\\/\\\/oeilsportif.info\\\/wp-content\\\/uploads\\\/2025\\\/07\\\/cropped-cropped-logo-os-96x96.jpeg\",\"url\":\"https:\\\/\\\/oeilsportif.info\\\/wp-content\\\/uploads\\\/2025\\\/07\\\/cropped-cropped-logo-os-96x96.jpeg\",\"contentUrl\":\"https:\\\/\\\/oeilsportif.info\\\/wp-content\\\/uploads\\\/2025\\\/07\\\/cropped-cropped-logo-os-96x96.jpeg\",\"caption\":\"L'Equipe de la R\u00e9daction\"},\"url\":\"https:\\\/\\\/oeilsportif.info\\\/index.php\\\/author\\\/tawel\\\/\"}]}<\/script>\n<!-- \/ Yoast SEO plugin. -->","yoast_head_json":{"title":"AS Roma : le guin\u00e9en Amadou Diawara exclu de la pr\u00e9-saison ! - le regard du sportif","robots":{"index":"index","follow":"follow","max-snippet":"max-snippet:-1","max-image-preview":"max-image-preview:large","max-video-preview":"max-video-preview:-1"},"canonical":"https:\/\/oeilsportif.info\/index.php\/as-roma-le-guineen-amadou-diawara-exclu-de-la-pre-saison\/","og_locale":"fr_FR","og_type":"article","og_title":"AS Roma : le guin\u00e9en Amadou Diawara exclu de la pr\u00e9-saison ! - le regard du sportif","og_description":"Le milieu de terrain de la Roma Amadou Diawara a \u00e9t\u00e9 conseill\u00e9 par le club de la capitale de se trouver une nouvelle \u00e9quipe apr\u00e8s que le joueur ait rejet\u00e9 plusieurs offres plus t\u00f4t en janvier. Le Corriere dello Sport rapporte que les Giallorossi, dirig\u00e9s par Jos\u00e9 Mourinho, pr\u00e9voient d&rsquo;exclure Diawara de l&rsquo;entra\u00eenement de pr\u00e9-saison. [&hellip;]","og_url":"https:\/\/oeilsportif.info\/index.php\/as-roma-le-guineen-amadou-diawara-exclu-de-la-pre-saison\/","og_site_name":"le regard du sportif","article_published_time":"2022-06-20T20:36:14+00:00","og_image":[{"width":720,"height":480,"url":"https:\/\/oeilsportif.info\/wp-content\/uploads\/2022\/06\/received_1116969195549763.jpeg","type":"image\/jpeg"}],"author":"L'Equipe de la R\u00e9daction","twitter_misc":{"\u00c9crit par":"L'Equipe de la R\u00e9daction","Dur\u00e9e de lecture estim\u00e9e":"1 minute"},"schema":{"@context":"https:\/\/schema.org","@graph":[{"@type":"Article","@id":"https:\/\/oeilsportif.info\/index.php\/as-roma-le-guineen-amadou-diawara-exclu-de-la-pre-saison\/#article","isPartOf":{"@id":"https:\/\/oeilsportif.info\/index.php\/as-roma-le-guineen-amadou-diawara-exclu-de-la-pre-saison\/"},"author":{"name":"L'Equipe de la R\u00e9daction","@id":"https:\/\/oeilsportif.info\/#\/schema\/person\/cfbded294aa6095f7d96608d7905e9a1"},"headline":"AS Roma : le guin\u00e9en Amadou Diawara exclu de la pr\u00e9-saison !","datePublished":"2022-06-20T20:36:14+00:00","mainEntityOfPage":{"@id":"https:\/\/oeilsportif.info\/index.php\/as-roma-le-guineen-amadou-diawara-exclu-de-la-pre-saison\/"},"wordCount":135,"image":{"@id":"https:\/\/oeilsportif.info\/index.php\/as-roma-le-guineen-amadou-diawara-exclu-de-la-pre-saison\/#primaryimage"},"thumbnailUrl":"https:\/\/i0.wp.com\/oeilsportif.info\/wp-content\/uploads\/2022\/06\/received_1116969195549763.jpeg?fit=720%2C480&ssl=1","articleSection":["Football"],"inLanguage":"fr-FR"},{"@type":"WebPage","@id":"https:\/\/oeilsportif.info\/index.php\/as-roma-le-guineen-amadou-diawara-exclu-de-la-pre-saison\/","url":"https:\/\/oeilsportif.info\/index.php\/as-roma-le-guineen-amadou-diawara-exclu-de-la-pre-saison\/","name":"AS Roma : le guin\u00e9en Amadou Diawara exclu de la pr\u00e9-saison ! - le regard du sportif","isPartOf":{"@id":"https:\/\/oeilsportif.info\/#website"},"primaryImageOfPage":{"@id":"https:\/\/oeilsportif.info\/index.php\/as-roma-le-guineen-amadou-diawara-exclu-de-la-pre-saison\/#primaryimage"},"image":{"@id":"https:\/\/oeilsportif.info\/index.php\/as-roma-le-guineen-amadou-diawara-exclu-de-la-pre-saison\/#primaryimage"},"thumbnailUrl":"https:\/\/i0.wp.com\/oeilsportif.info\/wp-content\/uploads\/2022\/06\/received_1116969195549763.jpeg?fit=720%2C480&ssl=1","datePublished":"2022-06-20T20:36:14+00:00","author":{"@id":"https:\/\/oeilsportif.info\/#\/schema\/person\/cfbded294aa6095f7d96608d7905e9a1"},"inLanguage":"fr-FR","potentialAction":[{"@type":"ReadAction","target":["https:\/\/oeilsportif.info\/index.php\/as-roma-le-guineen-amadou-diawara-exclu-de-la-pre-saison\/"]}]},{"@type":"ImageObject","inLanguage":"fr-FR","@id":"https:\/\/oeilsportif.info\/index.php\/as-roma-le-guineen-amadou-diawara-exclu-de-la-pre-saison\/#primaryimage","url":"https:\/\/i0.wp.com\/oeilsportif.info\/wp-content\/uploads\/2022\/06\/received_1116969195549763.jpeg?fit=720%2C480&ssl=1","contentUrl":"https:\/\/i0.wp.com\/oeilsportif.info\/wp-content\/uploads\/2022\/06\/received_1116969195549763.jpeg?fit=720%2C480&ssl=1","width":720,"height":480},{"@type":"WebSite","@id":"https:\/\/oeilsportif.info\/#website","url":"https:\/\/oeilsportif.info\/","name":"le regard du sportif","description":"","potentialAction":[{"@type":"SearchAction","target":{"@type":"EntryPoint","urlTemplate":"https:\/\/oeilsportif.info\/?s={search_term_string}"},"query-input":{"@type":"PropertyValueSpecification","valueRequired":true,"valueName":"search_term_string"}}],"inLanguage":"fr-FR"},{"@type":"Person","@id":"https:\/\/oeilsportif.info\/#\/schema\/person\/cfbded294aa6095f7d96608d7905e9a1","name":"L'Equipe de la R\u00e9daction","image":{"@type":"ImageObject","inLanguage":"fr-FR","@id":"https:\/\/oeilsportif.info\/wp-content\/uploads\/2025\/07\/cropped-cropped-logo-os-96x96.jpeg","url":"https:\/\/oeilsportif.info\/wp-content\/uploads\/2025\/07\/cropped-cropped-logo-os-96x96.jpeg","contentUrl":"https:\/\/oeilsportif.info\/wp-content\/uploads\/2025\/07\/cropped-cropped-logo-os-96x96.jpeg","caption":"L'Equipe de la R\u00e9daction"},"url":"https:\/\/oeilsportif.info\/index.php\/author\/tawel\/"}]}},"jetpack_publicize_connections":[],"jetpack_featured_media_url":"https:\/\/i0.wp.com\/oeilsportif.info\/wp-content\/uploads\/2022\/06\/received_1116969195549763.jpeg?fit=720%2C480&ssl=1","jetpack-related-posts":[],"jetpack_sharing_enabled":true,"jetpack_likes_enabled":true,"jetpack_shortlink":"https:\/\/wp.me\/pgFE77-gx","_links":{"self":[{"href":"https:\/\/oeilsportif.info\/index.php\/wp-json\/wp\/v2\/posts\/1025","targetHints":{"allow":["GET"]}}],"collection":[{"href":"https:\/\/oeilsportif.info\/index.php\/wp-json\/wp\/v2\/posts"}],"about":[{"href":"https:\/\/oeilsportif.info\/index.php\/wp-json\/wp\/v2\/types\/post"}],"author":[{"embeddable":true,"href":"https:\/\/oeilsportif.info\/index.php\/wp-json\/wp\/v2\/users\/2"}],"replies":[{"embeddable":true,"href":"https:\/\/oeilsportif.info\/index.php\/wp-json\/wp\/v2\/comments?post=1025"}],"version-history":[{"count":0,"href":"https:\/\/oeilsportif.info\/index.php\/wp-json\/wp\/v2\/posts\/1025\/revisions"}],"wp:featuredmedia":[{"embeddable":true,"href":"https:\/\/oeilsportif.info\/index.php\/wp-json\/wp\/v2\/media\/1026"}],"wp:attachment":[{"href":"https:\/\/oeilsportif.info\/index.php\/wp-json\/wp\/v2\/media?parent=1025"}],"wp:term":[{"taxonomy":"category","embeddable":true,"href":"https:\/\/oeilsportif.info\/index.php\/wp-json\/wp\/v2\/categories?post=1025"},{"taxonomy":"post_tag","embeddable":true,"href":"https:\/\/oeilsportif.info\/index.php\/wp-json\/wp\/v2\/tags?post=1025"}],"curies":[{"name":"wp","href":"https:\/\/api.w.org\/{rel}","templated":true}]}}